{"id":3612,"date":"2011-06-06T16:26:00","date_gmt":"2011-06-06T16:26:00","guid":{"rendered":"https:\/\/www.oidossucios.com\/site\/2011\/06\/06\/moby-ligeramente-electrocutado-en-un-show-acustico\/"},"modified":"2011-06-06T16:26:00","modified_gmt":"2011-06-06T16:26:00","slug":"moby-ligeramente-electrocutado-en-un-show-acustico","status":"publish","type":"post","link":"https:\/\/www.oidossucios.com\/site\/moby-ligeramente-electrocutado-en-un-show-acustico\/","title":{"rendered":"Moby &#8220;ligeramente electrocutado&#8221; en un show ac\u00fastico"},"content":{"rendered":"\n<p>Moby tiene una an\u00e9cdota m\u00e1s para contar. Durante un show en Amsterdam, Holanda, el cantante se &#8220;electrocut\u00f3 ligeramente&#8221;.<\/p>\n<p>&#8220;S\u00ed, me electrocut\u00e9 ligeramente durante un show ac\u00fastico en la galer\u00eda r\u00e9flex en Amsterdam&#8221; Moby escribi\u00f3 en su sitio. &#8220;Pero me siento bien ahora. Tal vez obtuve una terapia de electro shock sin querer. Gracias por su inter\u00e9s&#8221;, a\u00f1adi\u00f3.<\/p>\n<p>Moby se encuentra de gira para promocionar su \u00e1lbum &#8220;Destroyed&#8221; as\u00ed como su exhibici\u00f3n de fotograf\u00eda que coincide con el lanzamiento de su libro con el mismo nombre.<\/p>\n<p><\/p>\n<p>A continuaci\u00f3n un video de la presentaci\u00f3n (no incluye el incidente, morbosos):<\/p>\n<p><\/p>\n<p><iframe loading=\"lazy\" width=\"640\" height=\"390\" frameborder=\"0\" allowfullscreen=\"\" src=\"http:\/\/www.youtube.com\/embed\/BHPxyNQ8VB0?rel=0\"><\/iframe><\/p>\n<p>&nbsp;<\/p>\n<p>Fuente: www.warp.la<\/p>\n","protected":false},"excerpt":{"rendered":"<p>Moby tiene una an\u00e9cdota m\u00e1s para contar. Durante un show en Amsterdam, Holanda, el cantante se &#8220;electrocut\u00f3 ligeramente&#8221;. &#8220;S\u00ed, me electrocut\u00e9 ligeramente durante un show ac\u00fastico en la galer\u00eda r\u00e9flex en Amsterdam&#8221; Moby escribi\u00f3 en su sitio. &#8220;Pero me siento bien ahora. Tal vez obtuve una terapia de electro shock sin querer. Gracias por su [&hellip;]<\/p>\n","protected":false},"author":4,"featured_media":100003612,"comment_status":"open","ping_status":"open","sticky":false,"template":"","format":"standard","meta":{"_jetpack_memberships_contains_paid_content":false,"footnotes":""},"categories":[142],"tags":[],"class_list":["post-3612","post","type-post","status-publish","format-standard","has-post-thumbnail","hentry","category-buzznews"],"jetpack_featured_media_url":"https:\/\/www.oidossucios.com\/site\/wp-content\/uploads\/2011\/06\/3612.jpg","yoast_head":"<!-- This site is optimized with the Yoast SEO plugin v14.0.4 - https:\/\/yoast.com\/wordpress\/plugins\/seo\/ -->\n<title>Moby &quot;ligeramente electrocutado&quot; en un show ac\u00fastico - OidosSucios.Com<\/title>\n<meta name=\"robots\" content=\"index, follow\" \/>\n<meta name=\"googlebot\" content=\"index, follow, max-snippet:-1, max-image-preview:large, max-video-preview:-1\" \/>\n<meta name=\"bingbot\" content=\"index, follow, max-snippet:-1, max-image-preview:large, max-video-preview:-1\" \/>\n<link rel=\"canonical\" href=\"https:\/\/www.oidossucios.com\/site\/moby-ligeramente-electrocutado-en-un-show-acustico\/\" \/>\n<meta property=\"og:locale\" content=\"es_ES\" \/>\n<meta property=\"og:type\" content=\"article\" \/>\n<meta property=\"og:title\" content=\"Moby &quot;ligeramente electrocutado&quot; en un show ac\u00fastico - OidosSucios.Com\" \/>\n<meta property=\"og:description\" content=\"Moby tiene una an\u00e9cdota m\u00e1s para contar. Durante un show en Amsterdam, Holanda, el cantante se &#8220;electrocut\u00f3 ligeramente&#8221;. &#8220;S\u00ed, me electrocut\u00e9 ligeramente durante un show ac\u00fastico en la galer\u00eda r\u00e9flex en Amsterdam&#8221; Moby escribi\u00f3 en su sitio. &#8220;Pero me siento bien ahora. Tal vez obtuve una terapia de electro shock sin querer. Gracias por su [&hellip;]\" \/>\n<meta property=\"og:url\" content=\"https:\/\/www.oidossucios.com\/site\/moby-ligeramente-electrocutado-en-un-show-acustico\/\" \/>\n<meta property=\"og:site_name\" content=\"OidosSucios.Com\" \/>\n<meta property=\"article:published_time\" content=\"2011-06-06T16:26:00+00:00\" \/>\n<meta property=\"og:image\" content=\"https:\/\/www.oidossucios.com\/site\/wp-content\/uploads\/2011\/06\/3612.jpg\" \/>\n\t<meta property=\"og:image:width\" content=\"350\" \/>\n\t<meta property=\"og:image:height\" content=\"300\" \/>\n<meta name=\"twitter:card\" content=\"summary_large_image\" \/>\n<meta name=\"twitter:creator\" content=\"@oidossucios\" \/>\n<script type=\"application\/ld+json\" class=\"yoast-schema-graph\">{\"@context\":\"https:\/\/schema.org\",\"@graph\":[{\"@type\":\"WebSite\",\"@id\":\"https:\/\/www.oidossucios.com\/site\/#website\",\"url\":\"https:\/\/www.oidossucios.com\/site\/\",\"name\":\"OidosSucios.Com\",\"description\":\"M\\u00fasica, conciertos, discos\",\"potentialAction\":[{\"@type\":\"SearchAction\",\"target\":\"https:\/\/www.oidossucios.com\/site\/?s={search_term_string}\",\"query-input\":\"required name=search_term_string\"}],\"inLanguage\":\"es\"},{\"@type\":\"ImageObject\",\"@id\":\"https:\/\/www.oidossucios.com\/site\/moby-ligeramente-electrocutado-en-un-show-acustico\/#primaryimage\",\"inLanguage\":\"es\",\"url\":\"https:\/\/www.oidossucios.com\/site\/wp-content\/uploads\/2011\/06\/3612.jpg\",\"width\":350,\"height\":300},{\"@type\":\"WebPage\",\"@id\":\"https:\/\/www.oidossucios.com\/site\/moby-ligeramente-electrocutado-en-un-show-acustico\/#webpage\",\"url\":\"https:\/\/www.oidossucios.com\/site\/moby-ligeramente-electrocutado-en-un-show-acustico\/\",\"name\":\"Moby \\\"ligeramente electrocutado\\\" en un show ac\\u00fastico - OidosSucios.Com\",\"isPartOf\":{\"@id\":\"https:\/\/www.oidossucios.com\/site\/#website\"},\"primaryImageOfPage\":{\"@id\":\"https:\/\/www.oidossucios.com\/site\/moby-ligeramente-electrocutado-en-un-show-acustico\/#primaryimage\"},\"datePublished\":\"2011-06-06T16:26:00+00:00\",\"dateModified\":\"2011-06-06T16:26:00+00:00\",\"author\":{\"@id\":\"https:\/\/www.oidossucios.com\/site\/#\/schema\/person\/24559eeb76bf83a63296fb072393a688\"},\"inLanguage\":\"es\",\"potentialAction\":[{\"@type\":\"ReadAction\",\"target\":[\"https:\/\/www.oidossucios.com\/site\/moby-ligeramente-electrocutado-en-un-show-acustico\/\"]}]},{\"@type\":[\"Person\"],\"@id\":\"https:\/\/www.oidossucios.com\/site\/#\/schema\/person\/24559eeb76bf83a63296fb072393a688\",\"name\":\"Oidossucios\",\"image\":{\"@type\":\"ImageObject\",\"@id\":\"https:\/\/www.oidossucios.com\/site\/#personlogo\",\"inLanguage\":\"es\",\"url\":\"https:\/\/secure.gravatar.com\/avatar\/74fcb480f42f1a33e50a0b6e6369a3f907be2e43dc84fa5f76c66e9c22b4a5ab?s=96&d=mm&r=g\",\"caption\":\"Oidossucios\"},\"sameAs\":[\"https:\/\/twitter.com\/oidossucios\"]}]}<\/script>\n<!-- \/ Yoast SEO plugin. -->","jetpack_sharing_enabled":true,"_links":{"self":[{"href":"https:\/\/www.oidossucios.com\/site\/wp-json\/wp\/v2\/posts\/3612","targetHints":{"allow":["GET"]}}],"collection":[{"href":"https:\/\/www.oidossucios.com\/site\/wp-json\/wp\/v2\/posts"}],"about":[{"href":"https:\/\/www.oidossucios.com\/site\/wp-json\/wp\/v2\/types\/post"}],"author":[{"embeddable":true,"href":"https:\/\/www.oidossucios.com\/site\/wp-json\/wp\/v2\/users\/4"}],"replies":[{"embeddable":true,"href":"https:\/\/www.oidossucios.com\/site\/wp-json\/wp\/v2\/comments?post=3612"}],"version-history":[{"count":0,"href":"https:\/\/www.oidossucios.com\/site\/wp-json\/wp\/v2\/posts\/3612\/revisions"}],"wp:featuredmedia":[{"embeddable":true,"href":"https:\/\/www.oidossucios.com\/site\/wp-json\/wp\/v2\/media\/100003612"}],"wp:attachment":[{"href":"https:\/\/www.oidossucios.com\/site\/wp-json\/wp\/v2\/media?parent=3612"}],"wp:term":[{"taxonomy":"category","embeddable":true,"href":"https:\/\/www.oidossucios.com\/site\/wp-json\/wp\/v2\/categories?post=3612"},{"taxonomy":"post_tag","embeddable":true,"href":"https:\/\/www.oidossucios.com\/site\/wp-json\/wp\/v2\/tags?post=3612"}],"curies":[{"name":"wp","href":"https:\/\/api.w.org\/{rel}","templated":true}]}}