{"id":3622,"date":"2011-06-08T17:10:00","date_gmt":"2011-06-08T17:10:00","guid":{"rendered":"https:\/\/www.oidossucios.com\/site\/2011\/06\/08\/el-actor-james-franco-127-horas-lanzara-un-ep-como-solista-en-julio\/"},"modified":"2011-06-08T17:10:00","modified_gmt":"2011-06-08T17:10:00","slug":"el-actor-james-franco-127-horas-lanzara-un-ep-como-solista-en-julio","status":"publish","type":"post","link":"https:\/\/www.oidossucios.com\/site\/el-actor-james-franco-127-horas-lanzara-un-ep-como-solista-en-julio\/","title":{"rendered":"El actor James Franco (127 horas) lanzar\u00e1 un EP como solista en julio"},"content":{"rendered":"\n<p>Luego del \u00e9xito que logr\u00f3 en su reciente cinta&nbsp;<i>127 Hours<\/i>, James Franco se prepara para el lanzamiento de un EP.&nbsp;<\/p>\n<p>El artista colabor\u00f3 con Kalup Linzy, artista que se dedica a los performances, y juntos lanzar\u00e1n este material. La idea surgi\u00f3 cuando Franco invit\u00f3 a Linzy al set de la telenovela estadounidense, General Hospital, en donde el actor participaba, y desde entonces han cantado covers estilo cabaret.&nbsp;<\/p>\n<p>El EP se titular\u00e1 <i>Turn It Up<\/i> y tiene dos canciones &#8220;Rising (Both Sides Now)&#8221; y &#8220;Turn It Up (So We Can Turn It Out)&#8221;, que fueron producidas por Matt Shadetek. Estar\u00e1 disponible como descarga digital y vinil a partir del 12 de julio.&nbsp;<\/p>\n<p>&nbsp;<\/p>\n<p>Fuente: www.rollingstone.com.mx<\/p>\n","protected":false},"excerpt":{"rendered":"<p>Luego del \u00e9xito que logr\u00f3 en su reciente cinta&nbsp;127 Hours, James Franco se prepara para el lanzamiento de un EP.&nbsp; El artista colabor\u00f3 con Kalup Linzy, artista que se dedica a los performances, y juntos lanzar\u00e1n este material. La idea surgi\u00f3 cuando Franco invit\u00f3 a Linzy al set de la telenovela estadounidense, General Hospital, en [&hellip;]<\/p>\n","protected":false},"author":4,"featured_media":100003622,"comment_status":"open","ping_status":"open","sticky":false,"template":"","format":"standard","meta":{"_jetpack_memberships_contains_paid_content":false,"footnotes":""},"categories":[142],"tags":[],"class_list":["post-3622","post","type-post","status-publish","format-standard","has-post-thumbnail","hentry","category-buzznews"],"jetpack_featured_media_url":"https:\/\/www.oidossucios.com\/site\/wp-content\/uploads\/2011\/06\/3622.jpg","yoast_head":"<!-- This site is optimized with the Yoast SEO plugin v14.0.4 - https:\/\/yoast.com\/wordpress\/plugins\/seo\/ -->\n<title>El actor James Franco (127 horas) lanzar\u00e1 un EP como solista en julio - OidosSucios.Com<\/title>\n<meta name=\"robots\" content=\"index, follow\" \/>\n<meta name=\"googlebot\" content=\"index, follow, max-snippet:-1, max-image-preview:large, max-video-preview:-1\" \/>\n<meta name=\"bingbot\" content=\"index, follow, max-snippet:-1, max-image-preview:large, max-video-preview:-1\" \/>\n<link rel=\"canonical\" href=\"https:\/\/www.oidossucios.com\/site\/el-actor-james-franco-127-horas-lanzara-un-ep-como-solista-en-julio\/\" \/>\n<meta property=\"og:locale\" content=\"es_ES\" \/>\n<meta property=\"og:type\" content=\"article\" \/>\n<meta property=\"og:title\" content=\"El actor James Franco (127 horas) lanzar\u00e1 un EP como solista en julio - OidosSucios.Com\" \/>\n<meta property=\"og:description\" content=\"Luego del \u00e9xito que logr\u00f3 en su reciente cinta&nbsp;127 Hours, James Franco se prepara para el lanzamiento de un EP.&nbsp; El artista colabor\u00f3 con Kalup Linzy, artista que se dedica a los performances, y juntos lanzar\u00e1n este material. La idea surgi\u00f3 cuando Franco invit\u00f3 a Linzy al set de la telenovela estadounidense, General Hospital, en [&hellip;]\" \/>\n<meta property=\"og:url\" content=\"https:\/\/www.oidossucios.com\/site\/el-actor-james-franco-127-horas-lanzara-un-ep-como-solista-en-julio\/\" \/>\n<meta property=\"og:site_name\" content=\"OidosSucios.Com\" \/>\n<meta property=\"article:published_time\" content=\"2011-06-08T17:10:00+00:00\" \/>\n<meta property=\"og:image\" content=\"https:\/\/www.oidossucios.com\/site\/wp-content\/uploads\/2011\/06\/3622.jpg\" \/>\n\t<meta property=\"og:image:width\" content=\"350\" \/>\n\t<meta property=\"og:image:height\" content=\"300\" \/>\n<meta name=\"twitter:card\" content=\"summary_large_image\" \/>\n<meta name=\"twitter:creator\" content=\"@oidossucios\" \/>\n<script type=\"application\/ld+json\" class=\"yoast-schema-graph\">{\"@context\":\"https:\/\/schema.org\",\"@graph\":[{\"@type\":\"WebSite\",\"@id\":\"https:\/\/www.oidossucios.com\/site\/#website\",\"url\":\"https:\/\/www.oidossucios.com\/site\/\",\"name\":\"OidosSucios.Com\",\"description\":\"M\\u00fasica, conciertos, discos\",\"potentialAction\":[{\"@type\":\"SearchAction\",\"target\":\"https:\/\/www.oidossucios.com\/site\/?s={search_term_string}\",\"query-input\":\"required name=search_term_string\"}],\"inLanguage\":\"es\"},{\"@type\":\"ImageObject\",\"@id\":\"https:\/\/www.oidossucios.com\/site\/el-actor-james-franco-127-horas-lanzara-un-ep-como-solista-en-julio\/#primaryimage\",\"inLanguage\":\"es\",\"url\":\"https:\/\/www.oidossucios.com\/site\/wp-content\/uploads\/2011\/06\/3622.jpg\",\"width\":350,\"height\":300},{\"@type\":\"WebPage\",\"@id\":\"https:\/\/www.oidossucios.com\/site\/el-actor-james-franco-127-horas-lanzara-un-ep-como-solista-en-julio\/#webpage\",\"url\":\"https:\/\/www.oidossucios.com\/site\/el-actor-james-franco-127-horas-lanzara-un-ep-como-solista-en-julio\/\",\"name\":\"El actor James Franco (127 horas) lanzar\\u00e1 un EP como solista en julio - OidosSucios.Com\",\"isPartOf\":{\"@id\":\"https:\/\/www.oidossucios.com\/site\/#website\"},\"primaryImageOfPage\":{\"@id\":\"https:\/\/www.oidossucios.com\/site\/el-actor-james-franco-127-horas-lanzara-un-ep-como-solista-en-julio\/#primaryimage\"},\"datePublished\":\"2011-06-08T17:10:00+00:00\",\"dateModified\":\"2011-06-08T17:10:00+00:00\",\"author\":{\"@id\":\"https:\/\/www.oidossucios.com\/site\/#\/schema\/person\/24559eeb76bf83a63296fb072393a688\"},\"inLanguage\":\"es\",\"potentialAction\":[{\"@type\":\"ReadAction\",\"target\":[\"https:\/\/www.oidossucios.com\/site\/el-actor-james-franco-127-horas-lanzara-un-ep-como-solista-en-julio\/\"]}]},{\"@type\":[\"Person\"],\"@id\":\"https:\/\/www.oidossucios.com\/site\/#\/schema\/person\/24559eeb76bf83a63296fb072393a688\",\"name\":\"Oidossucios\",\"image\":{\"@type\":\"ImageObject\",\"@id\":\"https:\/\/www.oidossucios.com\/site\/#personlogo\",\"inLanguage\":\"es\",\"url\":\"https:\/\/secure.gravatar.com\/avatar\/74fcb480f42f1a33e50a0b6e6369a3f907be2e43dc84fa5f76c66e9c22b4a5ab?s=96&d=mm&r=g\",\"caption\":\"Oidossucios\"},\"sameAs\":[\"https:\/\/twitter.com\/oidossucios\"]}]}<\/script>\n<!-- \/ Yoast SEO plugin. -->","jetpack_sharing_enabled":true,"_links":{"self":[{"href":"https:\/\/www.oidossucios.com\/site\/wp-json\/wp\/v2\/posts\/3622","targetHints":{"allow":["GET"]}}],"collection":[{"href":"https:\/\/www.oidossucios.com\/site\/wp-json\/wp\/v2\/posts"}],"about":[{"href":"https:\/\/www.oidossucios.com\/site\/wp-json\/wp\/v2\/types\/post"}],"author":[{"embeddable":true,"href":"https:\/\/www.oidossucios.com\/site\/wp-json\/wp\/v2\/users\/4"}],"replies":[{"embeddable":true,"href":"https:\/\/www.oidossucios.com\/site\/wp-json\/wp\/v2\/comments?post=3622"}],"version-history":[{"count":0,"href":"https:\/\/www.oidossucios.com\/site\/wp-json\/wp\/v2\/posts\/3622\/revisions"}],"wp:featuredmedia":[{"embeddable":true,"href":"https:\/\/www.oidossucios.com\/site\/wp-json\/wp\/v2\/media\/100003622"}],"wp:attachment":[{"href":"https:\/\/www.oidossucios.com\/site\/wp-json\/wp\/v2\/media?parent=3622"}],"wp:term":[{"taxonomy":"category","embeddable":true,"href":"https:\/\/www.oidossucios.com\/site\/wp-json\/wp\/v2\/categories?post=3622"},{"taxonomy":"post_tag","embeddable":true,"href":"https:\/\/www.oidossucios.com\/site\/wp-json\/wp\/v2\/tags?post=3622"}],"curies":[{"name":"wp","href":"https:\/\/api.w.org\/{rel}","templated":true}]}}