{"id":3624,"date":"2011-06-08T17:45:00","date_gmt":"2011-06-08T17:45:00","guid":{"rendered":"https:\/\/www.oidossucios.com\/site\/2011\/06\/08\/gwen-stefani-para-su-carrera-como-solista-y-se-enfoca-en-no-doubt\/"},"modified":"2011-06-08T17:45:00","modified_gmt":"2011-06-08T17:45:00","slug":"gwen-stefani-para-su-carrera-como-solista-y-se-enfoca-en-no-doubt","status":"publish","type":"post","link":"https:\/\/www.oidossucios.com\/site\/gwen-stefani-para-su-carrera-como-solista-y-se-enfoca-en-no-doubt\/","title":{"rendered":"Gwen Stefani para su carrera como solista y se enfoca en No Doubt"},"content":{"rendered":"\n<p>Gwen Stefani anunci\u00f3 que cierra las posibilidades de seguir con su carrera como solista y enfocar\u00e1 su trabajo en No Doubt.<\/p>\n<p><\/p>\n<p>Revela que regresar\u00e1 permanentemente con la banda, en entrevista con la revista Entertainment Weekly: &#8220;Fue un momento en el tiempo. Se alarg\u00f3 m\u00e1s de lo que imaginamos, porque estuvo inspirado y lo tienes que hacer no importa el momento de tu vida\u0085 (Pero) todo funciona como deber\u00eda&#8221;.<\/p>\n<p><\/p>\n<p>Ahora se encuentra en el estudio con el guitarrista Tom Dumont, el bajista Tony Kanal y el baterista Adrian Young trabajando en nuevo material. El \u00faltimo disco de la banda fue &#8220;Rock Steady&#8221; en 2001.<\/p>\n<p><\/p>\n<p>Stefani lanz\u00f3 dos exitosos \u00e1lbumes como solista, mientras No Doubt tomaba un descanso, &#8220;Love Angel Music Baby&#8221; y &#8220;The Sweet Escape&#8221;.<\/p>\n<p><\/p>\n<p>Fuente: www.warp.la<\/p>\n","protected":false},"excerpt":{"rendered":"<p>Gwen Stefani anunci\u00f3 que cierra las posibilidades de seguir con su carrera como solista y enfocar\u00e1 su trabajo en No Doubt. Revela que regresar\u00e1 permanentemente con la banda, en entrevista con la revista Entertainment Weekly: &#8220;Fue un momento en el tiempo. Se alarg\u00f3 m\u00e1s de lo que imaginamos, porque estuvo inspirado y lo tienes que [&hellip;]<\/p>\n","protected":false},"author":4,"featured_media":100003624,"comment_status":"open","ping_status":"open","sticky":false,"template":"","format":"standard","meta":{"_jetpack_memberships_contains_paid_content":false,"footnotes":""},"categories":[142],"tags":[],"class_list":["post-3624","post","type-post","status-publish","format-standard","has-post-thumbnail","hentry","category-buzznews"],"jetpack_featured_media_url":"https:\/\/www.oidossucios.com\/site\/wp-content\/uploads\/2011\/06\/3624.jpg","yoast_head":"<!-- This site is optimized with the Yoast SEO plugin v14.0.4 - https:\/\/yoast.com\/wordpress\/plugins\/seo\/ -->\n<title>Gwen Stefani para su carrera como solista y se enfoca en No Doubt - OidosSucios.Com<\/title>\n<meta name=\"robots\" content=\"index, follow\" \/>\n<meta name=\"googlebot\" content=\"index, follow, max-snippet:-1, max-image-preview:large, max-video-preview:-1\" \/>\n<meta name=\"bingbot\" content=\"index, follow, max-snippet:-1, max-image-preview:large, max-video-preview:-1\" \/>\n<link rel=\"canonical\" href=\"https:\/\/www.oidossucios.com\/site\/gwen-stefani-para-su-carrera-como-solista-y-se-enfoca-en-no-doubt\/\" \/>\n<meta property=\"og:locale\" content=\"es_ES\" \/>\n<meta property=\"og:type\" content=\"article\" \/>\n<meta property=\"og:title\" content=\"Gwen Stefani para su carrera como solista y se enfoca en No Doubt - OidosSucios.Com\" \/>\n<meta property=\"og:description\" content=\"Gwen Stefani anunci\u00f3 que cierra las posibilidades de seguir con su carrera como solista y enfocar\u00e1 su trabajo en No Doubt. Revela que regresar\u00e1 permanentemente con la banda, en entrevista con la revista Entertainment Weekly: &#8220;Fue un momento en el tiempo. Se alarg\u00f3 m\u00e1s de lo que imaginamos, porque estuvo inspirado y lo tienes que [&hellip;]\" \/>\n<meta property=\"og:url\" content=\"https:\/\/www.oidossucios.com\/site\/gwen-stefani-para-su-carrera-como-solista-y-se-enfoca-en-no-doubt\/\" \/>\n<meta property=\"og:site_name\" content=\"OidosSucios.Com\" \/>\n<meta property=\"article:published_time\" content=\"2011-06-08T17:45:00+00:00\" \/>\n<meta property=\"og:image\" content=\"https:\/\/www.oidossucios.com\/site\/wp-content\/uploads\/2011\/06\/3624.jpg\" \/>\n\t<meta property=\"og:image:width\" content=\"350\" \/>\n\t<meta property=\"og:image:height\" content=\"300\" \/>\n<meta name=\"twitter:card\" content=\"summary_large_image\" \/>\n<meta name=\"twitter:creator\" content=\"@oidossucios\" \/>\n<script type=\"application\/ld+json\" class=\"yoast-schema-graph\">{\"@context\":\"https:\/\/schema.org\",\"@graph\":[{\"@type\":\"WebSite\",\"@id\":\"https:\/\/www.oidossucios.com\/site\/#website\",\"url\":\"https:\/\/www.oidossucios.com\/site\/\",\"name\":\"OidosSucios.Com\",\"description\":\"M\\u00fasica, conciertos, discos\",\"potentialAction\":[{\"@type\":\"SearchAction\",\"target\":\"https:\/\/www.oidossucios.com\/site\/?s={search_term_string}\",\"query-input\":\"required name=search_term_string\"}],\"inLanguage\":\"es\"},{\"@type\":\"ImageObject\",\"@id\":\"https:\/\/www.oidossucios.com\/site\/gwen-stefani-para-su-carrera-como-solista-y-se-enfoca-en-no-doubt\/#primaryimage\",\"inLanguage\":\"es\",\"url\":\"https:\/\/www.oidossucios.com\/site\/wp-content\/uploads\/2011\/06\/3624.jpg\",\"width\":350,\"height\":300},{\"@type\":\"WebPage\",\"@id\":\"https:\/\/www.oidossucios.com\/site\/gwen-stefani-para-su-carrera-como-solista-y-se-enfoca-en-no-doubt\/#webpage\",\"url\":\"https:\/\/www.oidossucios.com\/site\/gwen-stefani-para-su-carrera-como-solista-y-se-enfoca-en-no-doubt\/\",\"name\":\"Gwen Stefani para su carrera como solista y se enfoca en No Doubt - OidosSucios.Com\",\"isPartOf\":{\"@id\":\"https:\/\/www.oidossucios.com\/site\/#website\"},\"primaryImageOfPage\":{\"@id\":\"https:\/\/www.oidossucios.com\/site\/gwen-stefani-para-su-carrera-como-solista-y-se-enfoca-en-no-doubt\/#primaryimage\"},\"datePublished\":\"2011-06-08T17:45:00+00:00\",\"dateModified\":\"2011-06-08T17:45:00+00:00\",\"author\":{\"@id\":\"https:\/\/www.oidossucios.com\/site\/#\/schema\/person\/24559eeb76bf83a63296fb072393a688\"},\"inLanguage\":\"es\",\"potentialAction\":[{\"@type\":\"ReadAction\",\"target\":[\"https:\/\/www.oidossucios.com\/site\/gwen-stefani-para-su-carrera-como-solista-y-se-enfoca-en-no-doubt\/\"]}]},{\"@type\":[\"Person\"],\"@id\":\"https:\/\/www.oidossucios.com\/site\/#\/schema\/person\/24559eeb76bf83a63296fb072393a688\",\"name\":\"Oidossucios\",\"image\":{\"@type\":\"ImageObject\",\"@id\":\"https:\/\/www.oidossucios.com\/site\/#personlogo\",\"inLanguage\":\"es\",\"url\":\"https:\/\/secure.gravatar.com\/avatar\/74fcb480f42f1a33e50a0b6e6369a3f907be2e43dc84fa5f76c66e9c22b4a5ab?s=96&d=mm&r=g\",\"caption\":\"Oidossucios\"},\"sameAs\":[\"https:\/\/twitter.com\/oidossucios\"]}]}<\/script>\n<!-- \/ Yoast SEO plugin. -->","jetpack_sharing_enabled":true,"_links":{"self":[{"href":"https:\/\/www.oidossucios.com\/site\/wp-json\/wp\/v2\/posts\/3624","targetHints":{"allow":["GET"]}}],"collection":[{"href":"https:\/\/www.oidossucios.com\/site\/wp-json\/wp\/v2\/posts"}],"about":[{"href":"https:\/\/www.oidossucios.com\/site\/wp-json\/wp\/v2\/types\/post"}],"author":[{"embeddable":true,"href":"https:\/\/www.oidossucios.com\/site\/wp-json\/wp\/v2\/users\/4"}],"replies":[{"embeddable":true,"href":"https:\/\/www.oidossucios.com\/site\/wp-json\/wp\/v2\/comments?post=3624"}],"version-history":[{"count":0,"href":"https:\/\/www.oidossucios.com\/site\/wp-json\/wp\/v2\/posts\/3624\/revisions"}],"wp:featuredmedia":[{"embeddable":true,"href":"https:\/\/www.oidossucios.com\/site\/wp-json\/wp\/v2\/media\/100003624"}],"wp:attachment":[{"href":"https:\/\/www.oidossucios.com\/site\/wp-json\/wp\/v2\/media?parent=3624"}],"wp:term":[{"taxonomy":"category","embeddable":true,"href":"https:\/\/www.oidossucios.com\/site\/wp-json\/wp\/v2\/categories?post=3624"},{"taxonomy":"post_tag","embeddable":true,"href":"https:\/\/www.oidossucios.com\/site\/wp-json\/wp\/v2\/tags?post=3624"}],"curies":[{"name":"wp","href":"https:\/\/api.w.org\/{rel}","templated":true}]}}