{"id":3629,"date":"2011-06-09T05:29:00","date_gmt":"2011-06-09T05:29:00","guid":{"rendered":"https:\/\/www.oidossucios.com\/site\/2011\/06\/09\/videos-eminem-demanda-a-audi\/"},"modified":"2011-06-09T05:29:00","modified_gmt":"2011-06-09T05:29:00","slug":"videos-eminem-demanda-a-audi","status":"publish","type":"post","link":"https:\/\/www.oidossucios.com\/site\/videos-eminem-demanda-a-audi\/","title":{"rendered":"VIDEOS: Eminem demanda a Audi"},"content":{"rendered":"\n<p>Eminem demand\u00f3 a la automotriz, Audi, debido a que su nuevo anuncio publicitario contiene una melod\u00eda similar a la de su tema &#8220;Lose Yourself&#8221;.&nbsp;<\/p>\n<p>Medios alemanes informaron que el rapero emprendi\u00f3 acciones legales en contra de dicha empresa por incluir la melod\u00eda en el nuevo comercial del A6 Avant. De hecho, parte de la controversia radica en que Eminem actualmente es protagonista de una campa\u00f1a publicitaria de Chrysler en Estados Unidos, en donde precisamente usan su canci\u00f3n &#8220;Lose Yourself&#8221;.&nbsp;<\/p>\n<p>Joe Martin, gerente de la productora de Eminem, Eight Mile Style, dijo que &#8220;es extraordinario el parecido con la canci\u00f3n usada por Chrysler. Cuando lo vimos pensamos que era una broma&#8221;.&nbsp;<\/p>\n<p>Un portavoz de Audi dijo que se encuentran evaluando las posibilidades legales del caso.&nbsp;<\/p>\n<p>Aqu\u00ed los dos videos en cuesti\u00f3n:&nbsp;<\/p>\n<p>Audi A6 Avant Tr\u00e1iler:&nbsp;<\/p>\n<p>&nbsp;<\/p>\n<p><iframe loading=\"lazy\" width=\"640\" height=\"390\" frameborder=\"0\" allowfullscreen=\"\" src=\"http:\/\/www.youtube.com\/embed\/ds6iaBIPmhE?rel=0\"><\/iframe><\/p>\n<p>&nbsp;<\/p>\n<p>Chrysler 200 Tr\u00e1iler:&nbsp;<\/p>\n<p>&nbsp;<\/p>\n<p><iframe loading=\"lazy\" width=\"640\" height=\"390\" frameborder=\"0\" allowfullscreen=\"\" src=\"http:\/\/www.youtube.com\/embed\/APS9tso1G9k?rel=0\"><\/iframe><\/p>\n<p>&nbsp;<\/p>\n<p>Fuente: www.rollingstone.com.mx<\/p>\n","protected":false},"excerpt":{"rendered":"<p>Eminem demand\u00f3 a la automotriz, Audi, debido a que su nuevo anuncio publicitario contiene una melod\u00eda similar a la de su tema &#8220;Lose Yourself&#8221;.&nbsp; Medios alemanes informaron que el rapero emprendi\u00f3 acciones legales en contra de dicha empresa por incluir la melod\u00eda en el nuevo comercial del A6 Avant. De hecho, parte de la controversia [&hellip;]<\/p>\n","protected":false},"author":4,"featured_media":100003629,"comment_status":"open","ping_status":"open","sticky":false,"template":"","format":"standard","meta":{"_jetpack_memberships_contains_paid_content":false,"footnotes":""},"categories":[142],"tags":[],"class_list":["post-3629","post","type-post","status-publish","format-standard","has-post-thumbnail","hentry","category-buzznews"],"jetpack_featured_media_url":"https:\/\/www.oidossucios.com\/site\/wp-content\/uploads\/2011\/06\/3629.jpg","yoast_head":"<!-- This site is optimized with the Yoast SEO plugin v14.0.4 - https:\/\/yoast.com\/wordpress\/plugins\/seo\/ -->\n<title>VIDEOS: Eminem demanda a Audi - OidosSucios.Com<\/title>\n<meta name=\"robots\" content=\"index, follow\" \/>\n<meta name=\"googlebot\" content=\"index, follow, max-snippet:-1, max-image-preview:large, max-video-preview:-1\" \/>\n<meta name=\"bingbot\" content=\"index, follow, max-snippet:-1, max-image-preview:large, max-video-preview:-1\" \/>\n<link rel=\"canonical\" href=\"https:\/\/www.oidossucios.com\/site\/videos-eminem-demanda-a-audi\/\" \/>\n<meta property=\"og:locale\" content=\"es_ES\" \/>\n<meta property=\"og:type\" content=\"article\" \/>\n<meta property=\"og:title\" content=\"VIDEOS: Eminem demanda a Audi - OidosSucios.Com\" \/>\n<meta property=\"og:description\" content=\"Eminem demand\u00f3 a la automotriz, Audi, debido a que su nuevo anuncio publicitario contiene una melod\u00eda similar a la de su tema &#8220;Lose Yourself&#8221;.&nbsp; Medios alemanes informaron que el rapero emprendi\u00f3 acciones legales en contra de dicha empresa por incluir la melod\u00eda en el nuevo comercial del A6 Avant. De hecho, parte de la controversia [&hellip;]\" \/>\n<meta property=\"og:url\" content=\"https:\/\/www.oidossucios.com\/site\/videos-eminem-demanda-a-audi\/\" \/>\n<meta property=\"og:site_name\" content=\"OidosSucios.Com\" \/>\n<meta property=\"article:published_time\" content=\"2011-06-09T05:29:00+00:00\" \/>\n<meta property=\"og:image\" content=\"https:\/\/www.oidossucios.com\/site\/wp-content\/uploads\/2011\/06\/3629.jpg\" \/>\n\t<meta property=\"og:image:width\" content=\"350\" \/>\n\t<meta property=\"og:image:height\" content=\"300\" \/>\n<meta name=\"twitter:card\" content=\"summary_large_image\" \/>\n<meta name=\"twitter:creator\" content=\"@oidossucios\" \/>\n<script type=\"application\/ld+json\" class=\"yoast-schema-graph\">{\"@context\":\"https:\/\/schema.org\",\"@graph\":[{\"@type\":\"WebSite\",\"@id\":\"https:\/\/www.oidossucios.com\/site\/#website\",\"url\":\"https:\/\/www.oidossucios.com\/site\/\",\"name\":\"OidosSucios.Com\",\"description\":\"M\\u00fasica, conciertos, discos\",\"potentialAction\":[{\"@type\":\"SearchAction\",\"target\":\"https:\/\/www.oidossucios.com\/site\/?s={search_term_string}\",\"query-input\":\"required name=search_term_string\"}],\"inLanguage\":\"es\"},{\"@type\":\"ImageObject\",\"@id\":\"https:\/\/www.oidossucios.com\/site\/videos-eminem-demanda-a-audi\/#primaryimage\",\"inLanguage\":\"es\",\"url\":\"https:\/\/www.oidossucios.com\/site\/wp-content\/uploads\/2011\/06\/3629.jpg\",\"width\":350,\"height\":300},{\"@type\":\"WebPage\",\"@id\":\"https:\/\/www.oidossucios.com\/site\/videos-eminem-demanda-a-audi\/#webpage\",\"url\":\"https:\/\/www.oidossucios.com\/site\/videos-eminem-demanda-a-audi\/\",\"name\":\"VIDEOS: Eminem demanda a Audi - OidosSucios.Com\",\"isPartOf\":{\"@id\":\"https:\/\/www.oidossucios.com\/site\/#website\"},\"primaryImageOfPage\":{\"@id\":\"https:\/\/www.oidossucios.com\/site\/videos-eminem-demanda-a-audi\/#primaryimage\"},\"datePublished\":\"2011-06-09T05:29:00+00:00\",\"dateModified\":\"2011-06-09T05:29:00+00:00\",\"author\":{\"@id\":\"https:\/\/www.oidossucios.com\/site\/#\/schema\/person\/24559eeb76bf83a63296fb072393a688\"},\"inLanguage\":\"es\",\"potentialAction\":[{\"@type\":\"ReadAction\",\"target\":[\"https:\/\/www.oidossucios.com\/site\/videos-eminem-demanda-a-audi\/\"]}]},{\"@type\":[\"Person\"],\"@id\":\"https:\/\/www.oidossucios.com\/site\/#\/schema\/person\/24559eeb76bf83a63296fb072393a688\",\"name\":\"Oidossucios\",\"image\":{\"@type\":\"ImageObject\",\"@id\":\"https:\/\/www.oidossucios.com\/site\/#personlogo\",\"inLanguage\":\"es\",\"url\":\"https:\/\/secure.gravatar.com\/avatar\/74fcb480f42f1a33e50a0b6e6369a3f907be2e43dc84fa5f76c66e9c22b4a5ab?s=96&d=mm&r=g\",\"caption\":\"Oidossucios\"},\"sameAs\":[\"https:\/\/twitter.com\/oidossucios\"]}]}<\/script>\n<!-- \/ Yoast SEO plugin. -->","jetpack_sharing_enabled":true,"_links":{"self":[{"href":"https:\/\/www.oidossucios.com\/site\/wp-json\/wp\/v2\/posts\/3629","targetHints":{"allow":["GET"]}}],"collection":[{"href":"https:\/\/www.oidossucios.com\/site\/wp-json\/wp\/v2\/posts"}],"about":[{"href":"https:\/\/www.oidossucios.com\/site\/wp-json\/wp\/v2\/types\/post"}],"author":[{"embeddable":true,"href":"https:\/\/www.oidossucios.com\/site\/wp-json\/wp\/v2\/users\/4"}],"replies":[{"embeddable":true,"href":"https:\/\/www.oidossucios.com\/site\/wp-json\/wp\/v2\/comments?post=3629"}],"version-history":[{"count":0,"href":"https:\/\/www.oidossucios.com\/site\/wp-json\/wp\/v2\/posts\/3629\/revisions"}],"wp:featuredmedia":[{"embeddable":true,"href":"https:\/\/www.oidossucios.com\/site\/wp-json\/wp\/v2\/media\/100003629"}],"wp:attachment":[{"href":"https:\/\/www.oidossucios.com\/site\/wp-json\/wp\/v2\/media?parent=3629"}],"wp:term":[{"taxonomy":"category","embeddable":true,"href":"https:\/\/www.oidossucios.com\/site\/wp-json\/wp\/v2\/categories?post=3629"},{"taxonomy":"post_tag","embeddable":true,"href":"https:\/\/www.oidossucios.com\/site\/wp-json\/wp\/v2\/tags?post=3629"}],"curies":[{"name":"wp","href":"https:\/\/api.w.org\/{rel}","templated":true}]}}