{"id":3631,"date":"2011-06-09T05:36:00","date_gmt":"2011-06-09T05:36:00","guid":{"rendered":"https:\/\/www.oidossucios.com\/site\/2011\/06\/09\/alice-cooper-elvis-me-pidio-que-le-disparara-en-la-cabeza\/"},"modified":"2011-06-09T05:36:00","modified_gmt":"2011-06-09T05:36:00","slug":"alice-cooper-elvis-me-pidio-que-le-disparara-en-la-cabeza","status":"publish","type":"post","link":"https:\/\/www.oidossucios.com\/site\/alice-cooper-elvis-me-pidio-que-le-disparara-en-la-cabeza\/","title":{"rendered":"Alice Cooper: &#8220;Elvis me pidi\u00f3 que le disparara en la cabeza&#8221;"},"content":{"rendered":"<p>Por <\/p>\n<p>Alice Cooper, ha revelado que cuando conoci\u00f3 a Elvis Presley &#8220;El Rey&#8221;, este le pidi\u00f3 que le disparar\u00e1 en la cabeza. Hablando con el peri\u00f3dico, Daily Mirror, Cooper cont\u00f3 que fue a visitar a Presley junto a la actriz Liza Minnelli y la estrella porno Linda Lovelace en 1971 a un hotel de Las Vegas.<\/p>\n<p><\/p>\n<p>&#8220;Cuando llegamos el interior del lugar estaba lleno de armas, Elvis me llev\u00f3 a la cocina, abri\u00f3 un caj\u00f3n y sac\u00f3 una pistola cargada, dici\u00e9ndome ponla en mi cabeza&#8221;, cont\u00f3 Cooper, &#8220;no sab\u00eda qu\u00e9 hacer. Ten\u00eda el arma en la mano y esperaba que alguien de seguridad entrara en cualquier momento, verme con el arma y dispararme&#8230; Una peque\u00f1a voz en mi o\u00eddo izquierdo, me dec\u00eda \u00a1v\u00e1mos, m\u00e1talo!. Siempre ser\u00e1s el hombre que mat\u00f3 a Elvis. En mi otra oreja otra voz diciendo, \u00a1No lo puedes matar es Elvis Presley, hi\u00e9relo en su lugar, \u00a1S\u00f3lo tendr\u00e1s un par de a\u00f1os!&#8221;. Cooper continu\u00f3 &#8220;Una fracci\u00f3n de segundos m\u00e1s tarde, Elvis di\u00f3 una patada voladora a la pistola, y la envi\u00f3 volando, sosteniendo mi cuello y diciendo: &#8220;Asi es como detendr\u00eda a un hombre con un arma&#8221;.<\/p>\n<p>&nbsp;<\/p>\n<p>Cooper hizo estas declaraciones antes de su presentaci\u00f3n en el festival Download el pasado fin de semana, s\u00e1bado 1 de junio.<\/p>\n","protected":false},"excerpt":{"rendered":"<p>&quot;Una peque\u00f1a voz en mi o\u00eddo izquierdo, me dec\u00eda \u00a1v\u00e1mos, m\u00e1talo\u00a1. Siempre ser\u00e1s el hombre que mat\u00f3 a Elvis.&quot; Declar\u00f3 el pol\u00e9mico cantante al Daily Mirror.<\/p>\n","protected":false},"author":4,"featured_media":100003631,"comment_status":"open","ping_status":"open","sticky":false,"template":"","format":"standard","meta":{"_jetpack_memberships_contains_paid_content":false,"footnotes":""},"categories":[685],"tags":[],"class_list":["post-3631","post","type-post","status-publish","format-standard","has-post-thumbnail","hentry","category-ultima"],"jetpack_featured_media_url":"https:\/\/www.oidossucios.com\/site\/wp-content\/uploads\/2011\/06\/3631.jpg","yoast_head":"<!-- This site is optimized with the Yoast SEO plugin v14.0.4 - https:\/\/yoast.com\/wordpress\/plugins\/seo\/ -->\n<title>Alice Cooper: &quot;Elvis me pidi\u00f3 que le disparara en la cabeza&quot; - OidosSucios.Com<\/title>\n<meta name=\"description\" content=\"&quot;Una peque\u00f1a voz en mi o\u00eddo izquierdo, me dec\u00eda \u00a1v\u00e1mos, m\u00e1talo\u00a1. Siempre ser\u00e1s el hombre que mat\u00f3 a Elvis.&quot; Declar\u00f3 el pol\u00e9mico cantante al Daily Mirror.\" \/>\n<meta name=\"robots\" content=\"index, follow\" \/>\n<meta name=\"googlebot\" content=\"index, follow, max-snippet:-1, max-image-preview:large, max-video-preview:-1\" \/>\n<meta name=\"bingbot\" content=\"index, follow, max-snippet:-1, max-image-preview:large, max-video-preview:-1\" \/>\n<link rel=\"canonical\" href=\"https:\/\/www.oidossucios.com\/site\/alice-cooper-elvis-me-pidio-que-le-disparara-en-la-cabeza\/\" \/>\n<meta property=\"og:locale\" content=\"es_ES\" \/>\n<meta property=\"og:type\" content=\"article\" \/>\n<meta property=\"og:title\" content=\"Alice Cooper: &quot;Elvis me pidi\u00f3 que le disparara en la cabeza&quot; - OidosSucios.Com\" \/>\n<meta property=\"og:description\" content=\"&quot;Una peque\u00f1a voz en mi o\u00eddo izquierdo, me dec\u00eda \u00a1v\u00e1mos, m\u00e1talo\u00a1. Siempre ser\u00e1s el hombre que mat\u00f3 a Elvis.&quot; Declar\u00f3 el pol\u00e9mico cantante al Daily Mirror.\" \/>\n<meta property=\"og:url\" content=\"https:\/\/www.oidossucios.com\/site\/alice-cooper-elvis-me-pidio-que-le-disparara-en-la-cabeza\/\" \/>\n<meta property=\"og:site_name\" content=\"OidosSucios.Com\" \/>\n<meta property=\"article:published_time\" content=\"2011-06-09T05:36:00+00:00\" \/>\n<meta property=\"og:image\" content=\"https:\/\/www.oidossucios.com\/site\/wp-content\/uploads\/2011\/06\/3631.jpg\" \/>\n\t<meta property=\"og:image:width\" content=\"350\" \/>\n\t<meta property=\"og:image:height\" content=\"300\" \/>\n<meta name=\"twitter:card\" content=\"summary_large_image\" \/>\n<meta name=\"twitter:creator\" content=\"@oidossucios\" \/>\n<script type=\"application\/ld+json\" class=\"yoast-schema-graph\">{\"@context\":\"https:\/\/schema.org\",\"@graph\":[{\"@type\":\"WebSite\",\"@id\":\"https:\/\/www.oidossucios.com\/site\/#website\",\"url\":\"https:\/\/www.oidossucios.com\/site\/\",\"name\":\"OidosSucios.Com\",\"description\":\"M\\u00fasica, conciertos, discos\",\"potentialAction\":[{\"@type\":\"SearchAction\",\"target\":\"https:\/\/www.oidossucios.com\/site\/?s={search_term_string}\",\"query-input\":\"required name=search_term_string\"}],\"inLanguage\":\"es\"},{\"@type\":\"ImageObject\",\"@id\":\"https:\/\/www.oidossucios.com\/site\/alice-cooper-elvis-me-pidio-que-le-disparara-en-la-cabeza\/#primaryimage\",\"inLanguage\":\"es\",\"url\":\"https:\/\/www.oidossucios.com\/site\/wp-content\/uploads\/2011\/06\/3631.jpg\",\"width\":350,\"height\":300},{\"@type\":\"WebPage\",\"@id\":\"https:\/\/www.oidossucios.com\/site\/alice-cooper-elvis-me-pidio-que-le-disparara-en-la-cabeza\/#webpage\",\"url\":\"https:\/\/www.oidossucios.com\/site\/alice-cooper-elvis-me-pidio-que-le-disparara-en-la-cabeza\/\",\"name\":\"Alice Cooper: \\\"Elvis me pidi\\u00f3 que le disparara en la cabeza\\\" - OidosSucios.Com\",\"isPartOf\":{\"@id\":\"https:\/\/www.oidossucios.com\/site\/#website\"},\"primaryImageOfPage\":{\"@id\":\"https:\/\/www.oidossucios.com\/site\/alice-cooper-elvis-me-pidio-que-le-disparara-en-la-cabeza\/#primaryimage\"},\"datePublished\":\"2011-06-09T05:36:00+00:00\",\"dateModified\":\"2011-06-09T05:36:00+00:00\",\"author\":{\"@id\":\"https:\/\/www.oidossucios.com\/site\/#\/schema\/person\/24559eeb76bf83a63296fb072393a688\"},\"description\":\"&quot;Una peque\\u00f1a voz en mi o\\u00eddo izquierdo, me dec\\u00eda \\u00a1v\\u00e1mos, m\\u00e1talo\\u00a1. Siempre ser\\u00e1s el hombre que mat\\u00f3 a Elvis.&quot; Declar\\u00f3 el pol\\u00e9mico cantante al Daily Mirror.\",\"inLanguage\":\"es\",\"potentialAction\":[{\"@type\":\"ReadAction\",\"target\":[\"https:\/\/www.oidossucios.com\/site\/alice-cooper-elvis-me-pidio-que-le-disparara-en-la-cabeza\/\"]}]},{\"@type\":[\"Person\"],\"@id\":\"https:\/\/www.oidossucios.com\/site\/#\/schema\/person\/24559eeb76bf83a63296fb072393a688\",\"name\":\"Oidossucios\",\"image\":{\"@type\":\"ImageObject\",\"@id\":\"https:\/\/www.oidossucios.com\/site\/#personlogo\",\"inLanguage\":\"es\",\"url\":\"https:\/\/secure.gravatar.com\/avatar\/74fcb480f42f1a33e50a0b6e6369a3f907be2e43dc84fa5f76c66e9c22b4a5ab?s=96&d=mm&r=g\",\"caption\":\"Oidossucios\"},\"sameAs\":[\"https:\/\/twitter.com\/oidossucios\"]}]}<\/script>\n<!-- \/ Yoast SEO plugin. -->","jetpack_sharing_enabled":true,"_links":{"self":[{"href":"https:\/\/www.oidossucios.com\/site\/wp-json\/wp\/v2\/posts\/3631","targetHints":{"allow":["GET"]}}],"collection":[{"href":"https:\/\/www.oidossucios.com\/site\/wp-json\/wp\/v2\/posts"}],"about":[{"href":"https:\/\/www.oidossucios.com\/site\/wp-json\/wp\/v2\/types\/post"}],"author":[{"embeddable":true,"href":"https:\/\/www.oidossucios.com\/site\/wp-json\/wp\/v2\/users\/4"}],"replies":[{"embeddable":true,"href":"https:\/\/www.oidossucios.com\/site\/wp-json\/wp\/v2\/comments?post=3631"}],"version-history":[{"count":0,"href":"https:\/\/www.oidossucios.com\/site\/wp-json\/wp\/v2\/posts\/3631\/revisions"}],"wp:featuredmedia":[{"embeddable":true,"href":"https:\/\/www.oidossucios.com\/site\/wp-json\/wp\/v2\/media\/100003631"}],"wp:attachment":[{"href":"https:\/\/www.oidossucios.com\/site\/wp-json\/wp\/v2\/media?parent=3631"}],"wp:term":[{"taxonomy":"category","embeddable":true,"href":"https:\/\/www.oidossucios.com\/site\/wp-json\/wp\/v2\/categories?post=3631"},{"taxonomy":"post_tag","embeddable":true,"href":"https:\/\/www.oidossucios.com\/site\/wp-json\/wp\/v2\/tags?post=3631"}],"curies":[{"name":"wp","href":"https:\/\/api.w.org\/{rel}","templated":true}]}}