{"id":3661,"date":"2011-06-15T19:24:00","date_gmt":"2011-06-15T19:24:00","guid":{"rendered":"https:\/\/www.oidossucios.com\/site\/2011\/06\/15\/paul-mccartney-quiere-colaborar-con-gorillaz\/"},"modified":"2011-06-15T19:24:00","modified_gmt":"2011-06-15T19:24:00","slug":"paul-mccartney-quiere-colaborar-con-gorillaz","status":"publish","type":"post","link":"https:\/\/www.oidossucios.com\/site\/paul-mccartney-quiere-colaborar-con-gorillaz\/","title":{"rendered":"Paul McCartney quiere colaborar con Gorillaz"},"content":{"rendered":"\n<p>Sir Paul McCartney se mantiene ocupado, adem\u00e1s de confirmar una nueva gira, le gustar\u00eda colaborar con el proyecto de Gorillaz. El ex Beatle admiti\u00f3 que ya platic\u00f3 con Damon Albarn, l\u00edder de Gorillaz, para trabajar juntos, pero los tiempos no han permitido la colaboraci\u00f3n.<\/p>\n<p>En entrevista con The Quietus para promover los lanzamientos de las reediciones de &#8220;McCartney&#8221; y &#8220;McCartney II&#8221;, dijo: &#8220;Hemos hablado un poco. Nada serio, pero me gusta lo que hacen. Me he topado con Damon y hemos hablado. Nos acercamos un par de ocasiones pero nunca hemos tenido el tiempo, supongo&#8221;.<\/p>\n<p>&nbsp;<\/p>\n<p>Fuente: www.warp.la<\/p>\n","protected":false},"excerpt":{"rendered":"<p>Sir Paul McCartney se mantiene ocupado, adem\u00e1s de confirmar una nueva gira, le gustar\u00eda colaborar con el proyecto de Gorillaz. El ex Beatle admiti\u00f3 que ya platic\u00f3 con Damon Albarn, l\u00edder de Gorillaz, para trabajar juntos, pero los tiempos no han permitido la colaboraci\u00f3n. En entrevista con The Quietus para promover los lanzamientos de las [&hellip;]<\/p>\n","protected":false},"author":4,"featured_media":100003661,"comment_status":"open","ping_status":"open","sticky":false,"template":"","format":"standard","meta":{"_jetpack_memberships_contains_paid_content":false,"footnotes":""},"categories":[142],"tags":[],"class_list":["post-3661","post","type-post","status-publish","format-standard","has-post-thumbnail","hentry","category-buzznews"],"jetpack_featured_media_url":"https:\/\/www.oidossucios.com\/site\/wp-content\/uploads\/2011\/06\/3661.jpg","yoast_head":"<!-- This site is optimized with the Yoast SEO plugin v14.0.4 - https:\/\/yoast.com\/wordpress\/plugins\/seo\/ -->\n<title>Paul McCartney quiere colaborar con Gorillaz - OidosSucios.Com<\/title>\n<meta name=\"robots\" content=\"index, follow\" \/>\n<meta name=\"googlebot\" content=\"index, follow, max-snippet:-1, max-image-preview:large, max-video-preview:-1\" \/>\n<meta name=\"bingbot\" content=\"index, follow, max-snippet:-1, max-image-preview:large, max-video-preview:-1\" \/>\n<link rel=\"canonical\" href=\"https:\/\/www.oidossucios.com\/site\/paul-mccartney-quiere-colaborar-con-gorillaz\/\" \/>\n<meta property=\"og:locale\" content=\"es_ES\" \/>\n<meta property=\"og:type\" content=\"article\" \/>\n<meta property=\"og:title\" content=\"Paul McCartney quiere colaborar con Gorillaz - OidosSucios.Com\" \/>\n<meta property=\"og:description\" content=\"Sir Paul McCartney se mantiene ocupado, adem\u00e1s de confirmar una nueva gira, le gustar\u00eda colaborar con el proyecto de Gorillaz. El ex Beatle admiti\u00f3 que ya platic\u00f3 con Damon Albarn, l\u00edder de Gorillaz, para trabajar juntos, pero los tiempos no han permitido la colaboraci\u00f3n. En entrevista con The Quietus para promover los lanzamientos de las [&hellip;]\" \/>\n<meta property=\"og:url\" content=\"https:\/\/www.oidossucios.com\/site\/paul-mccartney-quiere-colaborar-con-gorillaz\/\" \/>\n<meta property=\"og:site_name\" content=\"OidosSucios.Com\" \/>\n<meta property=\"article:published_time\" content=\"2011-06-15T19:24:00+00:00\" \/>\n<meta property=\"og:image\" content=\"https:\/\/www.oidossucios.com\/site\/wp-content\/uploads\/2011\/06\/3661.jpg\" \/>\n\t<meta property=\"og:image:width\" content=\"350\" \/>\n\t<meta property=\"og:image:height\" content=\"300\" \/>\n<meta name=\"twitter:card\" content=\"summary_large_image\" \/>\n<meta name=\"twitter:creator\" content=\"@oidossucios\" \/>\n<script type=\"application\/ld+json\" class=\"yoast-schema-graph\">{\"@context\":\"https:\/\/schema.org\",\"@graph\":[{\"@type\":\"WebSite\",\"@id\":\"https:\/\/www.oidossucios.com\/site\/#website\",\"url\":\"https:\/\/www.oidossucios.com\/site\/\",\"name\":\"OidosSucios.Com\",\"description\":\"M\\u00fasica, conciertos, discos\",\"potentialAction\":[{\"@type\":\"SearchAction\",\"target\":\"https:\/\/www.oidossucios.com\/site\/?s={search_term_string}\",\"query-input\":\"required name=search_term_string\"}],\"inLanguage\":\"es\"},{\"@type\":\"ImageObject\",\"@id\":\"https:\/\/www.oidossucios.com\/site\/paul-mccartney-quiere-colaborar-con-gorillaz\/#primaryimage\",\"inLanguage\":\"es\",\"url\":\"https:\/\/www.oidossucios.com\/site\/wp-content\/uploads\/2011\/06\/3661.jpg\",\"width\":350,\"height\":300},{\"@type\":\"WebPage\",\"@id\":\"https:\/\/www.oidossucios.com\/site\/paul-mccartney-quiere-colaborar-con-gorillaz\/#webpage\",\"url\":\"https:\/\/www.oidossucios.com\/site\/paul-mccartney-quiere-colaborar-con-gorillaz\/\",\"name\":\"Paul McCartney quiere colaborar con Gorillaz - OidosSucios.Com\",\"isPartOf\":{\"@id\":\"https:\/\/www.oidossucios.com\/site\/#website\"},\"primaryImageOfPage\":{\"@id\":\"https:\/\/www.oidossucios.com\/site\/paul-mccartney-quiere-colaborar-con-gorillaz\/#primaryimage\"},\"datePublished\":\"2011-06-15T19:24:00+00:00\",\"dateModified\":\"2011-06-15T19:24:00+00:00\",\"author\":{\"@id\":\"https:\/\/www.oidossucios.com\/site\/#\/schema\/person\/24559eeb76bf83a63296fb072393a688\"},\"inLanguage\":\"es\",\"potentialAction\":[{\"@type\":\"ReadAction\",\"target\":[\"https:\/\/www.oidossucios.com\/site\/paul-mccartney-quiere-colaborar-con-gorillaz\/\"]}]},{\"@type\":[\"Person\"],\"@id\":\"https:\/\/www.oidossucios.com\/site\/#\/schema\/person\/24559eeb76bf83a63296fb072393a688\",\"name\":\"Oidossucios\",\"image\":{\"@type\":\"ImageObject\",\"@id\":\"https:\/\/www.oidossucios.com\/site\/#personlogo\",\"inLanguage\":\"es\",\"url\":\"https:\/\/secure.gravatar.com\/avatar\/74fcb480f42f1a33e50a0b6e6369a3f907be2e43dc84fa5f76c66e9c22b4a5ab?s=96&d=mm&r=g\",\"caption\":\"Oidossucios\"},\"sameAs\":[\"https:\/\/twitter.com\/oidossucios\"]}]}<\/script>\n<!-- \/ Yoast SEO plugin. -->","jetpack_sharing_enabled":true,"_links":{"self":[{"href":"https:\/\/www.oidossucios.com\/site\/wp-json\/wp\/v2\/posts\/3661","targetHints":{"allow":["GET"]}}],"collection":[{"href":"https:\/\/www.oidossucios.com\/site\/wp-json\/wp\/v2\/posts"}],"about":[{"href":"https:\/\/www.oidossucios.com\/site\/wp-json\/wp\/v2\/types\/post"}],"author":[{"embeddable":true,"href":"https:\/\/www.oidossucios.com\/site\/wp-json\/wp\/v2\/users\/4"}],"replies":[{"embeddable":true,"href":"https:\/\/www.oidossucios.com\/site\/wp-json\/wp\/v2\/comments?post=3661"}],"version-history":[{"count":0,"href":"https:\/\/www.oidossucios.com\/site\/wp-json\/wp\/v2\/posts\/3661\/revisions"}],"wp:featuredmedia":[{"embeddable":true,"href":"https:\/\/www.oidossucios.com\/site\/wp-json\/wp\/v2\/media\/100003661"}],"wp:attachment":[{"href":"https:\/\/www.oidossucios.com\/site\/wp-json\/wp\/v2\/media?parent=3661"}],"wp:term":[{"taxonomy":"category","embeddable":true,"href":"https:\/\/www.oidossucios.com\/site\/wp-json\/wp\/v2\/categories?post=3661"},{"taxonomy":"post_tag","embeddable":true,"href":"https:\/\/www.oidossucios.com\/site\/wp-json\/wp\/v2\/tags?post=3661"}],"curies":[{"name":"wp","href":"https:\/\/api.w.org\/{rel}","templated":true}]}}