{"id":3670,"date":"2011-06-16T17:28:00","date_gmt":"2011-06-16T17:28:00","guid":{"rendered":"https:\/\/www.oidossucios.com\/site\/2011\/06\/16\/metallica-y-lou-reed-graban-un-disco-juntos\/"},"modified":"2011-06-16T17:28:00","modified_gmt":"2011-06-16T17:28:00","slug":"metallica-y-lou-reed-graban-un-disco-juntos","status":"publish","type":"post","link":"https:\/\/www.oidossucios.com\/site\/metallica-y-lou-reed-graban-un-disco-juntos\/","title":{"rendered":"Metallica y Lou Reed graban un disco juntos"},"content":{"rendered":"\n<p>A trav\u00e9s de un comunicado, dos leyendas de la m\u00fasica anunciaron una colaboraci\u00f3n: Metallica y Lou Reed. (<a title=\"http:\/\/www.metallica.com\/news\/20110615_news.asp\" href=\"http:\/\/www.metallica.com\/news\/20110615_news.asp\">http:\/\/www.metallica.com\/news\/20110615_news.a<\/a>En el comunicado, Metallica explica que no es un proyecto 100% de la banda y que involucra a alguien m\u00e1s y que desde que participaron con Lou Reed en la ceremonia del 25\u00ba aniversario del Rock and Roll Hall Of Fame en el Madison Square Garden con Lou Reed ten\u00edan la idea de grabar juntos.<\/p>\n<p><\/p>\n<p>Describen a Reed como: &#8220;Un verdadero innovador y f\u00e1cilmente uno de los compositores m\u00fasico y artista m\u00e1s influyente en la historia de la m\u00fasica rock, el trabajo de Lou con Velvet Underground y como solista tiene una calidad perdurable que ha sido venerada y respetada por nosotros y muchos de nuestros compa\u00f1eros. No podemos esperar a que escuchen el disco terminado, as\u00ed que como nos gusta decir por aqu\u00ed, sigan visitando este lugar para actualizaciones. . . volveremos con m\u00e1s detalles a medida que se generen&#8221;.<\/p>\n<p><\/p>\n<p>La revista Rolling Stone ha revelado tambi\u00e9n algunos detalles m\u00e1s sobre esta colaboraci\u00f3n sin t\u00edtulo por el momento, publican que est\u00e1 un 90% terminado y que Reed compuso 10 canciones, mientras Metallica &#8220;contribuy\u00f3 con arreglos significativos&#8221;.<\/p>\n<p>&nbsp;<\/p>\n<p>Fuente: www.warp.la<\/p>\n","protected":false},"excerpt":{"rendered":"<p>A trav\u00e9s de un comunicado, dos leyendas de la m\u00fasica anunciaron una colaboraci\u00f3n: Metallica y Lou Reed. (http:\/\/www.metallica.com\/news\/20110615_news.aEn el comunicado, Metallica explica que no es un proyecto 100% de la banda y que involucra a alguien m\u00e1s y que desde que participaron con Lou Reed en la ceremonia del 25\u00ba aniversario del Rock and Roll [&hellip;]<\/p>\n","protected":false},"author":4,"featured_media":0,"comment_status":"open","ping_status":"open","sticky":false,"template":"","format":"standard","meta":{"_jetpack_memberships_contains_paid_content":false,"footnotes":""},"categories":[142],"tags":[],"class_list":["post-3670","post","type-post","status-publish","format-standard","hentry","category-buzznews"],"jetpack_featured_media_url":"","yoast_head":"<!-- This site is optimized with the Yoast SEO plugin v14.0.4 - https:\/\/yoast.com\/wordpress\/plugins\/seo\/ -->\n<title>Metallica y Lou Reed graban un disco juntos - OidosSucios.Com<\/title>\n<meta name=\"robots\" content=\"index, follow\" \/>\n<meta name=\"googlebot\" content=\"index, follow, max-snippet:-1, max-image-preview:large, max-video-preview:-1\" \/>\n<meta name=\"bingbot\" content=\"index, follow, max-snippet:-1, max-image-preview:large, max-video-preview:-1\" \/>\n<link rel=\"canonical\" href=\"https:\/\/www.oidossucios.com\/site\/metallica-y-lou-reed-graban-un-disco-juntos\/\" \/>\n<meta property=\"og:locale\" content=\"es_ES\" \/>\n<meta property=\"og:type\" content=\"article\" \/>\n<meta property=\"og:title\" content=\"Metallica y Lou Reed graban un disco juntos - OidosSucios.Com\" \/>\n<meta property=\"og:description\" content=\"A trav\u00e9s de un comunicado, dos leyendas de la m\u00fasica anunciaron una colaboraci\u00f3n: Metallica y Lou Reed. (http:\/\/www.metallica.com\/news\/20110615_news.aEn el comunicado, Metallica explica que no es un proyecto 100% de la banda y que involucra a alguien m\u00e1s y que desde que participaron con Lou Reed en la ceremonia del 25\u00ba aniversario del Rock and Roll [&hellip;]\" \/>\n<meta property=\"og:url\" content=\"https:\/\/www.oidossucios.com\/site\/metallica-y-lou-reed-graban-un-disco-juntos\/\" \/>\n<meta property=\"og:site_name\" content=\"OidosSucios.Com\" \/>\n<meta property=\"article:published_time\" content=\"2011-06-16T17:28:00+00:00\" \/>\n<meta name=\"twitter:card\" content=\"summary_large_image\" \/>\n<meta name=\"twitter:creator\" content=\"@oidossucios\" \/>\n<script type=\"application\/ld+json\" class=\"yoast-schema-graph\">{\"@context\":\"https:\/\/schema.org\",\"@graph\":[{\"@type\":\"WebSite\",\"@id\":\"https:\/\/www.oidossucios.com\/site\/#website\",\"url\":\"https:\/\/www.oidossucios.com\/site\/\",\"name\":\"OidosSucios.Com\",\"description\":\"M\\u00fasica, conciertos, discos\",\"potentialAction\":[{\"@type\":\"SearchAction\",\"target\":\"https:\/\/www.oidossucios.com\/site\/?s={search_term_string}\",\"query-input\":\"required name=search_term_string\"}],\"inLanguage\":\"es\"},{\"@type\":\"WebPage\",\"@id\":\"https:\/\/www.oidossucios.com\/site\/metallica-y-lou-reed-graban-un-disco-juntos\/#webpage\",\"url\":\"https:\/\/www.oidossucios.com\/site\/metallica-y-lou-reed-graban-un-disco-juntos\/\",\"name\":\"Metallica y Lou Reed graban un disco juntos - OidosSucios.Com\",\"isPartOf\":{\"@id\":\"https:\/\/www.oidossucios.com\/site\/#website\"},\"datePublished\":\"2011-06-16T17:28:00+00:00\",\"dateModified\":\"2011-06-16T17:28:00+00:00\",\"author\":{\"@id\":\"https:\/\/www.oidossucios.com\/site\/#\/schema\/person\/24559eeb76bf83a63296fb072393a688\"},\"inLanguage\":\"es\",\"potentialAction\":[{\"@type\":\"ReadAction\",\"target\":[\"https:\/\/www.oidossucios.com\/site\/metallica-y-lou-reed-graban-un-disco-juntos\/\"]}]},{\"@type\":[\"Person\"],\"@id\":\"https:\/\/www.oidossucios.com\/site\/#\/schema\/person\/24559eeb76bf83a63296fb072393a688\",\"name\":\"Oidossucios\",\"image\":{\"@type\":\"ImageObject\",\"@id\":\"https:\/\/www.oidossucios.com\/site\/#personlogo\",\"inLanguage\":\"es\",\"url\":\"https:\/\/secure.gravatar.com\/avatar\/74fcb480f42f1a33e50a0b6e6369a3f907be2e43dc84fa5f76c66e9c22b4a5ab?s=96&d=mm&r=g\",\"caption\":\"Oidossucios\"},\"sameAs\":[\"https:\/\/twitter.com\/oidossucios\"]}]}<\/script>\n<!-- \/ Yoast SEO plugin. -->","jetpack_sharing_enabled":true,"_links":{"self":[{"href":"https:\/\/www.oidossucios.com\/site\/wp-json\/wp\/v2\/posts\/3670","targetHints":{"allow":["GET"]}}],"collection":[{"href":"https:\/\/www.oidossucios.com\/site\/wp-json\/wp\/v2\/posts"}],"about":[{"href":"https:\/\/www.oidossucios.com\/site\/wp-json\/wp\/v2\/types\/post"}],"author":[{"embeddable":true,"href":"https:\/\/www.oidossucios.com\/site\/wp-json\/wp\/v2\/users\/4"}],"replies":[{"embeddable":true,"href":"https:\/\/www.oidossucios.com\/site\/wp-json\/wp\/v2\/comments?post=3670"}],"version-history":[{"count":0,"href":"https:\/\/www.oidossucios.com\/site\/wp-json\/wp\/v2\/posts\/3670\/revisions"}],"wp:attachment":[{"href":"https:\/\/www.oidossucios.com\/site\/wp-json\/wp\/v2\/media?parent=3670"}],"wp:term":[{"taxonomy":"category","embeddable":true,"href":"https:\/\/www.oidossucios.com\/site\/wp-json\/wp\/v2\/categories?post=3670"},{"taxonomy":"post_tag","embeddable":true,"href":"https:\/\/www.oidossucios.com\/site\/wp-json\/wp\/v2\/tags?post=3670"}],"curies":[{"name":"wp","href":"https:\/\/api.w.org\/{rel}","templated":true}]}}