{"id":3681,"date":"2011-06-21T14:17:00","date_gmt":"2011-06-21T14:17:00","guid":{"rendered":"https:\/\/www.oidossucios.com\/site\/2011\/06\/21\/paul-mccartney-habla-de-ringo-starr-y-el-fin-de-the-beatles\/"},"modified":"2011-06-21T14:17:00","modified_gmt":"2011-06-21T14:17:00","slug":"paul-mccartney-habla-de-ringo-starr-y-el-fin-de-the-beatles","status":"publish","type":"post","link":"https:\/\/www.oidossucios.com\/site\/paul-mccartney-habla-de-ringo-starr-y-el-fin-de-the-beatles\/","title":{"rendered":"Paul McCartney habla de Ringo Starr y el fin de The Beatles"},"content":{"rendered":"\n<p>En entrevista con Geoff Lloyd para Absolute Radio anoche (16 de junio), Paul McCartney, dijo que el ex-baterista de The Beatles, Ringo Starr deber\u00eda ser nombrado caballero. Al cuestionarlo sobre por qu\u00e9 Ringo no hab\u00eda sido nombrado caballero, McCartney respondi\u00f3, &#8220;S\u00ed, bueno, no me mires&#8221;. Y al preguntarle si \u00e9l podr\u00eda ped\u00edrselo a la reina, respondi\u00f3: &#8220;La \u00faltima vez que fui por ella estaba fuera. De lo contrario habr\u00eda aparecido y habr\u00eda dicho: &#8220;Mira, amor, Sir Richard Starkey. Porque yo creo que es por el tiempo, pero probablemente estaba un poco ocupado con Sir Bruce&#8221;.<\/p>\n<p>A\u00f1adi\u00f3 que pensaba que nadie habr\u00eda cre\u00eddo que Forsyth se convertir\u00eda en un caballero del reino antes que Ringo.<\/p>\n<p>Paul, tambi\u00e9n revel\u00f3 que John Lennon era el que hab\u00eda exigido el fin de The Beatles, despu\u00e9s de terminar la grabaci\u00f3n de su placa de 1970 &#8220;Let It Be&#8221;.<\/p>\n<p>&#8220;B\u00e1sicamente yo, George y Ringo dijimos, &#8220;\u00bfEsto tiene que ser definitivo? \u00bfPodr\u00edamos hacer un par de conciertos o podemos pensar acerca de esto ma\u00f1ana?&#8221;, Pero John estaba con Yoko y dec\u00eda &#8220;No, no, es genial, siento una liberaci\u00f3n y todo eso&#8221;. As\u00ed que ese fue el final&#8221; fueron las palabras de Sir Paul McCartney.<\/p>\n<p>&nbsp;<\/p>\n<p>Fuente: www.warp.la<\/p>\n","protected":false},"excerpt":{"rendered":"<p>En entrevista con Geoff Lloyd para Absolute Radio anoche (16 de junio), Paul McCartney, dijo que el ex-baterista de The Beatles, Ringo Starr deber\u00eda ser nombrado caballero. Al cuestionarlo sobre por qu\u00e9 Ringo no hab\u00eda sido nombrado caballero, McCartney respondi\u00f3, &#8220;S\u00ed, bueno, no me mires&#8221;. Y al preguntarle si \u00e9l podr\u00eda ped\u00edrselo a la reina, [&hellip;]<\/p>\n","protected":false},"author":4,"featured_media":100003681,"comment_status":"open","ping_status":"open","sticky":false,"template":"","format":"standard","meta":{"_jetpack_memberships_contains_paid_content":false,"footnotes":""},"categories":[142],"tags":[],"class_list":["post-3681","post","type-post","status-publish","format-standard","has-post-thumbnail","hentry","category-buzznews"],"jetpack_featured_media_url":"https:\/\/www.oidossucios.com\/site\/wp-content\/uploads\/2011\/06\/3681.jpg","yoast_head":"<!-- This site is optimized with the Yoast SEO plugin v14.0.4 - https:\/\/yoast.com\/wordpress\/plugins\/seo\/ -->\n<title>Paul McCartney habla de Ringo Starr y el fin de The Beatles - OidosSucios.Com<\/title>\n<meta name=\"robots\" content=\"index, follow\" \/>\n<meta name=\"googlebot\" content=\"index, follow, max-snippet:-1, max-image-preview:large, max-video-preview:-1\" \/>\n<meta name=\"bingbot\" content=\"index, follow, max-snippet:-1, max-image-preview:large, max-video-preview:-1\" \/>\n<link rel=\"canonical\" href=\"https:\/\/www.oidossucios.com\/site\/paul-mccartney-habla-de-ringo-starr-y-el-fin-de-the-beatles\/\" \/>\n<meta property=\"og:locale\" content=\"es_ES\" \/>\n<meta property=\"og:type\" content=\"article\" \/>\n<meta property=\"og:title\" content=\"Paul McCartney habla de Ringo Starr y el fin de The Beatles - OidosSucios.Com\" \/>\n<meta property=\"og:description\" content=\"En entrevista con Geoff Lloyd para Absolute Radio anoche (16 de junio), Paul McCartney, dijo que el ex-baterista de The Beatles, Ringo Starr deber\u00eda ser nombrado caballero. Al cuestionarlo sobre por qu\u00e9 Ringo no hab\u00eda sido nombrado caballero, McCartney respondi\u00f3, &#8220;S\u00ed, bueno, no me mires&#8221;. Y al preguntarle si \u00e9l podr\u00eda ped\u00edrselo a la reina, [&hellip;]\" \/>\n<meta property=\"og:url\" content=\"https:\/\/www.oidossucios.com\/site\/paul-mccartney-habla-de-ringo-starr-y-el-fin-de-the-beatles\/\" \/>\n<meta property=\"og:site_name\" content=\"OidosSucios.Com\" \/>\n<meta property=\"article:published_time\" content=\"2011-06-21T14:17:00+00:00\" \/>\n<meta property=\"og:image\" content=\"https:\/\/www.oidossucios.com\/site\/wp-content\/uploads\/2011\/06\/3681.jpg\" \/>\n\t<meta property=\"og:image:width\" content=\"350\" \/>\n\t<meta property=\"og:image:height\" content=\"300\" \/>\n<meta name=\"twitter:card\" content=\"summary_large_image\" \/>\n<meta name=\"twitter:creator\" content=\"@oidossucios\" \/>\n<script type=\"application\/ld+json\" class=\"yoast-schema-graph\">{\"@context\":\"https:\/\/schema.org\",\"@graph\":[{\"@type\":\"WebSite\",\"@id\":\"https:\/\/www.oidossucios.com\/site\/#website\",\"url\":\"https:\/\/www.oidossucios.com\/site\/\",\"name\":\"OidosSucios.Com\",\"description\":\"M\\u00fasica, conciertos, discos\",\"potentialAction\":[{\"@type\":\"SearchAction\",\"target\":\"https:\/\/www.oidossucios.com\/site\/?s={search_term_string}\",\"query-input\":\"required name=search_term_string\"}],\"inLanguage\":\"es\"},{\"@type\":\"ImageObject\",\"@id\":\"https:\/\/www.oidossucios.com\/site\/paul-mccartney-habla-de-ringo-starr-y-el-fin-de-the-beatles\/#primaryimage\",\"inLanguage\":\"es\",\"url\":\"https:\/\/www.oidossucios.com\/site\/wp-content\/uploads\/2011\/06\/3681.jpg\",\"width\":350,\"height\":300},{\"@type\":\"WebPage\",\"@id\":\"https:\/\/www.oidossucios.com\/site\/paul-mccartney-habla-de-ringo-starr-y-el-fin-de-the-beatles\/#webpage\",\"url\":\"https:\/\/www.oidossucios.com\/site\/paul-mccartney-habla-de-ringo-starr-y-el-fin-de-the-beatles\/\",\"name\":\"Paul McCartney habla de Ringo Starr y el fin de The Beatles - OidosSucios.Com\",\"isPartOf\":{\"@id\":\"https:\/\/www.oidossucios.com\/site\/#website\"},\"primaryImageOfPage\":{\"@id\":\"https:\/\/www.oidossucios.com\/site\/paul-mccartney-habla-de-ringo-starr-y-el-fin-de-the-beatles\/#primaryimage\"},\"datePublished\":\"2011-06-21T14:17:00+00:00\",\"dateModified\":\"2011-06-21T14:17:00+00:00\",\"author\":{\"@id\":\"https:\/\/www.oidossucios.com\/site\/#\/schema\/person\/24559eeb76bf83a63296fb072393a688\"},\"inLanguage\":\"es\",\"potentialAction\":[{\"@type\":\"ReadAction\",\"target\":[\"https:\/\/www.oidossucios.com\/site\/paul-mccartney-habla-de-ringo-starr-y-el-fin-de-the-beatles\/\"]}]},{\"@type\":[\"Person\"],\"@id\":\"https:\/\/www.oidossucios.com\/site\/#\/schema\/person\/24559eeb76bf83a63296fb072393a688\",\"name\":\"Oidossucios\",\"image\":{\"@type\":\"ImageObject\",\"@id\":\"https:\/\/www.oidossucios.com\/site\/#personlogo\",\"inLanguage\":\"es\",\"url\":\"https:\/\/secure.gravatar.com\/avatar\/74fcb480f42f1a33e50a0b6e6369a3f907be2e43dc84fa5f76c66e9c22b4a5ab?s=96&d=mm&r=g\",\"caption\":\"Oidossucios\"},\"sameAs\":[\"https:\/\/twitter.com\/oidossucios\"]}]}<\/script>\n<!-- \/ Yoast SEO plugin. -->","jetpack_sharing_enabled":true,"_links":{"self":[{"href":"https:\/\/www.oidossucios.com\/site\/wp-json\/wp\/v2\/posts\/3681","targetHints":{"allow":["GET"]}}],"collection":[{"href":"https:\/\/www.oidossucios.com\/site\/wp-json\/wp\/v2\/posts"}],"about":[{"href":"https:\/\/www.oidossucios.com\/site\/wp-json\/wp\/v2\/types\/post"}],"author":[{"embeddable":true,"href":"https:\/\/www.oidossucios.com\/site\/wp-json\/wp\/v2\/users\/4"}],"replies":[{"embeddable":true,"href":"https:\/\/www.oidossucios.com\/site\/wp-json\/wp\/v2\/comments?post=3681"}],"version-history":[{"count":0,"href":"https:\/\/www.oidossucios.com\/site\/wp-json\/wp\/v2\/posts\/3681\/revisions"}],"wp:featuredmedia":[{"embeddable":true,"href":"https:\/\/www.oidossucios.com\/site\/wp-json\/wp\/v2\/media\/100003681"}],"wp:attachment":[{"href":"https:\/\/www.oidossucios.com\/site\/wp-json\/wp\/v2\/media?parent=3681"}],"wp:term":[{"taxonomy":"category","embeddable":true,"href":"https:\/\/www.oidossucios.com\/site\/wp-json\/wp\/v2\/categories?post=3681"},{"taxonomy":"post_tag","embeddable":true,"href":"https:\/\/www.oidossucios.com\/site\/wp-json\/wp\/v2\/tags?post=3681"}],"curies":[{"name":"wp","href":"https:\/\/api.w.org\/{rel}","templated":true}]}}