{"id":3695,"date":"2011-06-22T16:27:00","date_gmt":"2011-06-22T16:27:00","guid":{"rendered":"https:\/\/www.oidossucios.com\/site\/2011\/06\/22\/cee-lo-green-tendra-su-propio-talk-show\/"},"modified":"2011-06-22T16:27:00","modified_gmt":"2011-06-22T16:27:00","slug":"cee-lo-green-tendra-su-propio-talk-show","status":"publish","type":"post","link":"https:\/\/www.oidossucios.com\/site\/cee-lo-green-tendra-su-propio-talk-show\/","title":{"rendered":"Cee Lo Green tendr\u00e1 su propio Talk Show"},"content":{"rendered":"\n<p>Luego de su exitosa participaci\u00f3n en el show estadounidense,&nbsp;<i>The Voice<\/i>, Cee Lo Green, integrante de Gnarls Barkley, tendr\u00e1 su propio talk show, el cual se estrenar\u00e1 el 22 de junio.&nbsp;<\/p>\n<p>El programa se llamar\u00e1&nbsp;<i>Talking To Strangers<\/i>, y en \u00e9ste el cantante platicar\u00e1 con algunas de las grandes personalidades del rap, R&amp;B e indie.&nbsp;<\/p>\n<p>Hasta ahora Lupe Fiasco, Keri Hilson y TV On The Radio ya est\u00e1n confirmados para estar en el show.&nbsp;<\/p>\n<p>&nbsp;<\/p>\n<\/p>\n<p>&nbsp;<\/p>\n<p>Fuente: www.rollingstone.com.mx<\/p>\n","protected":false},"excerpt":{"rendered":"<p>Luego de su exitosa participaci\u00f3n en el show estadounidense,&nbsp;The Voice, Cee Lo Green, integrante de Gnarls Barkley, tendr\u00e1 su propio talk show, el cual se estrenar\u00e1 el 22 de junio.&nbsp; El programa se llamar\u00e1&nbsp;Talking To Strangers, y en \u00e9ste el cantante platicar\u00e1 con algunas de las grandes personalidades del rap, R&amp;B e indie.&nbsp; Hasta ahora [&hellip;]<\/p>\n","protected":false},"author":4,"featured_media":100003695,"comment_status":"open","ping_status":"open","sticky":false,"template":"","format":"standard","meta":{"_jetpack_memberships_contains_paid_content":false,"footnotes":""},"categories":[142],"tags":[],"class_list":["post-3695","post","type-post","status-publish","format-standard","has-post-thumbnail","hentry","category-buzznews"],"jetpack_featured_media_url":"https:\/\/www.oidossucios.com\/site\/wp-content\/uploads\/2011\/06\/3695.jpg","yoast_head":"<!-- This site is optimized with the Yoast SEO plugin v14.0.4 - https:\/\/yoast.com\/wordpress\/plugins\/seo\/ -->\n<title>Cee Lo Green tendr\u00e1 su propio Talk Show - OidosSucios.Com<\/title>\n<meta name=\"robots\" content=\"index, follow\" \/>\n<meta name=\"googlebot\" content=\"index, follow, max-snippet:-1, max-image-preview:large, max-video-preview:-1\" \/>\n<meta name=\"bingbot\" content=\"index, follow, max-snippet:-1, max-image-preview:large, max-video-preview:-1\" \/>\n<link rel=\"canonical\" href=\"https:\/\/www.oidossucios.com\/site\/cee-lo-green-tendra-su-propio-talk-show\/\" \/>\n<meta property=\"og:locale\" content=\"es_ES\" \/>\n<meta property=\"og:type\" content=\"article\" \/>\n<meta property=\"og:title\" content=\"Cee Lo Green tendr\u00e1 su propio Talk Show - OidosSucios.Com\" \/>\n<meta property=\"og:description\" content=\"Luego de su exitosa participaci\u00f3n en el show estadounidense,&nbsp;The Voice, Cee Lo Green, integrante de Gnarls Barkley, tendr\u00e1 su propio talk show, el cual se estrenar\u00e1 el 22 de junio.&nbsp; El programa se llamar\u00e1&nbsp;Talking To Strangers, y en \u00e9ste el cantante platicar\u00e1 con algunas de las grandes personalidades del rap, R&amp;B e indie.&nbsp; Hasta ahora [&hellip;]\" \/>\n<meta property=\"og:url\" content=\"https:\/\/www.oidossucios.com\/site\/cee-lo-green-tendra-su-propio-talk-show\/\" \/>\n<meta property=\"og:site_name\" content=\"OidosSucios.Com\" \/>\n<meta property=\"article:published_time\" content=\"2011-06-22T16:27:00+00:00\" \/>\n<meta property=\"og:image\" content=\"https:\/\/www.oidossucios.com\/site\/wp-content\/uploads\/2011\/06\/3695.jpg\" \/>\n\t<meta property=\"og:image:width\" content=\"350\" \/>\n\t<meta property=\"og:image:height\" content=\"300\" \/>\n<meta name=\"twitter:card\" content=\"summary_large_image\" \/>\n<meta name=\"twitter:creator\" content=\"@oidossucios\" \/>\n<script type=\"application\/ld+json\" class=\"yoast-schema-graph\">{\"@context\":\"https:\/\/schema.org\",\"@graph\":[{\"@type\":\"WebSite\",\"@id\":\"https:\/\/www.oidossucios.com\/site\/#website\",\"url\":\"https:\/\/www.oidossucios.com\/site\/\",\"name\":\"OidosSucios.Com\",\"description\":\"M\\u00fasica, conciertos, discos\",\"potentialAction\":[{\"@type\":\"SearchAction\",\"target\":\"https:\/\/www.oidossucios.com\/site\/?s={search_term_string}\",\"query-input\":\"required name=search_term_string\"}],\"inLanguage\":\"es\"},{\"@type\":\"ImageObject\",\"@id\":\"https:\/\/www.oidossucios.com\/site\/cee-lo-green-tendra-su-propio-talk-show\/#primaryimage\",\"inLanguage\":\"es\",\"url\":\"https:\/\/www.oidossucios.com\/site\/wp-content\/uploads\/2011\/06\/3695.jpg\",\"width\":350,\"height\":300},{\"@type\":\"WebPage\",\"@id\":\"https:\/\/www.oidossucios.com\/site\/cee-lo-green-tendra-su-propio-talk-show\/#webpage\",\"url\":\"https:\/\/www.oidossucios.com\/site\/cee-lo-green-tendra-su-propio-talk-show\/\",\"name\":\"Cee Lo Green tendr\\u00e1 su propio Talk Show - OidosSucios.Com\",\"isPartOf\":{\"@id\":\"https:\/\/www.oidossucios.com\/site\/#website\"},\"primaryImageOfPage\":{\"@id\":\"https:\/\/www.oidossucios.com\/site\/cee-lo-green-tendra-su-propio-talk-show\/#primaryimage\"},\"datePublished\":\"2011-06-22T16:27:00+00:00\",\"dateModified\":\"2011-06-22T16:27:00+00:00\",\"author\":{\"@id\":\"https:\/\/www.oidossucios.com\/site\/#\/schema\/person\/24559eeb76bf83a63296fb072393a688\"},\"inLanguage\":\"es\",\"potentialAction\":[{\"@type\":\"ReadAction\",\"target\":[\"https:\/\/www.oidossucios.com\/site\/cee-lo-green-tendra-su-propio-talk-show\/\"]}]},{\"@type\":[\"Person\"],\"@id\":\"https:\/\/www.oidossucios.com\/site\/#\/schema\/person\/24559eeb76bf83a63296fb072393a688\",\"name\":\"Oidossucios\",\"image\":{\"@type\":\"ImageObject\",\"@id\":\"https:\/\/www.oidossucios.com\/site\/#personlogo\",\"inLanguage\":\"es\",\"url\":\"https:\/\/secure.gravatar.com\/avatar\/74fcb480f42f1a33e50a0b6e6369a3f907be2e43dc84fa5f76c66e9c22b4a5ab?s=96&d=mm&r=g\",\"caption\":\"Oidossucios\"},\"sameAs\":[\"https:\/\/twitter.com\/oidossucios\"]}]}<\/script>\n<!-- \/ Yoast SEO plugin. -->","jetpack_sharing_enabled":true,"_links":{"self":[{"href":"https:\/\/www.oidossucios.com\/site\/wp-json\/wp\/v2\/posts\/3695","targetHints":{"allow":["GET"]}}],"collection":[{"href":"https:\/\/www.oidossucios.com\/site\/wp-json\/wp\/v2\/posts"}],"about":[{"href":"https:\/\/www.oidossucios.com\/site\/wp-json\/wp\/v2\/types\/post"}],"author":[{"embeddable":true,"href":"https:\/\/www.oidossucios.com\/site\/wp-json\/wp\/v2\/users\/4"}],"replies":[{"embeddable":true,"href":"https:\/\/www.oidossucios.com\/site\/wp-json\/wp\/v2\/comments?post=3695"}],"version-history":[{"count":0,"href":"https:\/\/www.oidossucios.com\/site\/wp-json\/wp\/v2\/posts\/3695\/revisions"}],"wp:featuredmedia":[{"embeddable":true,"href":"https:\/\/www.oidossucios.com\/site\/wp-json\/wp\/v2\/media\/100003695"}],"wp:attachment":[{"href":"https:\/\/www.oidossucios.com\/site\/wp-json\/wp\/v2\/media?parent=3695"}],"wp:term":[{"taxonomy":"category","embeddable":true,"href":"https:\/\/www.oidossucios.com\/site\/wp-json\/wp\/v2\/categories?post=3695"},{"taxonomy":"post_tag","embeddable":true,"href":"https:\/\/www.oidossucios.com\/site\/wp-json\/wp\/v2\/tags?post=3695"}],"curies":[{"name":"wp","href":"https:\/\/api.w.org\/{rel}","templated":true}]}}