{"id":3698,"date":"2011-06-23T17:03:00","date_gmt":"2011-06-23T17:03:00","guid":{"rendered":"https:\/\/www.oidossucios.com\/site\/2011\/06\/23\/nirvana-con-edicion-de-aniversario-del-nevermind\/"},"modified":"2011-06-23T17:03:00","modified_gmt":"2011-06-23T17:03:00","slug":"nirvana-con-edicion-de-aniversario-del-nevermind","status":"publish","type":"post","link":"https:\/\/www.oidossucios.com\/site\/nirvana-con-edicion-de-aniversario-del-nevermind\/","title":{"rendered":"Nirvana con edici\u00f3n de aniversario del &#8220;Nevermind&#8221;"},"content":{"rendered":"\n<p>Pr\u00f3ximamente saldr\u00e1 a la venta una edici\u00f3n de lujo del&nbsp;<b>disco<\/b>&nbsp;de&nbsp;<b>Nirvana<\/b>, <b><i>Nevermind,<\/i><\/b>&nbsp;que fuera editado en septiembre de 1991.&nbsp;<\/p>\n<\/p>\n<p> Esta reedici\u00f3n consiste en cuatro CDs y un&nbsp;<b>DVD<\/b>&nbsp;con tracks&nbsp;<b>in\u00e9ditos<\/b>, rarezas, lados B, tomas alternas, grabaciones en vivo, y apariciones en&nbsp;<b>BBC radio<\/b>.&nbsp;<\/p>\n<p><\/p>\n<p> El DVD es un&nbsp;<b>concierto&nbsp;<\/b>in\u00e9dito de<b>&nbsp;Kurt Cobain&nbsp;<\/b>y<b>&nbsp;<\/b>compa\u00f1\u00eda, el cual estar\u00e1 a la venta el 19 de septiembre, exactamente 20 a\u00f1os despu\u00e9s de que saliera la versi\u00f3n original.&nbsp;<\/p>\n<p><\/p>\n<p> Desde su lanzamiento,&nbsp;<i>Nevermind<\/i>&nbsp;ha vendido m\u00e1s de 30 millones de copias en el mundo y para su vig\u00e9simo aniversario se tienen preparados una serie de eventos para conmemorarlo.&nbsp;<\/p>\n<p>&nbsp;<\/p>\n<p>&nbsp;<\/p>\n<p><iframe loading=\"lazy\" width=\"480\" height=\"390\" frameborder=\"0\" allowfullscreen=\"\" src=\"http:\/\/www.youtube.com\/embed\/DmBFW9liWMU?rel=0\"><\/iframe><\/p>\n<p><\/p>\n<p>Fuente: www.rollingstone.com.mx<\/p>\n","protected":false},"excerpt":{"rendered":"<p>Pr\u00f3ximamente saldr\u00e1 a la venta una edici\u00f3n de lujo del&nbsp;disco&nbsp;de&nbsp;Nirvana, Nevermind,&nbsp;que fuera editado en septiembre de 1991.&nbsp; Esta reedici\u00f3n consiste en cuatro CDs y un&nbsp;DVD&nbsp;con tracks&nbsp;in\u00e9ditos, rarezas, lados B, tomas alternas, grabaciones en vivo, y apariciones en&nbsp;BBC radio.&nbsp; El DVD es un&nbsp;concierto&nbsp;in\u00e9dito de&nbsp;Kurt Cobain&nbsp;y&nbsp;compa\u00f1\u00eda, el cual estar\u00e1 a la venta el 19 de septiembre, exactamente [&hellip;]<\/p>\n","protected":false},"author":4,"featured_media":0,"comment_status":"open","ping_status":"open","sticky":false,"template":"","format":"standard","meta":{"_jetpack_memberships_contains_paid_content":false,"footnotes":""},"categories":[142],"tags":[],"class_list":["post-3698","post","type-post","status-publish","format-standard","hentry","category-buzznews"],"jetpack_featured_media_url":"","yoast_head":"<!-- This site is optimized with the Yoast SEO plugin v14.0.4 - https:\/\/yoast.com\/wordpress\/plugins\/seo\/ -->\n<title>Nirvana con edici\u00f3n de aniversario del &quot;Nevermind&quot; - OidosSucios.Com<\/title>\n<meta name=\"robots\" content=\"index, follow\" \/>\n<meta name=\"googlebot\" content=\"index, follow, max-snippet:-1, max-image-preview:large, max-video-preview:-1\" \/>\n<meta name=\"bingbot\" content=\"index, follow, max-snippet:-1, max-image-preview:large, max-video-preview:-1\" \/>\n<link rel=\"canonical\" href=\"https:\/\/www.oidossucios.com\/site\/nirvana-con-edicion-de-aniversario-del-nevermind\/\" \/>\n<meta property=\"og:locale\" content=\"es_ES\" \/>\n<meta property=\"og:type\" content=\"article\" \/>\n<meta property=\"og:title\" content=\"Nirvana con edici\u00f3n de aniversario del &quot;Nevermind&quot; - OidosSucios.Com\" \/>\n<meta property=\"og:description\" content=\"Pr\u00f3ximamente saldr\u00e1 a la venta una edici\u00f3n de lujo del&nbsp;disco&nbsp;de&nbsp;Nirvana, Nevermind,&nbsp;que fuera editado en septiembre de 1991.&nbsp; Esta reedici\u00f3n consiste en cuatro CDs y un&nbsp;DVD&nbsp;con tracks&nbsp;in\u00e9ditos, rarezas, lados B, tomas alternas, grabaciones en vivo, y apariciones en&nbsp;BBC radio.&nbsp; El DVD es un&nbsp;concierto&nbsp;in\u00e9dito de&nbsp;Kurt Cobain&nbsp;y&nbsp;compa\u00f1\u00eda, el cual estar\u00e1 a la venta el 19 de septiembre, exactamente [&hellip;]\" \/>\n<meta property=\"og:url\" content=\"https:\/\/www.oidossucios.com\/site\/nirvana-con-edicion-de-aniversario-del-nevermind\/\" \/>\n<meta property=\"og:site_name\" content=\"OidosSucios.Com\" \/>\n<meta property=\"article:published_time\" content=\"2011-06-23T17:03:00+00:00\" \/>\n<meta name=\"twitter:card\" content=\"summary_large_image\" \/>\n<meta name=\"twitter:creator\" content=\"@oidossucios\" \/>\n<script type=\"application\/ld+json\" class=\"yoast-schema-graph\">{\"@context\":\"https:\/\/schema.org\",\"@graph\":[{\"@type\":\"WebSite\",\"@id\":\"https:\/\/www.oidossucios.com\/site\/#website\",\"url\":\"https:\/\/www.oidossucios.com\/site\/\",\"name\":\"OidosSucios.Com\",\"description\":\"M\\u00fasica, conciertos, discos\",\"potentialAction\":[{\"@type\":\"SearchAction\",\"target\":\"https:\/\/www.oidossucios.com\/site\/?s={search_term_string}\",\"query-input\":\"required name=search_term_string\"}],\"inLanguage\":\"es\"},{\"@type\":\"WebPage\",\"@id\":\"https:\/\/www.oidossucios.com\/site\/nirvana-con-edicion-de-aniversario-del-nevermind\/#webpage\",\"url\":\"https:\/\/www.oidossucios.com\/site\/nirvana-con-edicion-de-aniversario-del-nevermind\/\",\"name\":\"Nirvana con edici\\u00f3n de aniversario del \\\"Nevermind\\\" - OidosSucios.Com\",\"isPartOf\":{\"@id\":\"https:\/\/www.oidossucios.com\/site\/#website\"},\"datePublished\":\"2011-06-23T17:03:00+00:00\",\"dateModified\":\"2011-06-23T17:03:00+00:00\",\"author\":{\"@id\":\"https:\/\/www.oidossucios.com\/site\/#\/schema\/person\/24559eeb76bf83a63296fb072393a688\"},\"inLanguage\":\"es\",\"potentialAction\":[{\"@type\":\"ReadAction\",\"target\":[\"https:\/\/www.oidossucios.com\/site\/nirvana-con-edicion-de-aniversario-del-nevermind\/\"]}]},{\"@type\":[\"Person\"],\"@id\":\"https:\/\/www.oidossucios.com\/site\/#\/schema\/person\/24559eeb76bf83a63296fb072393a688\",\"name\":\"Oidossucios\",\"image\":{\"@type\":\"ImageObject\",\"@id\":\"https:\/\/www.oidossucios.com\/site\/#personlogo\",\"inLanguage\":\"es\",\"url\":\"https:\/\/secure.gravatar.com\/avatar\/74fcb480f42f1a33e50a0b6e6369a3f907be2e43dc84fa5f76c66e9c22b4a5ab?s=96&d=mm&r=g\",\"caption\":\"Oidossucios\"},\"sameAs\":[\"https:\/\/twitter.com\/oidossucios\"]}]}<\/script>\n<!-- \/ Yoast SEO plugin. -->","jetpack_sharing_enabled":true,"_links":{"self":[{"href":"https:\/\/www.oidossucios.com\/site\/wp-json\/wp\/v2\/posts\/3698","targetHints":{"allow":["GET"]}}],"collection":[{"href":"https:\/\/www.oidossucios.com\/site\/wp-json\/wp\/v2\/posts"}],"about":[{"href":"https:\/\/www.oidossucios.com\/site\/wp-json\/wp\/v2\/types\/post"}],"author":[{"embeddable":true,"href":"https:\/\/www.oidossucios.com\/site\/wp-json\/wp\/v2\/users\/4"}],"replies":[{"embeddable":true,"href":"https:\/\/www.oidossucios.com\/site\/wp-json\/wp\/v2\/comments?post=3698"}],"version-history":[{"count":0,"href":"https:\/\/www.oidossucios.com\/site\/wp-json\/wp\/v2\/posts\/3698\/revisions"}],"wp:attachment":[{"href":"https:\/\/www.oidossucios.com\/site\/wp-json\/wp\/v2\/media?parent=3698"}],"wp:term":[{"taxonomy":"category","embeddable":true,"href":"https:\/\/www.oidossucios.com\/site\/wp-json\/wp\/v2\/categories?post=3698"},{"taxonomy":"post_tag","embeddable":true,"href":"https:\/\/www.oidossucios.com\/site\/wp-json\/wp\/v2\/tags?post=3698"}],"curies":[{"name":"wp","href":"https:\/\/api.w.org\/{rel}","templated":true}]}}