{"id":3718,"date":"2011-06-28T15:41:00","date_gmt":"2011-06-28T15:41:00","guid":{"rendered":"https:\/\/www.oidossucios.com\/site\/2011\/06\/28\/video-johnny-depp-y-alice-cooper-juntos-en-concierto\/"},"modified":"2011-06-28T15:41:00","modified_gmt":"2011-06-28T15:41:00","slug":"video-johnny-depp-y-alice-cooper-juntos-en-concierto","status":"publish","type":"post","link":"https:\/\/www.oidossucios.com\/site\/video-johnny-depp-y-alice-cooper-juntos-en-concierto\/","title":{"rendered":"VIDEO: Johnny Depp y Alice Cooper juntos en concierto"},"content":{"rendered":"\n<p>El actor Johnny Depp acompa\u00f1o a la leyenda del rock, Alice Cooper en el escenario durante una presentaci\u00f3n en Londres, anoche (26 de junio). Mientras miles de personas se encontraban en Worthy Farm para el festival Glastonbury, Cooper ofreci\u00f3 un concierto \u00edntimo en el 100 Club.<\/p>\n<p>La noche para el recuerdo comenzaba a escribirse cuando Cooper public\u00f3 en su p\u00e1gina de Facebook una foto de Depp con guitarra en mano y un texto que dec\u00eda: &#8220;Johnny Depp!! Esperando saltar al escenario con Alice para \u00b418\u0092 y &#8220;Schools Out&#8221;!&#8221;.<\/p>\n<p>&nbsp;<\/p>\n<p>Depp fue presentado por Cooper; &#8220;Creo que podemos usar otro guitarrista, correcto? Jonny, si todo esto de las pel\u00edculas\u0085 no resulta, \u00fanete a nosotros, okay?&#8221; y acompa\u00f1\u00f3 con su guitarra en &#8220;18&#8221;, el cover de Pink Floyd &#8220;Another Brick in the Wall&#8221; que sirvi\u00f3 de introducci\u00f3n a &#8220;School\u00b4s Out&#8221;.<\/p>\n<p>&nbsp;<\/p>\n<p>A continuaci\u00f3n un video con lo sucedido:<\/p>\n<p>&nbsp;<\/p>\n<p><iframe loading=\"lazy\" width=\"640\" height=\"390\" frameborder=\"0\" allowfullscreen=\"\" src=\"http:\/\/www.youtube.com\/embed\/z3MY-6IPoY4?rel=0\"><\/iframe><\/p>\n<p><\/p>\n<p>Fuente: www.warp.la<\/p>\n","protected":false},"excerpt":{"rendered":"<p>El actor Johnny Depp acompa\u00f1o a la leyenda del rock, Alice Cooper en el escenario durante una presentaci\u00f3n en Londres, anoche (26 de junio). Mientras miles de personas se encontraban en Worthy Farm para el festival Glastonbury, Cooper ofreci\u00f3 un concierto \u00edntimo en el 100 Club. La noche para el recuerdo comenzaba a escribirse cuando [&hellip;]<\/p>\n","protected":false},"author":4,"featured_media":100003718,"comment_status":"open","ping_status":"open","sticky":false,"template":"","format":"standard","meta":{"_jetpack_memberships_contains_paid_content":false,"footnotes":""},"categories":[142],"tags":[],"class_list":["post-3718","post","type-post","status-publish","format-standard","has-post-thumbnail","hentry","category-buzznews"],"jetpack_featured_media_url":"https:\/\/www.oidossucios.com\/site\/wp-content\/uploads\/2011\/06\/3718.jpg","yoast_head":"<!-- This site is optimized with the Yoast SEO plugin v14.0.4 - https:\/\/yoast.com\/wordpress\/plugins\/seo\/ -->\n<title>VIDEO: Johnny Depp y Alice Cooper juntos en concierto - OidosSucios.Com<\/title>\n<meta name=\"robots\" content=\"index, follow\" \/>\n<meta name=\"googlebot\" content=\"index, follow, max-snippet:-1, max-image-preview:large, max-video-preview:-1\" \/>\n<meta name=\"bingbot\" content=\"index, follow, max-snippet:-1, max-image-preview:large, max-video-preview:-1\" \/>\n<link rel=\"canonical\" href=\"https:\/\/www.oidossucios.com\/site\/video-johnny-depp-y-alice-cooper-juntos-en-concierto\/\" \/>\n<meta property=\"og:locale\" content=\"es_ES\" \/>\n<meta property=\"og:type\" content=\"article\" \/>\n<meta property=\"og:title\" content=\"VIDEO: Johnny Depp y Alice Cooper juntos en concierto - OidosSucios.Com\" \/>\n<meta property=\"og:description\" content=\"El actor Johnny Depp acompa\u00f1o a la leyenda del rock, Alice Cooper en el escenario durante una presentaci\u00f3n en Londres, anoche (26 de junio). Mientras miles de personas se encontraban en Worthy Farm para el festival Glastonbury, Cooper ofreci\u00f3 un concierto \u00edntimo en el 100 Club. La noche para el recuerdo comenzaba a escribirse cuando [&hellip;]\" \/>\n<meta property=\"og:url\" content=\"https:\/\/www.oidossucios.com\/site\/video-johnny-depp-y-alice-cooper-juntos-en-concierto\/\" \/>\n<meta property=\"og:site_name\" content=\"OidosSucios.Com\" \/>\n<meta property=\"article:published_time\" content=\"2011-06-28T15:41:00+00:00\" \/>\n<meta property=\"og:image\" content=\"https:\/\/www.oidossucios.com\/site\/wp-content\/uploads\/2011\/06\/3718.jpg\" \/>\n\t<meta property=\"og:image:width\" content=\"350\" \/>\n\t<meta property=\"og:image:height\" content=\"300\" \/>\n<meta name=\"twitter:card\" content=\"summary_large_image\" \/>\n<meta name=\"twitter:creator\" content=\"@oidossucios\" \/>\n<script type=\"application\/ld+json\" class=\"yoast-schema-graph\">{\"@context\":\"https:\/\/schema.org\",\"@graph\":[{\"@type\":\"WebSite\",\"@id\":\"https:\/\/www.oidossucios.com\/site\/#website\",\"url\":\"https:\/\/www.oidossucios.com\/site\/\",\"name\":\"OidosSucios.Com\",\"description\":\"M\\u00fasica, conciertos, discos\",\"potentialAction\":[{\"@type\":\"SearchAction\",\"target\":\"https:\/\/www.oidossucios.com\/site\/?s={search_term_string}\",\"query-input\":\"required name=search_term_string\"}],\"inLanguage\":\"es\"},{\"@type\":\"ImageObject\",\"@id\":\"https:\/\/www.oidossucios.com\/site\/video-johnny-depp-y-alice-cooper-juntos-en-concierto\/#primaryimage\",\"inLanguage\":\"es\",\"url\":\"https:\/\/www.oidossucios.com\/site\/wp-content\/uploads\/2011\/06\/3718.jpg\",\"width\":350,\"height\":300},{\"@type\":\"WebPage\",\"@id\":\"https:\/\/www.oidossucios.com\/site\/video-johnny-depp-y-alice-cooper-juntos-en-concierto\/#webpage\",\"url\":\"https:\/\/www.oidossucios.com\/site\/video-johnny-depp-y-alice-cooper-juntos-en-concierto\/\",\"name\":\"VIDEO: Johnny Depp y Alice Cooper juntos en concierto - OidosSucios.Com\",\"isPartOf\":{\"@id\":\"https:\/\/www.oidossucios.com\/site\/#website\"},\"primaryImageOfPage\":{\"@id\":\"https:\/\/www.oidossucios.com\/site\/video-johnny-depp-y-alice-cooper-juntos-en-concierto\/#primaryimage\"},\"datePublished\":\"2011-06-28T15:41:00+00:00\",\"dateModified\":\"2011-06-28T15:41:00+00:00\",\"author\":{\"@id\":\"https:\/\/www.oidossucios.com\/site\/#\/schema\/person\/24559eeb76bf83a63296fb072393a688\"},\"inLanguage\":\"es\",\"potentialAction\":[{\"@type\":\"ReadAction\",\"target\":[\"https:\/\/www.oidossucios.com\/site\/video-johnny-depp-y-alice-cooper-juntos-en-concierto\/\"]}]},{\"@type\":[\"Person\"],\"@id\":\"https:\/\/www.oidossucios.com\/site\/#\/schema\/person\/24559eeb76bf83a63296fb072393a688\",\"name\":\"Oidossucios\",\"image\":{\"@type\":\"ImageObject\",\"@id\":\"https:\/\/www.oidossucios.com\/site\/#personlogo\",\"inLanguage\":\"es\",\"url\":\"https:\/\/secure.gravatar.com\/avatar\/74fcb480f42f1a33e50a0b6e6369a3f907be2e43dc84fa5f76c66e9c22b4a5ab?s=96&d=mm&r=g\",\"caption\":\"Oidossucios\"},\"sameAs\":[\"https:\/\/twitter.com\/oidossucios\"]}]}<\/script>\n<!-- \/ Yoast SEO plugin. -->","jetpack_sharing_enabled":true,"_links":{"self":[{"href":"https:\/\/www.oidossucios.com\/site\/wp-json\/wp\/v2\/posts\/3718","targetHints":{"allow":["GET"]}}],"collection":[{"href":"https:\/\/www.oidossucios.com\/site\/wp-json\/wp\/v2\/posts"}],"about":[{"href":"https:\/\/www.oidossucios.com\/site\/wp-json\/wp\/v2\/types\/post"}],"author":[{"embeddable":true,"href":"https:\/\/www.oidossucios.com\/site\/wp-json\/wp\/v2\/users\/4"}],"replies":[{"embeddable":true,"href":"https:\/\/www.oidossucios.com\/site\/wp-json\/wp\/v2\/comments?post=3718"}],"version-history":[{"count":0,"href":"https:\/\/www.oidossucios.com\/site\/wp-json\/wp\/v2\/posts\/3718\/revisions"}],"wp:featuredmedia":[{"embeddable":true,"href":"https:\/\/www.oidossucios.com\/site\/wp-json\/wp\/v2\/media\/100003718"}],"wp:attachment":[{"href":"https:\/\/www.oidossucios.com\/site\/wp-json\/wp\/v2\/media?parent=3718"}],"wp:term":[{"taxonomy":"category","embeddable":true,"href":"https:\/\/www.oidossucios.com\/site\/wp-json\/wp\/v2\/categories?post=3718"},{"taxonomy":"post_tag","embeddable":true,"href":"https:\/\/www.oidossucios.com\/site\/wp-json\/wp\/v2\/tags?post=3718"}],"curies":[{"name":"wp","href":"https:\/\/api.w.org\/{rel}","templated":true}]}}