{"id":372,"date":"2002-08-13T03:46:00","date_gmt":"2002-08-13T03:46:00","guid":{"rendered":"https:\/\/www.oidossucios.com\/site\/2002\/08\/13\/festival-justicia-rockera\/"},"modified":"2002-08-13T03:46:00","modified_gmt":"2002-08-13T03:46:00","slug":"festival-justicia-rockera","status":"publish","type":"post","link":"https:\/\/www.oidossucios.com\/site\/festival-justicia-rockera\/","title":{"rendered":"Festival Justicia Rockera"},"content":{"rendered":"<p>Por Daniel Noboa<\/p>\n<p>En estos tiempos tan duros, con tanta crisis, odio y fanatismo por uno u otro bando, resulta rentable hacer un toque pol\u00edtico: la gente va porque es gratis y los movimientos pol\u00edticos pueden dar su mensaje a los j\u00f3venes que, si se les trata bien, podr\u00edan votar por ti dentro de 2 o 3 a\u00f1os (y tal). <\/p>\n<p>El pasado s\u00e1bado hubo un concierto as\u00ed en el anfiteatro de la plaza Altamira, organizado por Primero Justicia, ya se pueden imaginar por donde iba la cosa. El evento estaba pautado para las 2:00 pm, pero arranc\u00f3 a las 3 y pico porque hubo algunos retrasos en el sonido que por cierto era extremadamente rancho, los cables hac\u00edan tierra, estaban pelados, si los mirabas mal dejaban de sonar\u0085aun as\u00ed y a pesar de\u0085se mont\u00f3 Parkas, la primera banda de la tarde. Alex de Invytro cant\u00f3 invitado el primer tema de la tarde junto a Sujeid en la 2da voz en un experimento que lamentablemente no pudimos disfrutar bien porque las fallas de sonido eran espantosas. Pr\u00e1cticamente todo el show de Parkas sufri\u00f3 las consecuencias de un ingeniero y un sonido mediocre. Aun as\u00ed los chamos se concentraron en tocar lo mejor posible. Al final el p\u00fablico sabe lo que en verdad pas\u00f3. <br \/>La 2da banda, Guacamaya Urbana no capt\u00f3 mucho el inter\u00e9s de la gente y yo me fui a comprar pollo Arturo&#8217;s as\u00ed que no s\u00e9. <\/p>\n<p>De tercero se mont\u00f3 Don Khumalo. Para ese momento el sonido hab\u00eda mejorado un 15% y Marcel de Skatz se hab\u00eda montado en la consola para salvar la patria. Esta banda cada vez suena mejor. Con su ska tradicional y rocksteady, estos panas se engancharon r\u00e1pido con el p\u00fablico, m\u00e1s aun con la excelente vocalista que se gastan. Fueron la primera banda aplaudida de la tarde. <\/p>\n<p>Pasadas las 6 de la tarde, Skatz se mont\u00f3en tarima, y lo primero que dijo Marcel mientras arrancaba el intro fue: &#8216;Lev\u00e1ntense todos que sentados no se disfruta un concierto, arriba todo el mundo&#8217;\u0085no hab\u00eda terminado de decir estas palabras cuando ya todo el mundo esta de pie y abajo hab\u00eda una olla co\u00f1acera que no par\u00f3 en los 20 minutos de show que dieron. &#8216;Reach me&#8217;, &#8216;La Rutina&#8217;, &#8216;Close to me&#8217; un cover de Skatalites &#8216;Skaloween&#8217;, la versi\u00f3n de &#8216;Prejuicios&#8217; de Sentimiento Muerto, el cl\u00e1sico anti-chavista &#8217;11 A&#8217; y el cierre con &#8216;Get my way&#8217; fueron los temas con los que Skatz demostr\u00f3 el band\u00f3n que son y que sin importar como estuvieran sonando, cuando una banda es buena, el p\u00fablico disfruta igual. Buen feeling entre los m\u00fasicos y la gente. Obviamente no faltaron los mensajes pol\u00edticos de Skatz en contra del gobierno, cosa que emocion\u00f3 a los presentes ene l lugar, especialmente a los miembros de Primero Justicia.<\/p>\n<p>Subsonus cerr\u00f3 el festival alrededor de las 8:00 pm con un p\u00fablico agotado por la cabilla de Skatz, pero que se mantuvieron fieles al neo metal. Yo como estaba muy cansado me fui y s\u00f3lo vi como 3 canciones.<\/p>\n<p>[osp]2[\/osp]<\/p>\n","protected":false},"excerpt":{"rendered":"<p>Entre tanta crisis, odio y fanatismo, Parkas, Guacamaya Urbana, Don Khumalo, Skatz y Subsonus (en la foto) tocaron en el primer festival organizado por Primero Justicia.<\/p>\n","protected":false},"author":4,"featured_media":0,"comment_status":"open","ping_status":"open","sticky":false,"template":"","format":"standard","meta":{"_jetpack_memberships_contains_paid_content":false,"footnotes":""},"categories":[203],"tags":[144],"class_list":["post-372","post","type-post","status-publish","format-standard","hentry","category-eventos","tag-ruidoblanco"],"jetpack_featured_media_url":"","yoast_head":"<!-- This site is optimized with the Yoast SEO plugin v14.0.4 - https:\/\/yoast.com\/wordpress\/plugins\/seo\/ -->\n<title>Festival Justicia Rockera - OidosSucios.Com<\/title>\n<meta name=\"description\" content=\"Entre tanta crisis, odio y fanatismo, Parkas, Guacamaya Urbana, Don Khumalo, Skatz y Subsonus (en la foto) tocaron en el primer festival organizado por Primero Justicia.\" \/>\n<meta name=\"robots\" content=\"index, follow\" \/>\n<meta name=\"googlebot\" content=\"index, follow, max-snippet:-1, max-image-preview:large, max-video-preview:-1\" \/>\n<meta name=\"bingbot\" content=\"index, follow, max-snippet:-1, max-image-preview:large, max-video-preview:-1\" \/>\n<link rel=\"canonical\" href=\"https:\/\/www.oidossucios.com\/site\/festival-justicia-rockera\/\" \/>\n<meta property=\"og:locale\" content=\"es_ES\" \/>\n<meta property=\"og:type\" content=\"article\" \/>\n<meta property=\"og:title\" content=\"Festival Justicia Rockera - OidosSucios.Com\" \/>\n<meta property=\"og:description\" content=\"Entre tanta crisis, odio y fanatismo, Parkas, Guacamaya Urbana, Don Khumalo, Skatz y Subsonus (en la foto) tocaron en el primer festival organizado por Primero Justicia.\" \/>\n<meta property=\"og:url\" content=\"https:\/\/www.oidossucios.com\/site\/festival-justicia-rockera\/\" \/>\n<meta property=\"og:site_name\" content=\"OidosSucios.Com\" \/>\n<meta property=\"article:published_time\" content=\"2002-08-13T03:46:00+00:00\" \/>\n<meta name=\"twitter:card\" content=\"summary_large_image\" \/>\n<meta name=\"twitter:creator\" content=\"@oidossucios\" \/>\n<script type=\"application\/ld+json\" class=\"yoast-schema-graph\">{\"@context\":\"https:\/\/schema.org\",\"@graph\":[{\"@type\":\"WebSite\",\"@id\":\"https:\/\/www.oidossucios.com\/site\/#website\",\"url\":\"https:\/\/www.oidossucios.com\/site\/\",\"name\":\"OidosSucios.Com\",\"description\":\"M\\u00fasica, conciertos, discos\",\"potentialAction\":[{\"@type\":\"SearchAction\",\"target\":\"https:\/\/www.oidossucios.com\/site\/?s={search_term_string}\",\"query-input\":\"required name=search_term_string\"}],\"inLanguage\":\"es\"},{\"@type\":\"WebPage\",\"@id\":\"https:\/\/www.oidossucios.com\/site\/festival-justicia-rockera\/#webpage\",\"url\":\"https:\/\/www.oidossucios.com\/site\/festival-justicia-rockera\/\",\"name\":\"Festival Justicia Rockera - OidosSucios.Com\",\"isPartOf\":{\"@id\":\"https:\/\/www.oidossucios.com\/site\/#website\"},\"datePublished\":\"2002-08-13T03:46:00+00:00\",\"dateModified\":\"2002-08-13T03:46:00+00:00\",\"author\":{\"@id\":\"https:\/\/www.oidossucios.com\/site\/#\/schema\/person\/24559eeb76bf83a63296fb072393a688\"},\"description\":\"Entre tanta crisis, odio y fanatismo, Parkas, Guacamaya Urbana, Don Khumalo, Skatz y Subsonus (en la foto) tocaron en el primer festival organizado por Primero Justicia.\",\"inLanguage\":\"es\",\"potentialAction\":[{\"@type\":\"ReadAction\",\"target\":[\"https:\/\/www.oidossucios.com\/site\/festival-justicia-rockera\/\"]}]},{\"@type\":[\"Person\"],\"@id\":\"https:\/\/www.oidossucios.com\/site\/#\/schema\/person\/24559eeb76bf83a63296fb072393a688\",\"name\":\"Oidossucios\",\"image\":{\"@type\":\"ImageObject\",\"@id\":\"https:\/\/www.oidossucios.com\/site\/#personlogo\",\"inLanguage\":\"es\",\"url\":\"https:\/\/secure.gravatar.com\/avatar\/74fcb480f42f1a33e50a0b6e6369a3f907be2e43dc84fa5f76c66e9c22b4a5ab?s=96&d=mm&r=g\",\"caption\":\"Oidossucios\"},\"sameAs\":[\"https:\/\/twitter.com\/oidossucios\"]}]}<\/script>\n<!-- \/ Yoast SEO plugin. -->","jetpack_sharing_enabled":true,"_links":{"self":[{"href":"https:\/\/www.oidossucios.com\/site\/wp-json\/wp\/v2\/posts\/372","targetHints":{"allow":["GET"]}}],"collection":[{"href":"https:\/\/www.oidossucios.com\/site\/wp-json\/wp\/v2\/posts"}],"about":[{"href":"https:\/\/www.oidossucios.com\/site\/wp-json\/wp\/v2\/types\/post"}],"author":[{"embeddable":true,"href":"https:\/\/www.oidossucios.com\/site\/wp-json\/wp\/v2\/users\/4"}],"replies":[{"embeddable":true,"href":"https:\/\/www.oidossucios.com\/site\/wp-json\/wp\/v2\/comments?post=372"}],"version-history":[{"count":0,"href":"https:\/\/www.oidossucios.com\/site\/wp-json\/wp\/v2\/posts\/372\/revisions"}],"wp:attachment":[{"href":"https:\/\/www.oidossucios.com\/site\/wp-json\/wp\/v2\/media?parent=372"}],"wp:term":[{"taxonomy":"category","embeddable":true,"href":"https:\/\/www.oidossucios.com\/site\/wp-json\/wp\/v2\/categories?post=372"},{"taxonomy":"post_tag","embeddable":true,"href":"https:\/\/www.oidossucios.com\/site\/wp-json\/wp\/v2\/tags?post=372"}],"curies":[{"name":"wp","href":"https:\/\/api.w.org\/{rel}","templated":true}]}}