{"id":3743,"date":"2011-07-01T06:49:00","date_gmt":"2011-07-01T06:49:00","guid":{"rendered":"https:\/\/www.oidossucios.com\/site\/2011\/07\/01\/album-de-jay-z-y-kanye-west-podria-lanzarse-este-lunes\/"},"modified":"2011-07-01T06:49:00","modified_gmt":"2011-07-01T06:49:00","slug":"album-de-jay-z-y-kanye-west-podria-lanzarse-este-lunes","status":"publish","type":"post","link":"https:\/\/www.oidossucios.com\/site\/album-de-jay-z-y-kanye-west-podria-lanzarse-este-lunes\/","title":{"rendered":"\u00c1lbum de Jay-Z y Kanye West podr\u00eda lanzarse este lunes"},"content":{"rendered":"\n<p>El proyecto en colaboraci\u00f3n de entre Jay-Z y Kanye West podr\u00eda lanzarse el pr\u00f3ximo lunes (4 de julio).<\/p>\n<p>MTV reporta que algunos medios de comunicaci\u00f3n y en especial All Hip Hop, han dicho que el lanzamiento de &#8220;Watch The Throne&#8221; ser\u00e1 la pr\u00f3xima semana en formato digital. <\/p>\n<p><\/p>\n<p>&#8220;Estoy escuchando uno de los rumores m\u00e1s locos en un minuto. Los rumores de la cuadra dicen que Jay-Z y Yeezy lanzar\u00e1n &#8220;Watch The Throne&#8221; el LUNES solamente en formato digital&#8221; citan al sitio web especializado en hip hop. Tambi\u00e9n publicaron: &#8220;A\u00f1ado que ni Kanye ni Jay han dicho algo al respecto del lanzamiento aunque ya lanzaron &#8220;H.A.M.&#8221; a principios de este a\u00f1o. El rumor de este lunes se suma a los rumores del 4 de julio que hab\u00eda publicado. Pero lo de la parte digital es nuevo&#8221;.<\/p>\n<p><\/p>\n<p>El sorpresivo lanzamiento podr\u00eda ser una estrategia para adelantarse a ser filtrados en la red como ocurri\u00f3 con el \u00faltimo \u00e1lbum de Kanye West que estuvo circulando por la red un mes antes de su lanzamiento oficial o lo ocurrido con el &#8220;4&#8221; de Beyonc\u00e9 m\u00e1s recientemente.<\/p>\n<p><\/p>\n<p>Los rumores de lanzamiento de este \u00e1lbum comenzaron en enero para hacerse m\u00e1s fuertes un par de meses despu\u00e9s.<\/p>\n<p>&nbsp;<\/p>\n<p>Fuente: www.warp.la<\/p>\n","protected":false},"excerpt":{"rendered":"<p>El proyecto en colaboraci\u00f3n de entre Jay-Z y Kanye West podr\u00eda lanzarse el pr\u00f3ximo lunes (4 de julio). MTV reporta que algunos medios de comunicaci\u00f3n y en especial All Hip Hop, han dicho que el lanzamiento de &#8220;Watch The Throne&#8221; ser\u00e1 la pr\u00f3xima semana en formato digital. &#8220;Estoy escuchando uno de los rumores m\u00e1s locos [&hellip;]<\/p>\n","protected":false},"author":4,"featured_media":100003743,"comment_status":"open","ping_status":"open","sticky":false,"template":"","format":"standard","meta":{"_jetpack_memberships_contains_paid_content":false,"footnotes":""},"categories":[142],"tags":[],"class_list":["post-3743","post","type-post","status-publish","format-standard","has-post-thumbnail","hentry","category-buzznews"],"jetpack_featured_media_url":"https:\/\/www.oidossucios.com\/site\/wp-content\/uploads\/2011\/07\/3743.jpg","yoast_head":"<!-- This site is optimized with the Yoast SEO plugin v14.0.4 - https:\/\/yoast.com\/wordpress\/plugins\/seo\/ -->\n<title>\u00c1lbum de Jay-Z y Kanye West podr\u00eda lanzarse este lunes - OidosSucios.Com<\/title>\n<meta name=\"robots\" content=\"index, follow\" \/>\n<meta name=\"googlebot\" content=\"index, follow, max-snippet:-1, max-image-preview:large, max-video-preview:-1\" \/>\n<meta name=\"bingbot\" content=\"index, follow, max-snippet:-1, max-image-preview:large, max-video-preview:-1\" \/>\n<link rel=\"canonical\" href=\"https:\/\/www.oidossucios.com\/site\/album-de-jay-z-y-kanye-west-podria-lanzarse-este-lunes\/\" \/>\n<meta property=\"og:locale\" content=\"es_ES\" \/>\n<meta property=\"og:type\" content=\"article\" \/>\n<meta property=\"og:title\" content=\"\u00c1lbum de Jay-Z y Kanye West podr\u00eda lanzarse este lunes - OidosSucios.Com\" \/>\n<meta property=\"og:description\" content=\"El proyecto en colaboraci\u00f3n de entre Jay-Z y Kanye West podr\u00eda lanzarse el pr\u00f3ximo lunes (4 de julio). MTV reporta que algunos medios de comunicaci\u00f3n y en especial All Hip Hop, han dicho que el lanzamiento de &#8220;Watch The Throne&#8221; ser\u00e1 la pr\u00f3xima semana en formato digital. &#8220;Estoy escuchando uno de los rumores m\u00e1s locos [&hellip;]\" \/>\n<meta property=\"og:url\" content=\"https:\/\/www.oidossucios.com\/site\/album-de-jay-z-y-kanye-west-podria-lanzarse-este-lunes\/\" \/>\n<meta property=\"og:site_name\" content=\"OidosSucios.Com\" \/>\n<meta property=\"article:published_time\" content=\"2011-07-01T06:49:00+00:00\" \/>\n<meta property=\"og:image\" content=\"https:\/\/www.oidossucios.com\/site\/wp-content\/uploads\/2011\/07\/3743.jpg\" \/>\n\t<meta property=\"og:image:width\" content=\"350\" \/>\n\t<meta property=\"og:image:height\" content=\"300\" \/>\n<meta name=\"twitter:card\" content=\"summary_large_image\" \/>\n<meta name=\"twitter:creator\" content=\"@oidossucios\" \/>\n<script type=\"application\/ld+json\" class=\"yoast-schema-graph\">{\"@context\":\"https:\/\/schema.org\",\"@graph\":[{\"@type\":\"WebSite\",\"@id\":\"https:\/\/www.oidossucios.com\/site\/#website\",\"url\":\"https:\/\/www.oidossucios.com\/site\/\",\"name\":\"OidosSucios.Com\",\"description\":\"M\\u00fasica, conciertos, discos\",\"potentialAction\":[{\"@type\":\"SearchAction\",\"target\":\"https:\/\/www.oidossucios.com\/site\/?s={search_term_string}\",\"query-input\":\"required name=search_term_string\"}],\"inLanguage\":\"es\"},{\"@type\":\"ImageObject\",\"@id\":\"https:\/\/www.oidossucios.com\/site\/album-de-jay-z-y-kanye-west-podria-lanzarse-este-lunes\/#primaryimage\",\"inLanguage\":\"es\",\"url\":\"https:\/\/www.oidossucios.com\/site\/wp-content\/uploads\/2011\/07\/3743.jpg\",\"width\":350,\"height\":300},{\"@type\":\"WebPage\",\"@id\":\"https:\/\/www.oidossucios.com\/site\/album-de-jay-z-y-kanye-west-podria-lanzarse-este-lunes\/#webpage\",\"url\":\"https:\/\/www.oidossucios.com\/site\/album-de-jay-z-y-kanye-west-podria-lanzarse-este-lunes\/\",\"name\":\"\\u00c1lbum de Jay-Z y Kanye West podr\\u00eda lanzarse este lunes - OidosSucios.Com\",\"isPartOf\":{\"@id\":\"https:\/\/www.oidossucios.com\/site\/#website\"},\"primaryImageOfPage\":{\"@id\":\"https:\/\/www.oidossucios.com\/site\/album-de-jay-z-y-kanye-west-podria-lanzarse-este-lunes\/#primaryimage\"},\"datePublished\":\"2011-07-01T06:49:00+00:00\",\"dateModified\":\"2011-07-01T06:49:00+00:00\",\"author\":{\"@id\":\"https:\/\/www.oidossucios.com\/site\/#\/schema\/person\/24559eeb76bf83a63296fb072393a688\"},\"inLanguage\":\"es\",\"potentialAction\":[{\"@type\":\"ReadAction\",\"target\":[\"https:\/\/www.oidossucios.com\/site\/album-de-jay-z-y-kanye-west-podria-lanzarse-este-lunes\/\"]}]},{\"@type\":[\"Person\"],\"@id\":\"https:\/\/www.oidossucios.com\/site\/#\/schema\/person\/24559eeb76bf83a63296fb072393a688\",\"name\":\"Oidossucios\",\"image\":{\"@type\":\"ImageObject\",\"@id\":\"https:\/\/www.oidossucios.com\/site\/#personlogo\",\"inLanguage\":\"es\",\"url\":\"https:\/\/secure.gravatar.com\/avatar\/74fcb480f42f1a33e50a0b6e6369a3f907be2e43dc84fa5f76c66e9c22b4a5ab?s=96&d=mm&r=g\",\"caption\":\"Oidossucios\"},\"sameAs\":[\"https:\/\/twitter.com\/oidossucios\"]}]}<\/script>\n<!-- \/ Yoast SEO plugin. -->","jetpack_sharing_enabled":true,"_links":{"self":[{"href":"https:\/\/www.oidossucios.com\/site\/wp-json\/wp\/v2\/posts\/3743","targetHints":{"allow":["GET"]}}],"collection":[{"href":"https:\/\/www.oidossucios.com\/site\/wp-json\/wp\/v2\/posts"}],"about":[{"href":"https:\/\/www.oidossucios.com\/site\/wp-json\/wp\/v2\/types\/post"}],"author":[{"embeddable":true,"href":"https:\/\/www.oidossucios.com\/site\/wp-json\/wp\/v2\/users\/4"}],"replies":[{"embeddable":true,"href":"https:\/\/www.oidossucios.com\/site\/wp-json\/wp\/v2\/comments?post=3743"}],"version-history":[{"count":0,"href":"https:\/\/www.oidossucios.com\/site\/wp-json\/wp\/v2\/posts\/3743\/revisions"}],"wp:featuredmedia":[{"embeddable":true,"href":"https:\/\/www.oidossucios.com\/site\/wp-json\/wp\/v2\/media\/100003743"}],"wp:attachment":[{"href":"https:\/\/www.oidossucios.com\/site\/wp-json\/wp\/v2\/media?parent=3743"}],"wp:term":[{"taxonomy":"category","embeddable":true,"href":"https:\/\/www.oidossucios.com\/site\/wp-json\/wp\/v2\/categories?post=3743"},{"taxonomy":"post_tag","embeddable":true,"href":"https:\/\/www.oidossucios.com\/site\/wp-json\/wp\/v2\/tags?post=3743"}],"curies":[{"name":"wp","href":"https:\/\/api.w.org\/{rel}","templated":true}]}}