{"id":3744,"date":"2011-07-01T06:54:00","date_gmt":"2011-07-01T06:54:00","guid":{"rendered":"https:\/\/www.oidossucios.com\/site\/2011\/07\/01\/presentaran-actuacion-de-nirvana-en-los-festivales-reading-y-leeds\/"},"modified":"2011-07-01T06:54:00","modified_gmt":"2011-07-01T06:54:00","slug":"presentaran-actuacion-de-nirvana-en-los-festivales-reading-y-leeds","status":"publish","type":"post","link":"https:\/\/www.oidossucios.com\/site\/presentaran-actuacion-de-nirvana-en-los-festivales-reading-y-leeds\/","title":{"rendered":"Presentar\u00e1n actuaci\u00f3n de Nirvana en los festivales Reading y Leeds"},"content":{"rendered":"\n<p>Nirvana y su legendaria actuaci\u00f3n en los festivales Reading y Leeds en su edici\u00f3n de 1992, se proyectar\u00e1 dos veces en las ediciones de este a\u00f1o. Kurt Cobain y compa\u00f1\u00eda ser\u00e1n proyectados en la pantalla grande en el escenario Alternative, en la noche de apertura del festival Leeds y en la noche de clausura del Reading, que se llevar\u00e1 a cabo del 26 al 28 de agosto en Inglaterra.<\/p>\n<p><\/p>\n<p>El concierto, es recordado debido a que Cobain se plant\u00f3 en el escenario en silla de ruedas y con una bata de hospital blanca. En total la banda present\u00f3 27 canciones, entre las que se incluye el cover a &#8220;More Than A Feeling&#8221; de Boston, &#8220;The Money Will Roll Right In&#8221; de Fang y &#8220;The Star Spangled Banner&#8221;.<\/p>\n<p><\/p>\n<p>Tania Harrison, organizadora del festival explic\u00f3 que el plan original era presentar el concierto en 3D. Sin embargo, la idea fue desecha, pero sugiri\u00f3 que podr\u00eda ser considerada nuevamente para el 20 aniversario del festival, el pr\u00f3ximo a\u00f1o. &#8220;Fue una actuaci\u00f3n legendaria que muchas personas no han visto, as\u00ed que lo tuvimos que hacer. Fue uno de los momentos fundamentales que lo cambi\u00f3 todo&#8221;, coment\u00f3.<\/p>\n<p><\/p>\n<p>El concierto fue lanzado en un DVD oficial titulado &#8220;Live At Reading&#8221; en 2009<\/p>\n<p>&nbsp;<\/p>\n<p>Fuente: www.warp.la<\/p>\n","protected":false},"excerpt":{"rendered":"<p>Nirvana y su legendaria actuaci\u00f3n en los festivales Reading y Leeds en su edici\u00f3n de 1992, se proyectar\u00e1 dos veces en las ediciones de este a\u00f1o. Kurt Cobain y compa\u00f1\u00eda ser\u00e1n proyectados en la pantalla grande en el escenario Alternative, en la noche de apertura del festival Leeds y en la noche de clausura del [&hellip;]<\/p>\n","protected":false},"author":4,"featured_media":100003744,"comment_status":"open","ping_status":"open","sticky":false,"template":"","format":"standard","meta":{"_jetpack_memberships_contains_paid_content":false,"footnotes":""},"categories":[142],"tags":[],"class_list":["post-3744","post","type-post","status-publish","format-standard","has-post-thumbnail","hentry","category-buzznews"],"jetpack_featured_media_url":"https:\/\/www.oidossucios.com\/site\/wp-content\/uploads\/2011\/07\/3744.jpg","yoast_head":"<!-- This site is optimized with the Yoast SEO plugin v14.0.4 - https:\/\/yoast.com\/wordpress\/plugins\/seo\/ -->\n<title>Presentar\u00e1n actuaci\u00f3n de Nirvana en los festivales Reading y Leeds - OidosSucios.Com<\/title>\n<meta name=\"robots\" content=\"index, follow\" \/>\n<meta name=\"googlebot\" content=\"index, follow, max-snippet:-1, max-image-preview:large, max-video-preview:-1\" \/>\n<meta name=\"bingbot\" content=\"index, follow, max-snippet:-1, max-image-preview:large, max-video-preview:-1\" \/>\n<link rel=\"canonical\" href=\"https:\/\/www.oidossucios.com\/site\/presentaran-actuacion-de-nirvana-en-los-festivales-reading-y-leeds\/\" \/>\n<meta property=\"og:locale\" content=\"es_ES\" \/>\n<meta property=\"og:type\" content=\"article\" \/>\n<meta property=\"og:title\" content=\"Presentar\u00e1n actuaci\u00f3n de Nirvana en los festivales Reading y Leeds - OidosSucios.Com\" \/>\n<meta property=\"og:description\" content=\"Nirvana y su legendaria actuaci\u00f3n en los festivales Reading y Leeds en su edici\u00f3n de 1992, se proyectar\u00e1 dos veces en las ediciones de este a\u00f1o. Kurt Cobain y compa\u00f1\u00eda ser\u00e1n proyectados en la pantalla grande en el escenario Alternative, en la noche de apertura del festival Leeds y en la noche de clausura del [&hellip;]\" \/>\n<meta property=\"og:url\" content=\"https:\/\/www.oidossucios.com\/site\/presentaran-actuacion-de-nirvana-en-los-festivales-reading-y-leeds\/\" \/>\n<meta property=\"og:site_name\" content=\"OidosSucios.Com\" \/>\n<meta property=\"article:published_time\" content=\"2011-07-01T06:54:00+00:00\" \/>\n<meta property=\"og:image\" content=\"https:\/\/www.oidossucios.com\/site\/wp-content\/uploads\/2011\/07\/3744.jpg\" \/>\n\t<meta property=\"og:image:width\" content=\"350\" \/>\n\t<meta property=\"og:image:height\" content=\"300\" \/>\n<meta name=\"twitter:card\" content=\"summary_large_image\" \/>\n<meta name=\"twitter:creator\" content=\"@oidossucios\" \/>\n<script type=\"application\/ld+json\" class=\"yoast-schema-graph\">{\"@context\":\"https:\/\/schema.org\",\"@graph\":[{\"@type\":\"WebSite\",\"@id\":\"https:\/\/www.oidossucios.com\/site\/#website\",\"url\":\"https:\/\/www.oidossucios.com\/site\/\",\"name\":\"OidosSucios.Com\",\"description\":\"M\\u00fasica, conciertos, discos\",\"potentialAction\":[{\"@type\":\"SearchAction\",\"target\":\"https:\/\/www.oidossucios.com\/site\/?s={search_term_string}\",\"query-input\":\"required name=search_term_string\"}],\"inLanguage\":\"es\"},{\"@type\":\"ImageObject\",\"@id\":\"https:\/\/www.oidossucios.com\/site\/presentaran-actuacion-de-nirvana-en-los-festivales-reading-y-leeds\/#primaryimage\",\"inLanguage\":\"es\",\"url\":\"https:\/\/www.oidossucios.com\/site\/wp-content\/uploads\/2011\/07\/3744.jpg\",\"width\":350,\"height\":300},{\"@type\":\"WebPage\",\"@id\":\"https:\/\/www.oidossucios.com\/site\/presentaran-actuacion-de-nirvana-en-los-festivales-reading-y-leeds\/#webpage\",\"url\":\"https:\/\/www.oidossucios.com\/site\/presentaran-actuacion-de-nirvana-en-los-festivales-reading-y-leeds\/\",\"name\":\"Presentar\\u00e1n actuaci\\u00f3n de Nirvana en los festivales Reading y Leeds - OidosSucios.Com\",\"isPartOf\":{\"@id\":\"https:\/\/www.oidossucios.com\/site\/#website\"},\"primaryImageOfPage\":{\"@id\":\"https:\/\/www.oidossucios.com\/site\/presentaran-actuacion-de-nirvana-en-los-festivales-reading-y-leeds\/#primaryimage\"},\"datePublished\":\"2011-07-01T06:54:00+00:00\",\"dateModified\":\"2011-07-01T06:54:00+00:00\",\"author\":{\"@id\":\"https:\/\/www.oidossucios.com\/site\/#\/schema\/person\/24559eeb76bf83a63296fb072393a688\"},\"inLanguage\":\"es\",\"potentialAction\":[{\"@type\":\"ReadAction\",\"target\":[\"https:\/\/www.oidossucios.com\/site\/presentaran-actuacion-de-nirvana-en-los-festivales-reading-y-leeds\/\"]}]},{\"@type\":[\"Person\"],\"@id\":\"https:\/\/www.oidossucios.com\/site\/#\/schema\/person\/24559eeb76bf83a63296fb072393a688\",\"name\":\"Oidossucios\",\"image\":{\"@type\":\"ImageObject\",\"@id\":\"https:\/\/www.oidossucios.com\/site\/#personlogo\",\"inLanguage\":\"es\",\"url\":\"https:\/\/secure.gravatar.com\/avatar\/74fcb480f42f1a33e50a0b6e6369a3f907be2e43dc84fa5f76c66e9c22b4a5ab?s=96&d=mm&r=g\",\"caption\":\"Oidossucios\"},\"sameAs\":[\"https:\/\/twitter.com\/oidossucios\"]}]}<\/script>\n<!-- \/ Yoast SEO plugin. -->","jetpack_sharing_enabled":true,"_links":{"self":[{"href":"https:\/\/www.oidossucios.com\/site\/wp-json\/wp\/v2\/posts\/3744","targetHints":{"allow":["GET"]}}],"collection":[{"href":"https:\/\/www.oidossucios.com\/site\/wp-json\/wp\/v2\/posts"}],"about":[{"href":"https:\/\/www.oidossucios.com\/site\/wp-json\/wp\/v2\/types\/post"}],"author":[{"embeddable":true,"href":"https:\/\/www.oidossucios.com\/site\/wp-json\/wp\/v2\/users\/4"}],"replies":[{"embeddable":true,"href":"https:\/\/www.oidossucios.com\/site\/wp-json\/wp\/v2\/comments?post=3744"}],"version-history":[{"count":0,"href":"https:\/\/www.oidossucios.com\/site\/wp-json\/wp\/v2\/posts\/3744\/revisions"}],"wp:featuredmedia":[{"embeddable":true,"href":"https:\/\/www.oidossucios.com\/site\/wp-json\/wp\/v2\/media\/100003744"}],"wp:attachment":[{"href":"https:\/\/www.oidossucios.com\/site\/wp-json\/wp\/v2\/media?parent=3744"}],"wp:term":[{"taxonomy":"category","embeddable":true,"href":"https:\/\/www.oidossucios.com\/site\/wp-json\/wp\/v2\/categories?post=3744"},{"taxonomy":"post_tag","embeddable":true,"href":"https:\/\/www.oidossucios.com\/site\/wp-json\/wp\/v2\/tags?post=3744"}],"curies":[{"name":"wp","href":"https:\/\/api.w.org\/{rel}","templated":true}]}}