{"id":3745,"date":"2011-07-06T05:17:00","date_gmt":"2011-07-06T05:17:00","guid":{"rendered":"https:\/\/www.oidossucios.com\/site\/2011\/07\/06\/what-tha-fest-de-malta-regional\/"},"modified":"2011-07-06T05:17:00","modified_gmt":"2011-07-06T05:17:00","slug":"what-tha-fest-de-malta-regional","status":"publish","type":"post","link":"https:\/\/www.oidossucios.com\/site\/what-tha-fest-de-malta-regional\/","title":{"rendered":"What Tha Fest de Malta Regional"},"content":{"rendered":"<p>Por <\/p>\n<p>Fotos: Daniel Novoa &#8211; <a href=\"http:\/\/twitter.com\/#!\/ruidoblanco\">@ruidoblanco<\/a> <\/p>\n<p><\/p>\n<p><\/p>\n<p>El pasado 25 de junio, se llev\u00f3 a cabo en la Plaza Alfredo Sadel de Las Mercedes la segunda edici\u00f3n del What Tha Fest de Malta Regional. Un evento que de nuevo prob\u00f3 que los espacios p\u00fablicos cada vez se le hacen m\u00e1s peque\u00f1os al Rock nacional.<\/p>\n<p><\/p>\n<p>Desde el mediod\u00eda, ya la plaza estaba completamente llena y a eso de las 2:00pm se mont\u00f3 en la primera tarima los encargados de abrir el festival: BioShaft. Un power tr\u00edo de Hard-Rock Grunge candidato a convertirse en una de las bandas revelaci\u00f3n del 2011, quienes ofrecieron una en\u00e9rgica y buena presentaci\u00f3n.<\/p>\n<p><\/p>\n<p>Luego, otra banda nueva inaugur\u00f3 la tarima principal, Abures, una interesante propuesta que autodefinen como &#8220;Rap org\u00e1nico&#8221;. Tres raperos acompa\u00f1ados de una buena banda interpretando todos sus beats en vivo. Seguidamente, le toc\u00f3 el turno a La Clem de la Clem, una solista que \u00faltimamente ha dado bastante de qu\u00e9 hablar en la movida nacional.<\/p>\n<p><\/p>\n<p>Marilanne fue la banda encargada de llevar el Power Pop al festival, teniendo una presentaci\u00f3n llena de efectos especiales y con sus siempre fieles fan\u00e1ticas al frente gritando. S\u00f3nica y Los Telecaster respectivamente, volvieron a ponerle Rock and Roll al d\u00eda, mientras que Rawayana le inyect\u00f3 el Reggae y la buena vibra.<\/p>\n<p><\/p>\n<p>The Asbestos fue por mucho una de las bandas m\u00e1s esperadas y aplaudidas del festival, ofreciendo un s\u00f3lido show gracias al cual se armaron hasta seis &#8220;pogos&#8221; simult\u00e1neos alrededor de La Sadel, adem\u00e1s la banda cont\u00f3 con la participaci\u00f3n de OneChot en un tema. Un poco m\u00e1s tarde, Ga\u00e9lica puso un tono relajado y alternativo al ritmo del WTFEST, con su m\u00fasica celta y unas geniales interpretaciones de &#8220;Kashmir&#8221; de Led Zeppelin y &#8220;Another Brick In The Wall&#8221; de Pink Floyd. <\/p>\n<p><\/p>\n<p>Los Atkinson repasaron los temas de sus dos producciones discogr\u00e1ficas <i>La Banda<\/i> y <i>Mota Foca<\/i> para que seguidamente OneChot entrompar\u00e1 la tarima con una movida presentaci\u00f3n que cont\u00f3 con la participaci\u00f3n de dos MC, de los m\u00e1s importantes del pa\u00eds: MC Klopedia y Rekes\u00f3n.<\/p>\n<p><\/p>\n<p>Luego se mont\u00f3 la banda m\u00e1s esperada del d\u00eda. Los Mentas entraron vestidos con un uniforme colegial de educaci\u00f3n f\u00edsica para tocar durante aproximadamente 40 minutos los temas que forman parte de su m\u00e1s reciente disco <i>Unidad Educativa Los Mentas <\/i>y tambi\u00e9n todos los \u00e9xitos sacados de sus otros cuatro discos de estudio, generando una tremenda fiesta en las miles de personas que llenaban a rebosar la plaza.<\/p>\n<p><\/p>\n<p>Masseratti 2lts fue el acto electr\u00f3nico perfecto para darle paso a la banda internacional encargada de cerrar el WTFEST, los londinenses de Is Tropical. El tr\u00edo interpret\u00f3 una gran parte de los temas que componen su disco <i>Native To, <\/i>entre ellos el sencillo &#8220;The Greeks&#8221; cuyo video alcanz\u00f3 la suma de m\u00e1s de un mill\u00f3n de vistas en YouTube a s\u00f3lo una semana de su estreno. La banda dio un show en el cual se les not\u00f3 un buen feeling en tarima, creando una conexi\u00f3n con la audiencia tal que el vocalista de la banda al finalizar la presentaci\u00f3n, se lanz\u00f3 al p\u00fablico. Los ingleses dieron un buen espect\u00e1culo de Indie Pop que cerr\u00f3 inmejorablemente la noche.<\/p>\n<p><\/p>\n<p>En general, fue un festival que cumpli\u00f3 a plenitud las expectativas generadas, mostrando lo mejor del talento nacional y con el cierre de una de las bandas emergentes m\u00e1s importantes de la actualidad. Un d\u00eda que quedar\u00e1 en los registros del Rock hecho en casa, demostrando que en Venezuela existe talento y tarimas en las cuales exponerlo.<\/p>\n<p><!--nextpage--><img decoding=\"async\" class=\"aligncenter size-medium wp-image-111114285\" src=\"https:\/\/www.oidossucios.com\/site\/wp-content\/uploads\/2020\/02\/4285.jpg\" alt=\"What Tha Fest de Malta Regional\"  \/><!--nextpage--><img decoding=\"async\" class=\"aligncenter size-medium wp-image-111114286\" src=\"https:\/\/www.oidossucios.com\/site\/wp-content\/uploads\/2020\/02\/4286.jpg\" alt=\"What Tha Fest de Malta Regional\"  \/><!--nextpage--><img decoding=\"async\" class=\"aligncenter size-medium wp-image-111114287\" src=\"https:\/\/www.oidossucios.com\/site\/wp-content\/uploads\/2020\/02\/4287.jpg\" alt=\"What Tha Fest de Malta Regional\"  \/><!--nextpage--><img decoding=\"async\" class=\"aligncenter size-medium wp-image-111114288\" src=\"https:\/\/www.oidossucios.com\/site\/wp-content\/uploads\/2020\/02\/4288.jpg\" alt=\"What Tha Fest de Malta Regional\"  \/><!--nextpage--><img decoding=\"async\" class=\"aligncenter size-medium wp-image-111114289\" src=\"https:\/\/www.oidossucios.com\/site\/wp-content\/uploads\/2020\/02\/4289.jpg\" alt=\"What Tha Fest de Malta Regional\"  \/><!--nextpage--><img decoding=\"async\" class=\"aligncenter size-medium wp-image-111114290\" src=\"https:\/\/www.oidossucios.com\/site\/wp-content\/uploads\/2020\/02\/4290.jpg\" alt=\"What Tha Fest de Malta Regional\"  \/><!--nextpage--><img decoding=\"async\" class=\"aligncenter size-medium wp-image-111114291\" src=\"https:\/\/www.oidossucios.com\/site\/wp-content\/uploads\/2020\/02\/4291.jpg\" alt=\"What Tha Fest de Malta Regional\"  \/><!--nextpage--><img decoding=\"async\" class=\"aligncenter size-medium wp-image-111114292\" src=\"https:\/\/www.oidossucios.com\/site\/wp-content\/uploads\/2020\/02\/4292.jpg\" alt=\"What Tha Fest de Malta Regional\"  \/><!--nextpage--><img decoding=\"async\" class=\"aligncenter size-medium wp-image-111114293\" src=\"https:\/\/www.oidossucios.com\/site\/wp-content\/uploads\/2020\/02\/4293.jpg\" alt=\"What Tha Fest de Malta Regional\"  \/><!--nextpage--><img decoding=\"async\" class=\"aligncenter size-medium wp-image-111114294\" src=\"https:\/\/www.oidossucios.com\/site\/wp-content\/uploads\/2020\/02\/4294.jpg\" alt=\"What Tha Fest de Malta Regional\"  \/><!--nextpage--><img decoding=\"async\" class=\"aligncenter size-medium wp-image-111114295\" src=\"https:\/\/www.oidossucios.com\/site\/wp-content\/uploads\/2020\/02\/4295.jpg\" alt=\"What Tha Fest de Malta Regional\"  \/><!--nextpage--><img decoding=\"async\" class=\"aligncenter size-medium wp-image-111114296\" src=\"https:\/\/www.oidossucios.com\/site\/wp-content\/uploads\/2020\/02\/4296.jpg\" alt=\"What Tha Fest de Malta Regional\"  \/><!--nextpage--><img decoding=\"async\" class=\"aligncenter size-medium wp-image-111114297\" src=\"https:\/\/www.oidossucios.com\/site\/wp-content\/uploads\/2020\/02\/4297.jpg\" alt=\"What Tha Fest de Malta Regional\"  \/><!--nextpage--><img decoding=\"async\" class=\"aligncenter size-medium wp-image-111114298\" src=\"https:\/\/www.oidossucios.com\/site\/wp-content\/uploads\/2020\/02\/4298.jpg\" alt=\"What Tha Fest de Malta Regional\"  \/><!--nextpage--><img decoding=\"async\" class=\"aligncenter size-medium wp-image-111114299\" src=\"https:\/\/www.oidossucios.com\/site\/wp-content\/uploads\/2020\/02\/4299.jpg\" alt=\"What Tha Fest de Malta Regional\"  \/><!--nextpage--><img decoding=\"async\" class=\"aligncenter size-medium wp-image-111114300\" src=\"https:\/\/www.oidossucios.com\/site\/wp-content\/uploads\/2020\/02\/4300.jpg\" alt=\"What Tha Fest de Malta Regional\"  \/><!--nextpage--><img decoding=\"async\" class=\"aligncenter size-medium wp-image-111114301\" src=\"https:\/\/www.oidossucios.com\/site\/wp-content\/uploads\/2020\/02\/4301.jpg\" alt=\"What Tha Fest de Malta Regional\"  \/><!--nextpage--><img decoding=\"async\" class=\"aligncenter size-medium wp-image-111114302\" src=\"https:\/\/www.oidossucios.com\/site\/wp-content\/uploads\/2020\/02\/4302.jpg\" alt=\"What Tha Fest de Malta Regional\"  \/><!--nextpage--><img decoding=\"async\" class=\"aligncenter size-medium wp-image-111114303\" src=\"https:\/\/www.oidossucios.com\/site\/wp-content\/uploads\/2020\/02\/4303.jpg\" alt=\"What Tha Fest de Malta Regional\"  \/><!--nextpage--><img decoding=\"async\" class=\"aligncenter size-medium wp-image-111114304\" src=\"https:\/\/www.oidossucios.com\/site\/wp-content\/uploads\/2020\/02\/4304.jpg\" alt=\"What Tha Fest de Malta Regional\"  \/><!--nextpage--><img decoding=\"async\" class=\"aligncenter size-medium wp-image-111114305\" src=\"https:\/\/www.oidossucios.com\/site\/wp-content\/uploads\/2020\/02\/4305.jpg\" alt=\"What Tha Fest de Malta Regional\"  \/><!--nextpage--><img decoding=\"async\" class=\"aligncenter size-medium wp-image-111114306\" src=\"https:\/\/www.oidossucios.com\/site\/wp-content\/uploads\/2020\/02\/4306.jpg\" alt=\"What Tha Fest de Malta Regional\"  \/><!--nextpage--><img decoding=\"async\" class=\"aligncenter size-medium wp-image-111114307\" src=\"https:\/\/www.oidossucios.com\/site\/wp-content\/uploads\/2020\/02\/4307.jpg\" alt=\"What Tha Fest de Malta Regional\"  \/><!--nextpage--><img decoding=\"async\" class=\"aligncenter size-medium wp-image-111114308\" src=\"https:\/\/www.oidossucios.com\/si\nte\/wp-content\/uploads\/2020\/02\/4308.jpg\" alt=\"What Tha Fest de Malta Regional\"  \/><!--nextpage--><img decoding=\"async\" class=\"aligncenter size-medium wp-image-111114309\" src=\"https:\/\/www.oidossucios.com\/site\/wp-content\/uploads\/2020\/02\/4309.jpg\" alt=\"What Tha Fest de Malta Regional\"  \/><!--nextpage--><img decoding=\"async\" class=\"aligncenter size-medium wp-image-111114310\" src=\"https:\/\/www.oidossucios.com\/site\/wp-content\/uploads\/2020\/02\/4310.jpg\" alt=\"What Tha Fest de Malta Regional\"  \/><!--nextpage--><img decoding=\"async\" class=\"aligncenter size-medium wp-image-111114311\" src=\"https:\/\/www.oidossucios.com\/site\/wp-content\/uploads\/2020\/02\/4311.jpg\" alt=\"What Tha Fest de Malta Regional\"  \/><!--nextpage--><img decoding=\"async\" class=\"aligncenter size-medium wp-image-111114312\" src=\"https:\/\/www.oidossucios.com\/site\/wp-content\/uploads\/2020\/02\/4312.jpg\" alt=\"What Tha Fest de Malta Regional\"  \/><!--nextpage--><img decoding=\"async\" class=\"aligncenter size-medium wp-image-111114313\" src=\"https:\/\/www.oidossucios.com\/site\/wp-content\/uploads\/2020\/02\/4313.jpg\" alt=\"What Tha Fest de Malta Regional\"  \/><!--nextpage--><img decoding=\"async\" class=\"aligncenter size-medium wp-image-111114314\" src=\"https:\/\/www.oidossucios.com\/site\/wp-content\/uploads\/2020\/02\/4314.jpg\" alt=\"What Tha Fest de Malta Regional\"  \/><!--nextpage--><img decoding=\"async\" class=\"aligncenter size-medium wp-image-111114315\" src=\"https:\/\/www.oidossucios.com\/site\/wp-content\/uploads\/2020\/02\/4315.jpg\" alt=\"What Tha Fest de Malta Regional\"  \/><!--nextpage--><img decoding=\"async\" class=\"aligncenter size-medium wp-image-111114316\" src=\"https:\/\/www.oidossucios.com\/site\/wp-content\/uploads\/2020\/02\/4316.jpg\" alt=\"What Tha Fest de Malta Regional\"  \/><!--nextpage--><img decoding=\"async\" class=\"aligncenter size-medium wp-image-111114317\" src=\"https:\/\/www.oidossucios.com\/site\/wp-content\/uploads\/2020\/02\/4317.jpg\" alt=\"What Tha Fest de Malta Regional\"  \/><!--nextpage--><img decoding=\"async\" class=\"aligncenter size-medium wp-image-111114318\" src=\"https:\/\/www.oidossucios.com\/site\/wp-content\/uploads\/2020\/02\/4318.jpg\" alt=\"What Tha Fest de Malta Regional\"  \/><!--nextpage--><img decoding=\"async\" class=\"aligncenter size-medium wp-image-111114319\" src=\"https:\/\/www.oidossucios.com\/site\/wp-content\/uploads\/2020\/02\/4319.jpg\" alt=\"What Tha Fest de Malta Regional\"  \/><!--nextpage--><img decoding=\"async\" class=\"aligncenter size-medium wp-image-111114320\" src=\"https:\/\/www.oidossucios.com\/site\/wp-content\/uploads\/2020\/02\/4320.jpg\" alt=\"What Tha Fest de Malta Regional\"  \/><!--nextpage--><img decoding=\"async\" class=\"aligncenter size-medium wp-image-111114321\" src=\"https:\/\/www.oidossucios.com\/site\/wp-content\/uploads\/2020\/02\/4321.jpg\" alt=\"What Tha Fest de Malta Regional\"  \/><!--nextpage--><img decoding=\"async\" class=\"aligncenter size-medium wp-image-111114322\" src=\"https:\/\/www.oidossucios.com\/site\/wp-content\/uploads\/2020\/02\/4322.jpg\" alt=\"What Tha Fest de Malta Regional\"  \/><!--nextpage--><img decoding=\"async\" class=\"aligncenter size-medium wp-image-111114323\" src=\"https:\/\/www.oidossucios.com\/site\/wp-content\/uploads\/2020\/02\/4323.jpg\" alt=\"What Tha Fest de Malta Regional\"  \/><!--nextpage--><img decoding=\"async\" class=\"aligncenter size-medium wp-image-111114324\" src=\"https:\/\/www.oidossucios.com\/site\/wp-content\/uploads\/2020\/02\/4324.jpg\" alt=\"What Tha Fest de Malta Regional\"  \/><!--nextpage--><img decoding=\"async\" class=\"aligncenter size-medium wp-image-111114325\" src=\"https:\/\/www.oidossucios.com\/site\/wp-content\/uploads\/2020\/02\/4325.jpg\" alt=\"What Tha Fest de Malta Regional\"  \/><!--nextpage--><img decoding=\"async\" class=\"aligncenter size-medium wp-image-111114326\" src=\"https:\/\/www.oidossucios.com\/site\/wp-content\/uploads\/2020\/02\/4326.jpg\" alt=\"What Tha Fest de Malta Regional\"  \/><!--nextpage--><img decoding=\"async\" class=\"aligncenter size-medium wp-image-111114327\" src=\"https:\/\/www.oidossucios.com\/site\/wp-content\/uploads\/2020\/02\/4327.jpg\" alt=\"What Tha Fest de Malta Regional\"  \/><!--nextpage--><img decoding=\"async\" class=\"aligncenter size-medium wp-image-111114328\" src=\"https:\/\/www.oidossucios.com\/site\/wp-content\/uploads\/2020\/02\/4328.jpg\" alt=\"What Tha Fest de Malta Regional\"  \/><!--nextpage--><img decoding=\"async\" class=\"aligncenter size-medium wp-image-111114329\" src=\"https:\/\/www.oidossucios.com\/site\/wp-content\/uploads\/2020\/02\/4329.jpg\" alt=\"What Tha Fest de Malta Regional\"  \/><!--nextpage--><img decoding=\"async\" class=\"aligncenter size-medium wp-image-111114330\" src=\"https:\/\/www.oidossucios.com\/site\/wp-content\/uploads\/2020\/02\/4330.jpg\" alt=\"What Tha Fest de Malta Regional\"  \/><!--nextpage--><img decoding=\"async\" class=\"aligncenter size-medium wp-image-111114331\" src=\"https:\/\/www.oidossucios.com\/site\/wp-content\/uploads\/2020\/02\/4331.jpg\" alt=\"What Tha Fest de Malta Regional\"  \/><!--nextpage--><img decoding=\"async\" class=\"aligncenter size-medium wp-image-111114332\" src=\"https:\/\/www.oidossucios.com\/site\/wp-content\/uploads\/2020\/02\/4332.jpg\" alt=\"What Tha Fest de Malta Regional\"  \/><!--nextpage--><img decoding=\"async\" class=\"aligncenter size-medium wp-image-111114333\" src=\"https:\/\/www.oidossucios.com\/site\/wp-content\/uploads\/2020\/02\/4333.jpg\" alt=\"What Tha Fest de Malta Regional\"  \/><!--nextpage--><img decoding=\"async\" class=\"aligncenter size-medium wp-image-111114334\" src=\"https:\/\/www.oidossucios.com\/site\/wp-content\/uploads\/2020\/02\/4334.jpg\" alt=\"What Tha Fest de Malta Regional\"  \/><!--nextpage--><img decoding=\"async\" class=\"aligncenter size-medium wp-image-111114335\" src=\"https:\/\/www.oidossucios.com\/site\/wp-content\/uploads\/2020\/02\/4335.jpg\" alt=\"What Tha Fest de Malta Regional\"  \/><!--nextpage--><img decoding=\"async\" class=\"aligncenter size-medium wp-image-111114336\" src=\"https:\/\/www.oidossucios.com\/site\/wp-content\/uploads\/2020\/02\/4336.jpg\" alt=\"What Tha Fest de Malta Regional\"  \/><!--nextpage--><img decoding=\"async\" class=\"aligncenter size-medium wp-image-111114337\" src=\"https:\/\/www.oidossucios.com\/site\/wp-content\/uploads\/2020\/02\/4337.jpg\" alt=\"What Tha Fest de Malta Regional\"  \/><!--nextpage--><img decoding=\"async\" class=\"aligncenter size-medium wp-image-111114338\" src=\"https:\/\/www.oidossucios.com\/site\/wp-content\/uploads\/2020\/02\/4338.jpg\" alt=\"What Tha Fest de Malta Regional\"  \/><!--nextpage--><img decoding=\"async\" class=\"aligncenter size-medium wp-image-111114339\" src=\"https:\/\/www.oidossucios.com\/site\/wp-content\/uploads\/2020\/02\/4339.jpg\" alt=\"What Tha Fest de Malta Regional\"  \/><!--nextpage--><img decoding=\"async\" class=\"aligncenter size-medium wp-image-111114340\" src=\"https:\/\/www.oidossucios.com\/site\/wp-content\/uploads\/2020\/02\/4340.jpg\" alt=\"What Tha Fest de Malta Regional\"  \/><!--nextpage--><img decoding=\"async\" class=\"aligncenter size-medium wp-image-111114341\" src=\"https:\/\/www.oidossucios.com\/site\/wp-content\/uploads\/2020\/02\/4341.jpg\" alt=\"What Tha Fest de Malta Regional\"  \/><!--nextpage--><img decoding=\"async\" class=\"aligncenter size-medium wp-image-111114342\" src=\"https:\/\/www.oidossucios.com\/site\/wp-content\/uploads\/2020\/02\/4342.jpg\" alt=\"What Tha Fest de Malta Regional\"  \/><!--nextpage--><img decoding=\"async\" class=\"aligncenter size-medium wp-image-111114343\" src=\"https:\/\/www.oidossucios.com\/site\/wp-content\/uploads\/2020\/02\/4343.jpg\" alt=\"What Tha Fest de Malta Regional\"  \/><a href='https:\/\/www.oidossucios.com\/site\/what-tha-fest-de-malta-regional\/2\/'\n                        onclick='if (tpsInstance) { tpsInstance.setNext(); return false; }'\n                        rel='next'\n                        style=''\n                        class=''>Ver galer\u00eda<\/a>]]><\/p>\n","protected":false},"excerpt":{"rendered":"<p>Fotos y rese\u00f1as del WTFEST: Un evento en el que se presentaron 13 de las mejores bandas nacionales junto a la revelaci\u00f3n del Electro Pop-Rock londinense, Is Tropical.<\/p>\n","protected":false},"author":4,"featured_media":100003745,"comment_status":"open","ping_status":"open","sticky":false,"template":"","format":"standard","meta":{"_jetpack_memberships_contains_paid_content":false,"footnotes":""},"categories":[203],"tags":[],"class_list":["post-3745","post","type-post","status-publish","format-standard","has-post-thumbnail","hentry","category-eventos"],"jetpack_featured_media_url":"https:\/\/www.oidossucios.com\/site\/wp-content\/uploads\/2011\/07\/3745.jpg","yoast_head":"<!-- This site is optimized with the Yoast SEO plugin v14.0.4 - https:\/\/yoast.com\/wordpress\/plugins\/seo\/ -->\n<title>What Tha Fest de Malta Regional - OidosSucios.Com<\/title>\n<meta name=\"description\" content=\"Fotos y rese\u00f1as del WTFEST: Un evento en el que se presentaron 13 de las mejores bandas nacionales junto a la revelaci\u00f3n del Electro Pop-Rock londinense, Is Tropical.\" \/>\n<meta name=\"robots\" content=\"index, follow\" \/>\n<meta name=\"googlebot\" content=\"index, follow, max-snippet:-1, max-image-preview:large, max-video-preview:-1\" \/>\n<meta name=\"bingbot\" content=\"index, follow, max-snippet:-1, max-image-preview:large, max-video-preview:-1\" \/>\n<link rel=\"canonical\" href=\"https:\/\/www.oidossucios.com\/site\/what-tha-fest-de-malta-regional\/\" \/>\n<link rel=\"next\" href=\"https:\/\/www.oidossucios.com\/site\/what-tha-fest-de-malta-regional\/2\/\" \/>\n<meta property=\"og:locale\" content=\"es_ES\" \/>\n<meta property=\"og:type\" content=\"article\" \/>\n<meta property=\"og:title\" content=\"What Tha Fest de Malta Regional - OidosSucios.Com\" \/>\n<meta property=\"og:description\" content=\"Fotos y rese\u00f1as del WTFEST: Un evento en el que se presentaron 13 de las mejores bandas nacionales junto a la revelaci\u00f3n del Electro Pop-Rock londinense, Is Tropical.\" \/>\n<meta property=\"og:url\" content=\"https:\/\/www.oidossucios.com\/site\/what-tha-fest-de-malta-regional\/\" \/>\n<meta property=\"og:site_name\" content=\"OidosSucios.Com\" \/>\n<meta property=\"article:published_time\" content=\"2011-07-06T05:17:00+00:00\" \/>\n<meta property=\"og:image\" content=\"https:\/\/www.oidossucios.com\/site\/wp-content\/uploads\/2011\/07\/3745.jpg\" \/>\n\t<meta property=\"og:image:width\" content=\"350\" \/>\n\t<meta property=\"og:image:height\" content=\"300\" \/>\n<meta name=\"twitter:card\" content=\"summary_large_image\" \/>\n<meta name=\"twitter:creator\" content=\"@oidossucios\" \/>\n<script type=\"application\/ld+json\" class=\"yoast-schema-graph\">{\"@context\":\"https:\/\/schema.org\",\"@graph\":[{\"@type\":\"WebSite\",\"@id\":\"https:\/\/www.oidossucios.com\/site\/#website\",\"url\":\"https:\/\/www.oidossucios.com\/site\/\",\"name\":\"OidosSucios.Com\",\"description\":\"M\\u00fasica, conciertos, discos\",\"potentialAction\":[{\"@type\":\"SearchAction\",\"target\":\"https:\/\/www.oidossucios.com\/site\/?s={search_term_string}\",\"query-input\":\"required name=search_term_string\"}],\"inLanguage\":\"es\"},{\"@type\":\"ImageObject\",\"@id\":\"https:\/\/www.oidossucios.com\/site\/what-tha-fest-de-malta-regional\/#primaryimage\",\"inLanguage\":\"es\",\"url\":\"https:\/\/www.oidossucios.com\/site\/wp-content\/uploads\/2011\/07\/3745.jpg\",\"width\":350,\"height\":300},{\"@type\":\"WebPage\",\"@id\":\"https:\/\/www.oidossucios.com\/site\/what-tha-fest-de-malta-regional\/#webpage\",\"url\":\"https:\/\/www.oidossucios.com\/site\/what-tha-fest-de-malta-regional\/\",\"name\":\"What Tha Fest de Malta Regional - OidosSucios.Com\",\"isPartOf\":{\"@id\":\"https:\/\/www.oidossucios.com\/site\/#website\"},\"primaryImageOfPage\":{\"@id\":\"https:\/\/www.oidossucios.com\/site\/what-tha-fest-de-malta-regional\/#primaryimage\"},\"datePublished\":\"2011-07-06T05:17:00+00:00\",\"dateModified\":\"2011-07-06T05:17:00+00:00\",\"author\":{\"@id\":\"https:\/\/www.oidossucios.com\/site\/#\/schema\/person\/24559eeb76bf83a63296fb072393a688\"},\"description\":\"Fotos y rese\\u00f1as del WTFEST: Un evento en el que se presentaron 13 de las mejores bandas nacionales junto a la revelaci\\u00f3n del Electro Pop-Rock londinense, Is Tropical.\",\"inLanguage\":\"es\",\"potentialAction\":[{\"@type\":\"ReadAction\",\"target\":[\"https:\/\/www.oidossucios.com\/site\/what-tha-fest-de-malta-regional\/\"]}]},{\"@type\":[\"Person\"],\"@id\":\"https:\/\/www.oidossucios.com\/site\/#\/schema\/person\/24559eeb76bf83a63296fb072393a688\",\"name\":\"Oidossucios\",\"image\":{\"@type\":\"ImageObject\",\"@id\":\"https:\/\/www.oidossucios.com\/site\/#personlogo\",\"inLanguage\":\"es\",\"url\":\"https:\/\/secure.gravatar.com\/avatar\/74fcb480f42f1a33e50a0b6e6369a3f907be2e43dc84fa5f76c66e9c22b4a5ab?s=96&d=mm&r=g\",\"caption\":\"Oidossucios\"},\"sameAs\":[\"https:\/\/twitter.com\/oidossucios\"]}]}<\/script>\n<!-- \/ Yoast SEO plugin. -->","jetpack_sharing_enabled":true,"_links":{"self":[{"href":"https:\/\/www.oidossucios.com\/site\/wp-json\/wp\/v2\/posts\/3745","targetHints":{"allow":["GET"]}}],"collection":[{"href":"https:\/\/www.oidossucios.com\/site\/wp-json\/wp\/v2\/posts"}],"about":[{"href":"https:\/\/www.oidossucios.com\/site\/wp-json\/wp\/v2\/types\/post"}],"author":[{"embeddable":true,"href":"https:\/\/www.oidossucios.com\/site\/wp-json\/wp\/v2\/users\/4"}],"replies":[{"embeddable":true,"href":"https:\/\/www.oidossucios.com\/site\/wp-json\/wp\/v2\/comments?post=3745"}],"version-history":[{"count":0,"href":"https:\/\/www.oidossucios.com\/site\/wp-json\/wp\/v2\/posts\/3745\/revisions"}],"wp:featuredmedia":[{"embeddable":true,"href":"https:\/\/www.oidossucios.com\/site\/wp-json\/wp\/v2\/media\/100003745"}],"wp:attachment":[{"href":"https:\/\/www.oidossucios.com\/site\/wp-json\/wp\/v2\/media?parent=3745"}],"wp:term":[{"taxonomy":"category","embeddable":true,"href":"https:\/\/www.oidossucios.com\/site\/wp-json\/wp\/v2\/categories?post=3745"},{"taxonomy":"post_tag","embeddable":true,"href":"https:\/\/www.oidossucios.com\/site\/wp-json\/wp\/v2\/tags?post=3745"}],"curies":[{"name":"wp","href":"https:\/\/api.w.org\/{rel}","templated":true}]}}