{"id":3763,"date":"2011-07-08T08:20:00","date_gmt":"2011-07-08T08:20:00","guid":{"rendered":"https:\/\/www.oidossucios.com\/site\/2011\/07\/08\/muse-pretende-hacer-una-grabacion-en-el-espacio\/"},"modified":"2011-07-08T08:20:00","modified_gmt":"2011-07-08T08:20:00","slug":"muse-pretende-hacer-una-grabacion-en-el-espacio","status":"publish","type":"post","link":"https:\/\/www.oidossucios.com\/site\/muse-pretende-hacer-una-grabacion-en-el-espacio\/","title":{"rendered":"Muse pretende hacer una grabaci\u00f3n en el espacio"},"content":{"rendered":"<p>Por <\/p>\n<p>Muse podr\u00eda convertirse en la primer banda en realizar una grabaci\u00f3n en el espacio. De acuerdo con el sitio Contactmusic, la decisi\u00f3n est\u00e1 en manos de Matt Bellamy, vocalista de la agrupaci\u00f3n, quien est\u00e1 en pl\u00e1ticas con Virgin Galactic para realizar un vuelo para el proyecto.<\/p>\n<p><\/p>\n<p>Bellamy ha dicho al respecto: &#8220;Estamos intentando realizar un viaje gratis. Intentar\u00e9 convencer a Richard Branson (empresario y due\u00f1o de Virgin Galactic) de que nos permita hacer un video o una grabaci\u00f3n ah\u00ed. Creo que ser\u00eda genial&#8221;. El frontman de Muse tiene una fascinaci\u00f3n por la astronom\u00eda, por lo que no hay duda de que insistir\u00e1 para poder lograrlo.<\/p>\n<p><\/p>\n<p>Mientras esperamos qu\u00e9 pasa, te dejamos un video en vivo de la banda.<\/p>\n<p><\/p>\n<p><iframe loading=\"lazy\" width=\"640\" height=\"390\" frameborder=\"0\" allowfullscreen=\"\" src=\"http:\/\/www.youtube.com\/embed\/koFfpeRDBU8?rel=0\"><\/iframe><\/p>\n<p>&nbsp;<\/p>\n<p>Fuente: www.warp.la<\/p>\n","protected":false},"excerpt":{"rendered":"<p>Muse podr\u00eda convertirse en la primer banda en realizar una grabaci\u00f3n en el espacio. De acuerdo con el sitio Contactmusic, la decisi\u00f3n est\u00e1 en manos de Matt Bellamy, vocalista de la agrupaci\u00f3n, quien est\u00e1 en pl\u00e1ticas con Virgin Galactic para realizar un vuelo para el proyecto.<\/p>\n","protected":false},"author":4,"featured_media":100003763,"comment_status":"open","ping_status":"open","sticky":false,"template":"","format":"standard","meta":{"_jetpack_memberships_contains_paid_content":false,"footnotes":""},"categories":[685],"tags":[],"class_list":["post-3763","post","type-post","status-publish","format-standard","has-post-thumbnail","hentry","category-ultima"],"jetpack_featured_media_url":"https:\/\/www.oidossucios.com\/site\/wp-content\/uploads\/2011\/07\/3763.jpg","yoast_head":"<!-- This site is optimized with the Yoast SEO plugin v14.0.4 - https:\/\/yoast.com\/wordpress\/plugins\/seo\/ -->\n<title>Muse pretende hacer una grabaci\u00f3n en el espacio - OidosSucios.Com<\/title>\n<meta name=\"description\" content=\"Muse podr\u00eda convertirse en la primer banda en realizar una grabaci\u00f3n en el espacio. De acuerdo con el sitio Contactmusic, la decisi\u00f3n est\u00e1 en manos de Matt Bellamy, vocalista de la agrupaci\u00f3n, quien est\u00e1 en pl\u00e1ticas con Virgin Galactic para realizar un vuelo para el proyecto.\" \/>\n<meta name=\"robots\" content=\"index, follow\" \/>\n<meta name=\"googlebot\" content=\"index, follow, max-snippet:-1, max-image-preview:large, max-video-preview:-1\" \/>\n<meta name=\"bingbot\" content=\"index, follow, max-snippet:-1, max-image-preview:large, max-video-preview:-1\" \/>\n<link rel=\"canonical\" href=\"https:\/\/www.oidossucios.com\/site\/muse-pretende-hacer-una-grabacion-en-el-espacio\/\" \/>\n<meta property=\"og:locale\" content=\"es_ES\" \/>\n<meta property=\"og:type\" content=\"article\" \/>\n<meta property=\"og:title\" content=\"Muse pretende hacer una grabaci\u00f3n en el espacio - OidosSucios.Com\" \/>\n<meta property=\"og:description\" content=\"Muse podr\u00eda convertirse en la primer banda en realizar una grabaci\u00f3n en el espacio. De acuerdo con el sitio Contactmusic, la decisi\u00f3n est\u00e1 en manos de Matt Bellamy, vocalista de la agrupaci\u00f3n, quien est\u00e1 en pl\u00e1ticas con Virgin Galactic para realizar un vuelo para el proyecto.\" \/>\n<meta property=\"og:url\" content=\"https:\/\/www.oidossucios.com\/site\/muse-pretende-hacer-una-grabacion-en-el-espacio\/\" \/>\n<meta property=\"og:site_name\" content=\"OidosSucios.Com\" \/>\n<meta property=\"article:published_time\" content=\"2011-07-08T08:20:00+00:00\" \/>\n<meta property=\"og:image\" content=\"https:\/\/www.oidossucios.com\/site\/wp-content\/uploads\/2011\/07\/3763.jpg\" \/>\n\t<meta property=\"og:image:width\" content=\"350\" \/>\n\t<meta property=\"og:image:height\" content=\"300\" \/>\n<meta name=\"twitter:card\" content=\"summary_large_image\" \/>\n<meta name=\"twitter:creator\" content=\"@oidossucios\" \/>\n<script type=\"application\/ld+json\" class=\"yoast-schema-graph\">{\"@context\":\"https:\/\/schema.org\",\"@graph\":[{\"@type\":\"WebSite\",\"@id\":\"https:\/\/www.oidossucios.com\/site\/#website\",\"url\":\"https:\/\/www.oidossucios.com\/site\/\",\"name\":\"OidosSucios.Com\",\"description\":\"M\\u00fasica, conciertos, discos\",\"potentialAction\":[{\"@type\":\"SearchAction\",\"target\":\"https:\/\/www.oidossucios.com\/site\/?s={search_term_string}\",\"query-input\":\"required name=search_term_string\"}],\"inLanguage\":\"es\"},{\"@type\":\"ImageObject\",\"@id\":\"https:\/\/www.oidossucios.com\/site\/muse-pretende-hacer-una-grabacion-en-el-espacio\/#primaryimage\",\"inLanguage\":\"es\",\"url\":\"https:\/\/www.oidossucios.com\/site\/wp-content\/uploads\/2011\/07\/3763.jpg\",\"width\":350,\"height\":300},{\"@type\":\"WebPage\",\"@id\":\"https:\/\/www.oidossucios.com\/site\/muse-pretende-hacer-una-grabacion-en-el-espacio\/#webpage\",\"url\":\"https:\/\/www.oidossucios.com\/site\/muse-pretende-hacer-una-grabacion-en-el-espacio\/\",\"name\":\"Muse pretende hacer una grabaci\\u00f3n en el espacio - OidosSucios.Com\",\"isPartOf\":{\"@id\":\"https:\/\/www.oidossucios.com\/site\/#website\"},\"primaryImageOfPage\":{\"@id\":\"https:\/\/www.oidossucios.com\/site\/muse-pretende-hacer-una-grabacion-en-el-espacio\/#primaryimage\"},\"datePublished\":\"2011-07-08T08:20:00+00:00\",\"dateModified\":\"2011-07-08T08:20:00+00:00\",\"author\":{\"@id\":\"https:\/\/www.oidossucios.com\/site\/#\/schema\/person\/24559eeb76bf83a63296fb072393a688\"},\"description\":\"Muse podr\\u00eda convertirse en la primer banda en realizar una grabaci\\u00f3n en el espacio. De acuerdo con el sitio Contactmusic, la decisi\\u00f3n est\\u00e1 en manos de Matt Bellamy, vocalista de la agrupaci\\u00f3n, quien est\\u00e1 en pl\\u00e1ticas con Virgin Galactic para realizar un vuelo para el proyecto.\",\"inLanguage\":\"es\",\"potentialAction\":[{\"@type\":\"ReadAction\",\"target\":[\"https:\/\/www.oidossucios.com\/site\/muse-pretende-hacer-una-grabacion-en-el-espacio\/\"]}]},{\"@type\":[\"Person\"],\"@id\":\"https:\/\/www.oidossucios.com\/site\/#\/schema\/person\/24559eeb76bf83a63296fb072393a688\",\"name\":\"Oidossucios\",\"image\":{\"@type\":\"ImageObject\",\"@id\":\"https:\/\/www.oidossucios.com\/site\/#personlogo\",\"inLanguage\":\"es\",\"url\":\"https:\/\/secure.gravatar.com\/avatar\/74fcb480f42f1a33e50a0b6e6369a3f907be2e43dc84fa5f76c66e9c22b4a5ab?s=96&d=mm&r=g\",\"caption\":\"Oidossucios\"},\"sameAs\":[\"https:\/\/twitter.com\/oidossucios\"]}]}<\/script>\n<!-- \/ Yoast SEO plugin. -->","jetpack_sharing_enabled":true,"_links":{"self":[{"href":"https:\/\/www.oidossucios.com\/site\/wp-json\/wp\/v2\/posts\/3763","targetHints":{"allow":["GET"]}}],"collection":[{"href":"https:\/\/www.oidossucios.com\/site\/wp-json\/wp\/v2\/posts"}],"about":[{"href":"https:\/\/www.oidossucios.com\/site\/wp-json\/wp\/v2\/types\/post"}],"author":[{"embeddable":true,"href":"https:\/\/www.oidossucios.com\/site\/wp-json\/wp\/v2\/users\/4"}],"replies":[{"embeddable":true,"href":"https:\/\/www.oidossucios.com\/site\/wp-json\/wp\/v2\/comments?post=3763"}],"version-history":[{"count":0,"href":"https:\/\/www.oidossucios.com\/site\/wp-json\/wp\/v2\/posts\/3763\/revisions"}],"wp:featuredmedia":[{"embeddable":true,"href":"https:\/\/www.oidossucios.com\/site\/wp-json\/wp\/v2\/media\/100003763"}],"wp:attachment":[{"href":"https:\/\/www.oidossucios.com\/site\/wp-json\/wp\/v2\/media?parent=3763"}],"wp:term":[{"taxonomy":"category","embeddable":true,"href":"https:\/\/www.oidossucios.com\/site\/wp-json\/wp\/v2\/categories?post=3763"},{"taxonomy":"post_tag","embeddable":true,"href":"https:\/\/www.oidossucios.com\/site\/wp-json\/wp\/v2\/tags?post=3763"}],"curies":[{"name":"wp","href":"https:\/\/api.w.org\/{rel}","templated":true}]}}