{"id":3787,"date":"2011-07-14T15:24:00","date_gmt":"2011-07-14T15:24:00","guid":{"rendered":"https:\/\/www.oidossucios.com\/site\/2011\/07\/14\/vuelve-cinerock-en-su-tercera-edicion\/"},"modified":"2011-07-14T15:24:00","modified_gmt":"2011-07-14T15:24:00","slug":"vuelve-cinerock-en-su-tercera-edicion","status":"publish","type":"post","link":"https:\/\/www.oidossucios.com\/site\/vuelve-cinerock-en-su-tercera-edicion\/","title":{"rendered":"Vuelve CineRock en su tercera edici\u00f3n"},"content":{"rendered":"\n<p align=\"center\" style=\"text-align: left; \">La Fundaci\u00f3n M\u00fasica Visual presenta por tercer a\u00f1o consecutivo el Festival de Cine de Rock, <b>CineRock 2011<\/b>, proyectando una selecci\u00f3n de seis pel\u00edculas dedicadas a resaltar el camino zigzagueante y a veces tortuoso del proceso creativo de m\u00fasicos y bandas cuyas historias han dado de que hablar en uno de los g\u00e9neros m\u00e1s apasionantes de la m\u00fasica, el ROCK.<\/p>\n<p><\/p>\n<p>Este a\u00f1o CineRock, siempre innovando su formato, contar\u00e1 con la presencia de los distinguidos m\u00fasicos venezolanos; <b>YATU, Carlos Angola, Luis Ir\u00e1n de Los Paranoias, Ga\u00e9lica, V\u00edctor M\u00e9ndez y Gustavo Casas<\/b>, quienes con sus propuestas musicales servir\u00e1n de abreboca para cada una de las distintas proyecciones que conforman el festival CineRock 2011.<\/p>\n<p><\/p>\n<p>CineRock 2011 inicia su cartelera el <b>martes 26 de julio<\/b> con la proyecci\u00f3n del film <b>&#8220;It Might Get Loud&#8221;<\/b> (A todo volumen) dirigida por Davis Guggenheim &#8211; Un encuentro entre tres virtuosos de la guitarra el\u00e9ctrica, Jimmy Page de Led Zeppelin, The Edge de U2 y Jack White quienes hablan acerca de su pasi\u00f3n por el instrumento. Sigue el <b>mi\u00e9rcoles 27 de julio<\/b> con <b>&#8220;Once&#8221;<\/b> (Pas\u00f3 una vez) dirigido por John Carney, una pel\u00edcula donde una vendedora de flores checa y m\u00fasico de la calle que acaban de improviso haciendo un dueto y descubriendo su potencial. El <b>jueves 28 de julio<\/b> presenta <b>&#8220;When You\u00b4re Strange&#8221;<\/b> de Tom DiCillo, documental sobre la banda The Doors, agrupaci\u00f3n que gracias a su insistencia y libertad art\u00edstica, logr\u00f3 convertirse en representante de toda una generaci\u00f3n.<\/p>\n<p><\/p>\n<p>CineRock 2011 contin\u00faa el <b>martes 02 de agosto<\/b> con la proyecci\u00f3n de <b>&#8220;Anvil \u0096 La Historia de una Banda de Rock&#8221; <\/b>de Sacha Gervasi, este documental es el conmovedor relato de dos amigos que se prometieron triunfar como grupo y cuarenta a\u00f1os despu\u00e9s siguen luchando para ver realizado su sue\u00f1o. El <b>mi\u00e9rcoles 03<\/b><b>de agosto<\/b> en la cinta Iran\u00ed <b>&#8220;No one knows about Persian Cats&#8221;<\/b>(Nadie conoce de Gatos Persas), el director Bahman Ghobadi describe a dos j\u00f3venes m\u00fasicos en el submundo del Teher\u00e1n contempor\u00e1neo queriendo escapar de su existencia clandestina. La clausura del festival, el <b>jueves 04 de agosto<\/b>, queda dedicada a la \u00f3pera prima de Sam Taylor-Wood <b>&#8220;Nowhere Boy&#8221; <\/b>(El chico de ninguna parte) sobre la complicada adolescencia de John Lennon quien impulsado por su deseo de tener una familia normal se refugia en el nuevo y excitante mundo del rock.<\/p>\n<p><\/p>\n<p>El Festival CineRock 2011 llevar\u00e1 a cabo este ciclo de proyecciones en el <b>Centro Cultural Chacao<\/b>, Av. Tamanaco de El Rosal, los d\u00edas 26, 27, 28 de julio y 2, 3 y 4 de agosto, a las 6:30 pm, la entrada es libre.<\/p>\n<p><\/p>\n<p><b><span style=\"font-size: 10pt; line-height: 115%; font-family: Arial, sans-serif; \">Martes 26 \/ 07<br \/>Proyecci\u00f3n de &#8220;It Might Get Loud&#8221; 7.30 pm<br \/>Presentaci\u00f3n de YATU 6.30 pm<\/span><\/b><\/p>\n<p><b><span style=\"font-size: 10pt; line-height: 115%; font-family: Arial, sans-serif; \"><br \/><\/span><\/b><\/p>\n<p><b><span style=\"font-size: 10pt; line-height: 115%; font-family: Arial, sans-serif; \"><b><span style=\"font-size: 10pt; line-height: 115%; font-family: Arial, sans-serif; \">Mi\u00e9rcoles 27 \/ 07<br \/>Proyecci\u00f3n de &#8220;Once&#8221; 7.30 pm<br \/>Presentaci\u00f3n de Carlos Angola 6.30 pm<\/span><\/b><\/span><\/b><\/p>\n<p><b><span style=\"font-size: 10pt; line-height: 115%; font-family: Arial, sans-serif; \"><b><span style=\"font-size: 10pt; line-height: 115%; font-family: Arial, sans-serif; \"><br \/><\/span><\/b><\/span><\/b><\/p>\n<p><b><span style=\"font-size: 10pt; line-height: 115%; font-family: Arial, sans-serif; \"><b><span style=\"font-size: 10pt; line-height: 115%; font-family: Arial, sans-serif; \"><b><span style=\"font-size: 10pt; line-height: 115%; font-family: Arial, sans-serif; \">Jueves 28 \/ 07<br \/>Proyecci\u00f3n de &#8220;When You\u0092re Strange&#8221; 7.30 pm<br \/>Presentaci\u00f3n de Luis Ir\u00e1n 6.30 pm<\/span><\/b><\/span><\/b><\/span><\/b><\/p>\n<p><b><span style=\"font-size: 10pt; line-height: 115%; font-family: Arial, sans-serif; \"><b><span style=\"font-size: 10pt; line-height: 115%; font-family: Arial, sans-serif; \"><b><span style=\"font-size: 10pt; line-height: 115%; font-family: Arial, sans-serif; \"><br \/><\/span><\/b><\/span><\/b><\/span><\/b><\/p>\n<p><b><span style=\"font-size: 10pt; line-height: 115%; font-family: Arial, sans-serif; \"><b><span style=\"font-size: 10pt; line-height: 115%; font-family: Arial, sans-serif; \"><b><span style=\"font-size: 10pt; line-height: 115%; font-family: Arial, sans-serif; \"><b><span style=\"font-size: 10pt; line-height: 115%; font-family: Arial, sans-serif; \">Martes 02 \/ 08<br \/>Proyecci\u00f3n de &#8220;ANVIL&#8221; 7.30 pm<br \/>Presentaci\u00f3n de DJ Victor M\u00e9ndez 6.30 pm<\/span><\/b><\/span><\/b><\/span><\/b><\/span><\/b><\/p>\n<p><b><span style=\"font-size: 10pt; line-height: 115%; font-family: Arial, sans-serif; \"><b><span style=\"font-size: 10pt; line-height: 115%; font-family: Arial, sans-serif; \"><b><span style=\"font-size: 10pt; line-height: 115%; font-family: Arial, sans-serif; \"><b><span style=\"font-size: 10pt; line-height: 115%; font-family: Arial, sans-serif; \"><br \/><\/span><\/b><\/span><\/b><\/span><\/b><\/span><\/b><\/p>\n<p><b><span style=\"font-size: 10pt; line-height: 115%; font-family: Arial, sans-serif; \"><b><span style=\"font-size: 10pt; line-height: 115%; font-family: Arial, sans-serif; \"><b><span style=\"font-size: 10pt; line-height: 115%; font-family: Arial, sans-serif; \"><b><span style=\"font-size: 10pt; line-height: 115%; font-family: Arial, sans-serif; \"><b><span style=\"font-size: 10pt; line-height: 115%; font-family: Arial, sans-serif; \">Mi\u00e9rcoles 03 \/ 08 | Proyecci\u00f3n de &#8220;No one knows about Persian Cats&#8221; 7.30 pm <br \/>Presentaci\u00f3n de Ga\u00e9lica 6.30 pm<\/span><\/b><\/span><\/b><\/span><\/b><\/span><\/b><\/span><\/b><\/p>\n<p><b><span style=\"font-size: 10pt; line-height: 115%; font-family: Arial, sans-serif; \"><b><span style=\"font-size: 10pt; line-height: 115%; font-family: Arial, sans-serif; \"><b><span style=\"font-size: 10pt; line-height: 115%; font-family: Arial, sans-serif; \"><b><span style=\"font-size: 10pt; line-height: 115%; font-family: Arial, sans-serif; \"><b><span style=\"font-size: 10pt; line-height: 115%; font-family: Arial, sans-serif; \"><br \/><\/span><\/b><\/span><\/b><\/span><\/b><\/span><\/b><\/span><\/b><\/p>\n<p><b><span style=\"font-size: 10pt; line-height: 115%; font-family: Arial, sans-serif; \"><b><span style=\"font-size: 10pt; line-height: 115%; font-family: Arial, sans-serif; \"><b><span style=\"font-size: 10pt; line-height: 115%; font-family: Arial, sans-serif; \"><b><span style=\"font-size: 10pt; line-height: 115%; font-family: Arial, sans-serif; \"><b><span style=\"font-size: 10pt; line-height: 115%; font-family: Arial, sans-serif; \"><b><span style=\"font-size: 10pt; line-height: 115%; font-family: Arial, sans-serif; \">Jueves 04 \/ 08<br \/>Proyecci\u00f3n de &#8220;Nowhere Boy&#8221; 7.30 pm<br \/>Presentaci\u00f3n de Gustavo Casas 6.30 pm<\/span><\/b><\/span><\/b><\/span><\/b><\/span><\/b><\/span><\/b><\/span><\/b><\/p>\n<p><b><span style=\"font-size: 10pt; line-height: 115%; font-family: Arial, sans-serif; \"><b><span style=\"font-size: 10pt; line-height: 115%; font-family: Arial, sans-serif; \"><b><span style=\"font-size: 10pt; line-height: 115%; font-family: Arial, sans-serif; \"><b><span style=\"font-size: 10pt; line-height: 115%; font-family: Arial, sans-serif; \"><b><span style=\"font-size: 10pt; line-height: 115%; font-family: Arial, sans-serif; \"><b><span style=\"font-size: 10pt; line-height: 115%; font-family: Arial, sans-serif; \">&nbsp;<\/span><\/b><\/span><\/b><\/span><\/b><\/span><\/b><\/span><\/b><\/span><\/b><\/p>\n<p>Para mayor informaci\u00f3n visita:<\/p>\n<p>facebook.com\/CineRockFest<\/p>\n<p>@CineRockFest&nbsp;&nbsp;&nbsp;&nbsp;<\/p>\n<p><a href=\"http:\/\/www.cinerock.com.ve\/\">www.cinerock.com.ve<\/a><\/p>\n<p><!--nextpage--><img decoding=\"async\" class=\"aligncenter size-medium wp-image-111114353\" src=\"https:\/\/www.oidossucios.com\/site\/wp-content\/uploads\/2020\/02\/4353.jpg\" alt=\"Vuelve CineRock en su tercera edici\u00f3n\"  \/><a href='https:\/\/www.oidossucios.com\/site\/vuelve-cinerock-en-su-tercera-edicion\/2\/'\n                        onclick='if (tpsInstance) { tpsInstance.setNext(); return false; }'\n                        rel='next'\n                        style=''\n                        class=''>Ver galer\u00eda<\/a>]]><\/p>\n","protected":false},"excerpt":{"rendered":"<p>La Fundaci\u00f3n M\u00fasica Visual presenta por tercer a\u00f1o consecutivo el Festival de Cine de Rock, en esta oportunidad con las mejores pel\u00edculas y presentaciones en vivo.<\/p>\n","protected":false},"author":4,"featured_media":100003787,"comment_status":"open","ping_status":"open","sticky":false,"template":"","format":"standard","meta":{"_jetpack_memberships_contains_paid_content":false,"footnotes":""},"categories":[250],"tags":[],"class_list":["post-3787","post","type-post","status-publish","format-standard","has-post-thumbnail","hentry","category-noticias"],"jetpack_featured_media_url":"https:\/\/www.oidossucios.com\/site\/wp-content\/uploads\/2011\/07\/3787.jpg","yoast_head":"<!-- This site is optimized with the Yoast SEO plugin v14.0.4 - https:\/\/yoast.com\/wordpress\/plugins\/seo\/ -->\n<title>Vuelve CineRock en su tercera edici\u00f3n - OidosSucios.Com<\/title>\n<meta name=\"description\" content=\"La Fundaci\u00f3n M\u00fasica Visual presenta por tercer a\u00f1o consecutivo el Festival de Cine de Rock, en esta oportunidad con las mejores pel\u00edculas y presentaciones en vivo.\" \/>\n<meta name=\"robots\" content=\"index, follow\" \/>\n<meta name=\"googlebot\" content=\"index, follow, max-snippet:-1, max-image-preview:large, max-video-preview:-1\" \/>\n<meta name=\"bingbot\" content=\"index, follow, max-snippet:-1, max-image-preview:large, max-video-preview:-1\" \/>\n<link rel=\"canonical\" href=\"https:\/\/www.oidossucios.com\/site\/vuelve-cinerock-en-su-tercera-edicion\/\" \/>\n<link rel=\"next\" href=\"https:\/\/www.oidossucios.com\/site\/vuelve-cinerock-en-su-tercera-edicion\/2\/\" \/>\n<meta property=\"og:locale\" content=\"es_ES\" \/>\n<meta property=\"og:type\" content=\"article\" \/>\n<meta property=\"og:title\" content=\"Vuelve CineRock en su tercera edici\u00f3n - OidosSucios.Com\" \/>\n<meta property=\"og:description\" content=\"La Fundaci\u00f3n M\u00fasica Visual presenta por tercer a\u00f1o consecutivo el Festival de Cine de Rock, en esta oportunidad con las mejores pel\u00edculas y presentaciones en vivo.\" \/>\n<meta property=\"og:url\" content=\"https:\/\/www.oidossucios.com\/site\/vuelve-cinerock-en-su-tercera-edicion\/\" \/>\n<meta property=\"og:site_name\" content=\"OidosSucios.Com\" \/>\n<meta property=\"article:published_time\" content=\"2011-07-14T15:24:00+00:00\" \/>\n<meta property=\"og:image\" content=\"https:\/\/www.oidossucios.com\/site\/wp-content\/uploads\/2011\/07\/3787.jpg\" \/>\n\t<meta property=\"og:image:width\" content=\"350\" \/>\n\t<meta property=\"og:image:height\" content=\"300\" \/>\n<meta name=\"twitter:card\" content=\"summary_large_image\" \/>\n<meta name=\"twitter:creator\" content=\"@oidossucios\" \/>\n<script type=\"application\/ld+json\" class=\"yoast-schema-graph\">{\"@context\":\"https:\/\/schema.org\",\"@graph\":[{\"@type\":\"WebSite\",\"@id\":\"https:\/\/www.oidossucios.com\/site\/#website\",\"url\":\"https:\/\/www.oidossucios.com\/site\/\",\"name\":\"OidosSucios.Com\",\"description\":\"M\\u00fasica, conciertos, discos\",\"potentialAction\":[{\"@type\":\"SearchAction\",\"target\":\"https:\/\/www.oidossucios.com\/site\/?s={search_term_string}\",\"query-input\":\"required name=search_term_string\"}],\"inLanguage\":\"es\"},{\"@type\":\"ImageObject\",\"@id\":\"https:\/\/www.oidossucios.com\/site\/vuelve-cinerock-en-su-tercera-edicion\/#primaryimage\",\"inLanguage\":\"es\",\"url\":\"https:\/\/www.oidossucios.com\/site\/wp-content\/uploads\/2011\/07\/3787.jpg\",\"width\":350,\"height\":300},{\"@type\":\"WebPage\",\"@id\":\"https:\/\/www.oidossucios.com\/site\/vuelve-cinerock-en-su-tercera-edicion\/#webpage\",\"url\":\"https:\/\/www.oidossucios.com\/site\/vuelve-cinerock-en-su-tercera-edicion\/\",\"name\":\"Vuelve CineRock en su tercera edici\\u00f3n - OidosSucios.Com\",\"isPartOf\":{\"@id\":\"https:\/\/www.oidossucios.com\/site\/#website\"},\"primaryImageOfPage\":{\"@id\":\"https:\/\/www.oidossucios.com\/site\/vuelve-cinerock-en-su-tercera-edicion\/#primaryimage\"},\"datePublished\":\"2011-07-14T15:24:00+00:00\",\"dateModified\":\"2011-07-14T15:24:00+00:00\",\"author\":{\"@id\":\"https:\/\/www.oidossucios.com\/site\/#\/schema\/person\/24559eeb76bf83a63296fb072393a688\"},\"description\":\"La Fundaci\\u00f3n M\\u00fasica Visual presenta por tercer a\\u00f1o consecutivo el Festival de Cine de Rock, en esta oportunidad con las mejores pel\\u00edculas y presentaciones en vivo.\",\"inLanguage\":\"es\",\"potentialAction\":[{\"@type\":\"ReadAction\",\"target\":[\"https:\/\/www.oidossucios.com\/site\/vuelve-cinerock-en-su-tercera-edicion\/\"]}]},{\"@type\":[\"Person\"],\"@id\":\"https:\/\/www.oidossucios.com\/site\/#\/schema\/person\/24559eeb76bf83a63296fb072393a688\",\"name\":\"Oidossucios\",\"image\":{\"@type\":\"ImageObject\",\"@id\":\"https:\/\/www.oidossucios.com\/site\/#personlogo\",\"inLanguage\":\"es\",\"url\":\"https:\/\/secure.gravatar.com\/avatar\/74fcb480f42f1a33e50a0b6e6369a3f907be2e43dc84fa5f76c66e9c22b4a5ab?s=96&d=mm&r=g\",\"caption\":\"Oidossucios\"},\"sameAs\":[\"https:\/\/twitter.com\/oidossucios\"]}]}<\/script>\n<!-- \/ Yoast SEO plugin. -->","jetpack_sharing_enabled":true,"_links":{"self":[{"href":"https:\/\/www.oidossucios.com\/site\/wp-json\/wp\/v2\/posts\/3787","targetHints":{"allow":["GET"]}}],"collection":[{"href":"https:\/\/www.oidossucios.com\/site\/wp-json\/wp\/v2\/posts"}],"about":[{"href":"https:\/\/www.oidossucios.com\/site\/wp-json\/wp\/v2\/types\/post"}],"author":[{"embeddable":true,"href":"https:\/\/www.oidossucios.com\/site\/wp-json\/wp\/v2\/users\/4"}],"replies":[{"embeddable":true,"href":"https:\/\/www.oidossucios.com\/site\/wp-json\/wp\/v2\/comments?post=3787"}],"version-history":[{"count":0,"href":"https:\/\/www.oidossucios.com\/site\/wp-json\/wp\/v2\/posts\/3787\/revisions"}],"wp:featuredmedia":[{"embeddable":true,"href":"https:\/\/www.oidossucios.com\/site\/wp-json\/wp\/v2\/media\/100003787"}],"wp:attachment":[{"href":"https:\/\/www.oidossucios.com\/site\/wp-json\/wp\/v2\/media?parent=3787"}],"wp:term":[{"taxonomy":"category","embeddable":true,"href":"https:\/\/www.oidossucios.com\/site\/wp-json\/wp\/v2\/categories?post=3787"},{"taxonomy":"post_tag","embeddable":true,"href":"https:\/\/www.oidossucios.com\/site\/wp-json\/wp\/v2\/tags?post=3787"}],"curies":[{"name":"wp","href":"https:\/\/api.w.org\/{rel}","templated":true}]}}