{"id":3828,"date":"2011-07-21T06:56:00","date_gmt":"2011-07-21T06:56:00","guid":{"rendered":"https:\/\/www.oidossucios.com\/site\/2011\/07\/21\/slash-estrena-la-cancion-kick-it-up-a-notch\/"},"modified":"2011-07-21T06:56:00","modified_gmt":"2011-07-21T06:56:00","slug":"slash-estrena-la-cancion-kick-it-up-a-notch","status":"publish","type":"post","link":"https:\/\/www.oidossucios.com\/site\/slash-estrena-la-cancion-kick-it-up-a-notch\/","title":{"rendered":"Slash estrena la canci\u00f3n &quot;Kick It Up a Notch&quot;"},"content":{"rendered":"\n<p><b>Slash<\/b>&nbsp;dio a conocer que colaborar\u00e1 en la pel\u00edcula animada&nbsp;<b><i>Phineas and Ferb<\/i><\/b>, basada en la caricatura del mismo nombre.&nbsp;<\/p>\n<p>&#8220;Slash es un icono del rock, es nuestro h\u00e9roe. Quer\u00edamos una canci\u00f3n que resumiera esa admiraci\u00f3n y que la pudi\u00e9ramos integrar a la pel\u00edcula. Slash vio la pel\u00edcula con sus hijos y le gusto mucho. Me dijo que quer\u00eda escribir una canci\u00f3n y ese fue simplemente un sue\u00f1o hecho realidad&#8221;, dijo&nbsp;<b>Dan Povenmire<\/b>, productor de la cinta.&nbsp;<\/p>\n<p><b><i><br \/><\/i><\/b><\/p>\n<p><b><i>Phineas and Ferb: Across the 2nd Dimension<\/i><\/b>&nbsp;podr\u00e1 verse el pr\u00f3ximo 5 de agosto en el&nbsp;<b>Disney Channel<\/b>, mientras que el soundtrack estar\u00e1 disponible a partir del 2 de agosto.&nbsp;<\/p>\n<p>&nbsp;<\/p>\n<p>Fuente: www.rollingstone.cm.mx<\/p>\n","protected":false},"excerpt":{"rendered":"<p>Slash&nbsp;dio a conocer que colaborar\u00e1 en la pel\u00edcula animada&nbsp;Phineas and Ferb, basada en la caricatura del mismo nombre.&nbsp; &#8220;Slash es un icono del rock, es nuestro h\u00e9roe. Quer\u00edamos una canci\u00f3n que resumiera esa admiraci\u00f3n y que la pudi\u00e9ramos integrar a la pel\u00edcula. Slash vio la pel\u00edcula con sus hijos y le gusto mucho. Me dijo [&hellip;]<\/p>\n","protected":false},"author":4,"featured_media":100003828,"comment_status":"open","ping_status":"open","sticky":false,"template":"","format":"standard","meta":{"_jetpack_memberships_contains_paid_content":false,"footnotes":""},"categories":[142],"tags":[],"class_list":["post-3828","post","type-post","status-publish","format-standard","has-post-thumbnail","hentry","category-buzznews"],"jetpack_featured_media_url":"https:\/\/www.oidossucios.com\/site\/wp-content\/uploads\/2011\/07\/3828.jpg","yoast_head":"<!-- This site is optimized with the Yoast SEO plugin v14.0.4 - https:\/\/yoast.com\/wordpress\/plugins\/seo\/ -->\n<title>Slash estrena la canci\u00f3n &quot;Kick It Up a Notch&quot; - OidosSucios.Com<\/title>\n<meta name=\"robots\" content=\"index, follow\" \/>\n<meta name=\"googlebot\" content=\"index, follow, max-snippet:-1, max-image-preview:large, max-video-preview:-1\" \/>\n<meta name=\"bingbot\" content=\"index, follow, max-snippet:-1, max-image-preview:large, max-video-preview:-1\" \/>\n<link rel=\"canonical\" href=\"https:\/\/www.oidossucios.com\/site\/slash-estrena-la-cancion-kick-it-up-a-notch\/\" \/>\n<meta property=\"og:locale\" content=\"es_ES\" \/>\n<meta property=\"og:type\" content=\"article\" \/>\n<meta property=\"og:title\" content=\"Slash estrena la canci\u00f3n &quot;Kick It Up a Notch&quot; - OidosSucios.Com\" \/>\n<meta property=\"og:description\" content=\"Slash&nbsp;dio a conocer que colaborar\u00e1 en la pel\u00edcula animada&nbsp;Phineas and Ferb, basada en la caricatura del mismo nombre.&nbsp; &#8220;Slash es un icono del rock, es nuestro h\u00e9roe. Quer\u00edamos una canci\u00f3n que resumiera esa admiraci\u00f3n y que la pudi\u00e9ramos integrar a la pel\u00edcula. Slash vio la pel\u00edcula con sus hijos y le gusto mucho. Me dijo [&hellip;]\" \/>\n<meta property=\"og:url\" content=\"https:\/\/www.oidossucios.com\/site\/slash-estrena-la-cancion-kick-it-up-a-notch\/\" \/>\n<meta property=\"og:site_name\" content=\"OidosSucios.Com\" \/>\n<meta property=\"article:published_time\" content=\"2011-07-21T06:56:00+00:00\" \/>\n<meta property=\"og:image\" content=\"https:\/\/www.oidossucios.com\/site\/wp-content\/uploads\/2011\/07\/3828.jpg\" \/>\n\t<meta property=\"og:image:width\" content=\"350\" \/>\n\t<meta property=\"og:image:height\" content=\"300\" \/>\n<meta name=\"twitter:card\" content=\"summary_large_image\" \/>\n<meta name=\"twitter:creator\" content=\"@oidossucios\" \/>\n<script type=\"application\/ld+json\" class=\"yoast-schema-graph\">{\"@context\":\"https:\/\/schema.org\",\"@graph\":[{\"@type\":\"WebSite\",\"@id\":\"https:\/\/www.oidossucios.com\/site\/#website\",\"url\":\"https:\/\/www.oidossucios.com\/site\/\",\"name\":\"OidosSucios.Com\",\"description\":\"M\\u00fasica, conciertos, discos\",\"potentialAction\":[{\"@type\":\"SearchAction\",\"target\":\"https:\/\/www.oidossucios.com\/site\/?s={search_term_string}\",\"query-input\":\"required name=search_term_string\"}],\"inLanguage\":\"es\"},{\"@type\":\"ImageObject\",\"@id\":\"https:\/\/www.oidossucios.com\/site\/slash-estrena-la-cancion-kick-it-up-a-notch\/#primaryimage\",\"inLanguage\":\"es\",\"url\":\"https:\/\/www.oidossucios.com\/site\/wp-content\/uploads\/2011\/07\/3828.jpg\",\"width\":350,\"height\":300},{\"@type\":\"WebPage\",\"@id\":\"https:\/\/www.oidossucios.com\/site\/slash-estrena-la-cancion-kick-it-up-a-notch\/#webpage\",\"url\":\"https:\/\/www.oidossucios.com\/site\/slash-estrena-la-cancion-kick-it-up-a-notch\/\",\"name\":\"Slash estrena la canci\\u00f3n &quot;Kick It Up a Notch&quot; - OidosSucios.Com\",\"isPartOf\":{\"@id\":\"https:\/\/www.oidossucios.com\/site\/#website\"},\"primaryImageOfPage\":{\"@id\":\"https:\/\/www.oidossucios.com\/site\/slash-estrena-la-cancion-kick-it-up-a-notch\/#primaryimage\"},\"datePublished\":\"2011-07-21T06:56:00+00:00\",\"dateModified\":\"2011-07-21T06:56:00+00:00\",\"author\":{\"@id\":\"https:\/\/www.oidossucios.com\/site\/#\/schema\/person\/24559eeb76bf83a63296fb072393a688\"},\"inLanguage\":\"es\",\"potentialAction\":[{\"@type\":\"ReadAction\",\"target\":[\"https:\/\/www.oidossucios.com\/site\/slash-estrena-la-cancion-kick-it-up-a-notch\/\"]}]},{\"@type\":[\"Person\"],\"@id\":\"https:\/\/www.oidossucios.com\/site\/#\/schema\/person\/24559eeb76bf83a63296fb072393a688\",\"name\":\"Oidossucios\",\"image\":{\"@type\":\"ImageObject\",\"@id\":\"https:\/\/www.oidossucios.com\/site\/#personlogo\",\"inLanguage\":\"es\",\"url\":\"https:\/\/secure.gravatar.com\/avatar\/74fcb480f42f1a33e50a0b6e6369a3f907be2e43dc84fa5f76c66e9c22b4a5ab?s=96&d=mm&r=g\",\"caption\":\"Oidossucios\"},\"sameAs\":[\"https:\/\/twitter.com\/oidossucios\"]}]}<\/script>\n<!-- \/ Yoast SEO plugin. -->","jetpack_sharing_enabled":true,"_links":{"self":[{"href":"https:\/\/www.oidossucios.com\/site\/wp-json\/wp\/v2\/posts\/3828","targetHints":{"allow":["GET"]}}],"collection":[{"href":"https:\/\/www.oidossucios.com\/site\/wp-json\/wp\/v2\/posts"}],"about":[{"href":"https:\/\/www.oidossucios.com\/site\/wp-json\/wp\/v2\/types\/post"}],"author":[{"embeddable":true,"href":"https:\/\/www.oidossucios.com\/site\/wp-json\/wp\/v2\/users\/4"}],"replies":[{"embeddable":true,"href":"https:\/\/www.oidossucios.com\/site\/wp-json\/wp\/v2\/comments?post=3828"}],"version-history":[{"count":0,"href":"https:\/\/www.oidossucios.com\/site\/wp-json\/wp\/v2\/posts\/3828\/revisions"}],"wp:featuredmedia":[{"embeddable":true,"href":"https:\/\/www.oidossucios.com\/site\/wp-json\/wp\/v2\/media\/100003828"}],"wp:attachment":[{"href":"https:\/\/www.oidossucios.com\/site\/wp-json\/wp\/v2\/media?parent=3828"}],"wp:term":[{"taxonomy":"category","embeddable":true,"href":"https:\/\/www.oidossucios.com\/site\/wp-json\/wp\/v2\/categories?post=3828"},{"taxonomy":"post_tag","embeddable":true,"href":"https:\/\/www.oidossucios.com\/site\/wp-json\/wp\/v2\/tags?post=3828"}],"curies":[{"name":"wp","href":"https:\/\/api.w.org\/{rel}","templated":true}]}}