{"id":386,"date":"2006-08-28T05:54:00","date_gmt":"2006-08-28T05:54:00","guid":{"rendered":"https:\/\/www.oidossucios.com\/site\/2006\/08\/28\/1er-festival-de-musica-unida\/"},"modified":"2006-08-28T05:54:00","modified_gmt":"2006-08-28T05:54:00","slug":"1er-festival-de-musica-unida","status":"publish","type":"post","link":"https:\/\/www.oidossucios.com\/site\/1er-festival-de-musica-unida\/","title":{"rendered":"1er. Festival de M\u00fasica Unida"},"content":{"rendered":"<p>Por Juan Carlos Ascanio<\/p>\n<p><b>Por Carlos A. Ospina S.<b> &#8211; carlos.ospina.soto@gmail.com<\/p>\n<p>El pasado domingo 28 de mayo la ciudad de Valencia amaneci\u00f3 nublada, pasando a lluviosa al mediod\u00eda, mal clima que no nos hizo olvidar que se iba a realizar, en el Parque Negra Hip\u00f3lita, el ampliamente anunciado 1er. Festival de M\u00fasica Unida, con el concierto de la agrupaci\u00f3n argentina tributo a Queen, Dios Salve a la Reina, que ofrec\u00eda como aliciente especial la presentaci\u00f3n de la banda de Pa\u00fal Gillman junto a la Orquesta Bolivariana del estado Carabobo.<\/p>\n<p>Llegamos tarde pero lo suficientemente temprano para escuchar las notas de Nothing else matters y Fear of the dark a cargo de la Orquesta Sinf\u00f3nica en solitario, que sirvieron como una agradable bienvenida al evento. Acto seguido apareci\u00f3 Pa\u00fal Gillman quien nos deleit\u00f3 con una s\u00f3lida versi\u00f3n del tema Poema Negro, donde se le pudo observar en plenitud de condiciones y mostrando una buena voz. Todo esto suced\u00eda con el apoyo musical de la Orquesta Bolivariana del estado Carabobo, quienes parec\u00edan felices de poder estar all\u00ed, d\u00e1ndole un toque sofisticado y la vez contundente al cl\u00e1sico tema del \u00e1lbum Escalofr\u00edo. Sigui\u00f3 con El Silb\u00f3n y La Sayona, temas donde el rockero venezolano mostr\u00f3 los atributos que a pesar de los altibajos, lo han mantenido siempre presente en la escena del metal nacional, y donde los arreglos orquestales se hicieron sentir. Para cerrar el corto show interpretaron nada menos que su himno: El poeta, enarbolando la bandera del rock nacional y dejando un mensaje en claro: &#8220;Muerte al Reaggeton&#8221;, antes de dar paso al plato fuerte de la tarde que ya se volv\u00eda noche.<\/p>\n<p>La apertura de la agrupaci\u00f3n argentina se hizo con una versi\u00f3n &#8220;r\u00e1pida&#8221; de We will rock you, muy parecida a aquella que sirvi\u00f3 de apertura a los aut\u00e9nticos Queen en Caracas por all\u00e1 en 1982. Fue all\u00ed donde los esc\u00e9pticos y los que no conoc\u00edan muy bien de quien se trataba la agrupaci\u00f3n quedaron asombrados del enorme parecido f\u00edsico entre Pablo Padin y Freddie Mercury, similitud que a lo largo del espect\u00e1culo de casi de dos horas de duraci\u00f3n no se limitar\u00eda tan s\u00f3lo a lo f\u00edsico. <\/p>\n<p>Se pasearon por temas como Save me, Killer Queen y lograron llevar a una temperatura muy alta al publico con I want to break free. Fueron notorias y reiteradas sus exclamaciones de sorpresa y agrado causados por el p\u00fablico venezolano del que no esperaban una receptividad tan buena. <\/p>\n<p>Interpretaron temas sublimes como Love of my life, Show must go on, donde la ilusi\u00f3n \u00f3ptica de estar frente a Freddie Mercury y Brian May embriagaba nuestros ojos para pasar a electrizar todo el parque con Stone cold crazy, Tie your mother down, Under pressure, y haciendo una pausa para interactuar con la audiencia mientras Pablo Padin preguntaba al publico valenciano: Yo quiero que me digan una cosa\u0085\u00bfEs verdad que Valencia es la capital del rock? Recibiendo un estruendoso &#8220;S\u00ed&#8221;, acompa\u00f1ado de manos en alto que pretend\u00edan darle firmeza a la respuesta. <\/p>\n<p>Cerraron el show con sendas versiones de We will rock you que difiri\u00f3 de la primera en cuanto a energ\u00eda, Crazy little thing called love, Bohemian rhapsody, que fue otro de los puntos claves de la noche, y We are the champions, donde observamos a un Freddie Mercury\u0085digo un Pablo Padin cubierto con el tricolor nacional; al finalizar, la banda reverenci\u00f3 al p\u00fablico como despedida y nuestro front man de la noche sali\u00f3 luciendo la misma capa y corona reales que acostumbraba a usar el l\u00edder de Queen en sus espect\u00e1culos.<\/p>\n<p>Poco a poco la multitud fue saliendo del parque, con un com\u00fan denominador en sus rostros, satisfacci\u00f3n ante la calidad del espect\u00e1culo presenciado.<\/p>\n<p>[osp]3.5[\/osp]<\/p>\n","protected":false},"excerpt":{"rendered":"<p>Por Juan Carlos Ascanio Por Carlos A. Ospina S. &#8211; carlos.ospina.soto@gmail.com El pasado domingo 28 de mayo la ciudad de Valencia amaneci\u00f3 nublada, pasando a lluviosa al mediod\u00eda, mal clima que no nos hizo olvidar que se iba a realizar, en el Parque Negra Hip\u00f3lita, el ampliamente anunciado 1er. Festival de M\u00fasica Unida, con el [&hellip;]<\/p>\n","protected":false},"author":4,"featured_media":10000386,"comment_status":"open","ping_status":"open","sticky":false,"template":"","format":"standard","meta":{"_jetpack_memberships_contains_paid_content":false,"footnotes":""},"categories":[203],"tags":[210,148],"class_list":["post-386","post","type-post","status-publish","format-standard","has-post-thumbnail","hentry","category-eventos","tag-festival","tag-johndoe"],"jetpack_featured_media_url":"https:\/\/www.oidossucios.com\/site\/wp-content\/uploads\/2006\/08\/386.jpg","yoast_head":"<!-- This site is optimized with the Yoast SEO plugin v14.0.4 - https:\/\/yoast.com\/wordpress\/plugins\/seo\/ -->\n<title>1er. Festival de M\u00fasica Unida - OidosSucios.Com<\/title>\n<meta name=\"robots\" content=\"index, follow\" \/>\n<meta name=\"googlebot\" content=\"index, follow, max-snippet:-1, max-image-preview:large, max-video-preview:-1\" \/>\n<meta name=\"bingbot\" content=\"index, follow, max-snippet:-1, max-image-preview:large, max-video-preview:-1\" \/>\n<link rel=\"canonical\" href=\"https:\/\/www.oidossucios.com\/site\/1er-festival-de-musica-unida\/\" \/>\n<meta property=\"og:locale\" content=\"es_ES\" \/>\n<meta property=\"og:type\" content=\"article\" \/>\n<meta property=\"og:title\" content=\"1er. Festival de M\u00fasica Unida - OidosSucios.Com\" \/>\n<meta property=\"og:description\" content=\"Por Juan Carlos Ascanio Por Carlos A. Ospina S. &#8211; carlos.ospina.soto@gmail.com El pasado domingo 28 de mayo la ciudad de Valencia amaneci\u00f3 nublada, pasando a lluviosa al mediod\u00eda, mal clima que no nos hizo olvidar que se iba a realizar, en el Parque Negra Hip\u00f3lita, el ampliamente anunciado 1er. Festival de M\u00fasica Unida, con el [&hellip;]\" \/>\n<meta property=\"og:url\" content=\"https:\/\/www.oidossucios.com\/site\/1er-festival-de-musica-unida\/\" \/>\n<meta property=\"og:site_name\" content=\"OidosSucios.Com\" \/>\n<meta property=\"article:published_time\" content=\"2006-08-28T05:54:00+00:00\" \/>\n<meta property=\"og:image\" content=\"https:\/\/www.oidossucios.com\/site\/wp-content\/uploads\/2006\/08\/386.jpg\" \/>\n\t<meta property=\"og:image:width\" content=\"80\" \/>\n\t<meta property=\"og:image:height\" content=\"80\" \/>\n<meta name=\"twitter:card\" content=\"summary_large_image\" \/>\n<meta name=\"twitter:creator\" content=\"@oidossucios\" \/>\n<script type=\"application\/ld+json\" class=\"yoast-schema-graph\">{\"@context\":\"https:\/\/schema.org\",\"@graph\":[{\"@type\":\"WebSite\",\"@id\":\"https:\/\/www.oidossucios.com\/site\/#website\",\"url\":\"https:\/\/www.oidossucios.com\/site\/\",\"name\":\"OidosSucios.Com\",\"description\":\"M\\u00fasica, conciertos, discos\",\"potentialAction\":[{\"@type\":\"SearchAction\",\"target\":\"https:\/\/www.oidossucios.com\/site\/?s={search_term_string}\",\"query-input\":\"required name=search_term_string\"}],\"inLanguage\":\"es\"},{\"@type\":\"ImageObject\",\"@id\":\"https:\/\/www.oidossucios.com\/site\/1er-festival-de-musica-unida\/#primaryimage\",\"inLanguage\":\"es\",\"url\":\"https:\/\/www.oidossucios.com\/site\/wp-content\/uploads\/2006\/08\/386.jpg\",\"width\":80,\"height\":80},{\"@type\":\"WebPage\",\"@id\":\"https:\/\/www.oidossucios.com\/site\/1er-festival-de-musica-unida\/#webpage\",\"url\":\"https:\/\/www.oidossucios.com\/site\/1er-festival-de-musica-unida\/\",\"name\":\"1er. Festival de M\\u00fasica Unida - OidosSucios.Com\",\"isPartOf\":{\"@id\":\"https:\/\/www.oidossucios.com\/site\/#website\"},\"primaryImageOfPage\":{\"@id\":\"https:\/\/www.oidossucios.com\/site\/1er-festival-de-musica-unida\/#primaryimage\"},\"datePublished\":\"2006-08-28T05:54:00+00:00\",\"dateModified\":\"2006-08-28T05:54:00+00:00\",\"author\":{\"@id\":\"https:\/\/www.oidossucios.com\/site\/#\/schema\/person\/24559eeb76bf83a63296fb072393a688\"},\"inLanguage\":\"es\",\"potentialAction\":[{\"@type\":\"ReadAction\",\"target\":[\"https:\/\/www.oidossucios.com\/site\/1er-festival-de-musica-unida\/\"]}]},{\"@type\":[\"Person\"],\"@id\":\"https:\/\/www.oidossucios.com\/site\/#\/schema\/person\/24559eeb76bf83a63296fb072393a688\",\"name\":\"Oidossucios\",\"image\":{\"@type\":\"ImageObject\",\"@id\":\"https:\/\/www.oidossucios.com\/site\/#personlogo\",\"inLanguage\":\"es\",\"url\":\"https:\/\/secure.gravatar.com\/avatar\/74fcb480f42f1a33e50a0b6e6369a3f907be2e43dc84fa5f76c66e9c22b4a5ab?s=96&d=mm&r=g\",\"caption\":\"Oidossucios\"},\"sameAs\":[\"https:\/\/twitter.com\/oidossucios\"]}]}<\/script>\n<!-- \/ Yoast SEO plugin. -->","jetpack_sharing_enabled":true,"_links":{"self":[{"href":"https:\/\/www.oidossucios.com\/site\/wp-json\/wp\/v2\/posts\/386","targetHints":{"allow":["GET"]}}],"collection":[{"href":"https:\/\/www.oidossucios.com\/site\/wp-json\/wp\/v2\/posts"}],"about":[{"href":"https:\/\/www.oidossucios.com\/site\/wp-json\/wp\/v2\/types\/post"}],"author":[{"embeddable":true,"href":"https:\/\/www.oidossucios.com\/site\/wp-json\/wp\/v2\/users\/4"}],"replies":[{"embeddable":true,"href":"https:\/\/www.oidossucios.com\/site\/wp-json\/wp\/v2\/comments?post=386"}],"version-history":[{"count":0,"href":"https:\/\/www.oidossucios.com\/site\/wp-json\/wp\/v2\/posts\/386\/revisions"}],"wp:featuredmedia":[{"embeddable":true,"href":"https:\/\/www.oidossucios.com\/site\/wp-json\/wp\/v2\/media\/10000386"}],"wp:attachment":[{"href":"https:\/\/www.oidossucios.com\/site\/wp-json\/wp\/v2\/media?parent=386"}],"wp:term":[{"taxonomy":"category","embeddable":true,"href":"https:\/\/www.oidossucios.com\/site\/wp-json\/wp\/v2\/categories?post=386"},{"taxonomy":"post_tag","embeddable":true,"href":"https:\/\/www.oidossucios.com\/site\/wp-json\/wp\/v2\/tags?post=386"}],"curies":[{"name":"wp","href":"https:\/\/api.w.org\/{rel}","templated":true}]}}