{"id":3869,"date":"2011-07-28T09:19:00","date_gmt":"2011-07-28T09:19:00","guid":{"rendered":"https:\/\/www.oidossucios.com\/site\/2011\/07\/28\/haran-pelicula-sobre-bon-scott-primer-vocalista-de-ac-dc\/"},"modified":"2011-07-28T09:19:00","modified_gmt":"2011-07-28T09:19:00","slug":"haran-pelicula-sobre-bon-scott-primer-vocalista-de-ac-dc","status":"publish","type":"post","link":"https:\/\/www.oidossucios.com\/site\/haran-pelicula-sobre-bon-scott-primer-vocalista-de-ac-dc\/","title":{"rendered":"Har\u00e1n pel\u00edcula sobre Bon Scott, primer vocalista de AC\/DC"},"content":{"rendered":"\n<p>Una pel\u00edcula sobre Bon Scott, primer vocalista al frente de AC\/DC fallecido en 1980 ser\u00e1 hecha por la productora Screen Australia con el&nbsp;apoyo del gobierno local. El gui\u00f3n fue escrito por Sophie Edelstein, ser\u00e1 dirigida por Eddie Martin y producida por Lizzete Atkins.&nbsp;<\/p>\n<p><!--[if !supportLineBreakNewLine]--><br \/><!--[endif]--><\/p>\n<p>Por otra parte, Nick Backer guitarista y vocalista The Reptiles, refleja a trav\u00e9s del concierto narrativo &#8220;Hell Aint A Place to Be-The Story of Bon Scott&#8221; los primeros a\u00f1os del vocalista en la m\u00fasica anteriores a AC\/DC con grupos como The Spektors, The Valentines y Fraternity. El tributo, hecho por los mismos productores que de &#8220;The Man in Black-The Johnny Cash Story&#8221;, cuenta con canciones escritas por Nick Barke e&nbsp;interpretadas por integrantes de bandas australianas como The Casanovas, Electric Mary y Southpoor as\u00ed como narraciones a cargo de Doug Parkison.<\/p>\n<p><\/p>\n<p>La misma productora realizar\u00e1 una pel\u00edcula sobre el vocalista de INXS Michael Hutchence quien muri\u00f3 en 1997.<\/p>\n<p>&nbsp;<\/p>\n<p>Fuente: www.rollingstone.com.mx<\/p>\n<p><!--nextpage--><img decoding=\"async\" class=\"aligncenter size-medium wp-image-111114434\" src=\"https:\/\/www.oidossucios.com\/site\/wp-content\/uploads\/2020\/02\/4434.jpg\" alt=\"Har\u00e1n pel\u00edcula sobre Bon Scott, primer vocalista de AC\/DC\"  \/><a href='https:\/\/www.oidossucios.com\/site\/haran-pelicula-sobre-bon-scott-primer-vocalista-de-ac-dc\/2\/'\n                        onclick='if (tpsInstance) { tpsInstance.setNext(); return false; }'\n                        rel='next'\n                        style=''\n                        class=''>Ver galer\u00eda<\/a>]]><\/p>\n","protected":false},"excerpt":{"rendered":"<p>Una pel\u00edcula sobre Bon Scott, primer vocalista al frente de AC\/DC fallecido en 1980 ser\u00e1 hecha por la productora Screen Australia con el&nbsp;apoyo del gobierno local. El gui\u00f3n fue escrito por Sophie Edelstein, ser\u00e1 dirigida por Eddie Martin y producida por Lizzete Atkins.&nbsp; Por otra parte, Nick Backer guitarista y vocalista The Reptiles, refleja a [&hellip;]<\/p>\n","protected":false},"author":4,"featured_media":100003869,"comment_status":"open","ping_status":"open","sticky":false,"template":"","format":"standard","meta":{"_jetpack_memberships_contains_paid_content":false,"footnotes":""},"categories":[142],"tags":[],"class_list":["post-3869","post","type-post","status-publish","format-standard","has-post-thumbnail","hentry","category-buzznews"],"jetpack_featured_media_url":"https:\/\/www.oidossucios.com\/site\/wp-content\/uploads\/2011\/07\/3869.jpg","yoast_head":"<!-- This site is optimized with the Yoast SEO plugin v14.0.4 - https:\/\/yoast.com\/wordpress\/plugins\/seo\/ -->\n<title>Har\u00e1n pel\u00edcula sobre Bon Scott, primer vocalista de AC\/DC - OidosSucios.Com<\/title>\n<meta name=\"robots\" content=\"index, follow\" \/>\n<meta name=\"googlebot\" content=\"index, follow, max-snippet:-1, max-image-preview:large, max-video-preview:-1\" \/>\n<meta name=\"bingbot\" content=\"index, follow, max-snippet:-1, max-image-preview:large, max-video-preview:-1\" \/>\n<link rel=\"canonical\" href=\"https:\/\/www.oidossucios.com\/site\/haran-pelicula-sobre-bon-scott-primer-vocalista-de-ac-dc\/\" \/>\n<link rel=\"next\" href=\"https:\/\/www.oidossucios.com\/site\/haran-pelicula-sobre-bon-scott-primer-vocalista-de-ac-dc\/2\/\" \/>\n<meta property=\"og:locale\" content=\"es_ES\" \/>\n<meta property=\"og:type\" content=\"article\" \/>\n<meta property=\"og:title\" content=\"Har\u00e1n pel\u00edcula sobre Bon Scott, primer vocalista de AC\/DC - OidosSucios.Com\" \/>\n<meta property=\"og:description\" content=\"Una pel\u00edcula sobre Bon Scott, primer vocalista al frente de AC\/DC fallecido en 1980 ser\u00e1 hecha por la productora Screen Australia con el&nbsp;apoyo del gobierno local. El gui\u00f3n fue escrito por Sophie Edelstein, ser\u00e1 dirigida por Eddie Martin y producida por Lizzete Atkins.&nbsp; Por otra parte, Nick Backer guitarista y vocalista The Reptiles, refleja a [&hellip;]\" \/>\n<meta property=\"og:url\" content=\"https:\/\/www.oidossucios.com\/site\/haran-pelicula-sobre-bon-scott-primer-vocalista-de-ac-dc\/\" \/>\n<meta property=\"og:site_name\" content=\"OidosSucios.Com\" \/>\n<meta property=\"article:published_time\" content=\"2011-07-28T09:19:00+00:00\" \/>\n<meta property=\"og:image\" content=\"https:\/\/www.oidossucios.com\/site\/wp-content\/uploads\/2011\/07\/3869.jpg\" \/>\n\t<meta property=\"og:image:width\" content=\"350\" \/>\n\t<meta property=\"og:image:height\" content=\"300\" \/>\n<meta name=\"twitter:card\" content=\"summary_large_image\" \/>\n<meta name=\"twitter:creator\" content=\"@oidossucios\" \/>\n<script type=\"application\/ld+json\" class=\"yoast-schema-graph\">{\"@context\":\"https:\/\/schema.org\",\"@graph\":[{\"@type\":\"WebSite\",\"@id\":\"https:\/\/www.oidossucios.com\/site\/#website\",\"url\":\"https:\/\/www.oidossucios.com\/site\/\",\"name\":\"OidosSucios.Com\",\"description\":\"M\\u00fasica, conciertos, discos\",\"potentialAction\":[{\"@type\":\"SearchAction\",\"target\":\"https:\/\/www.oidossucios.com\/site\/?s={search_term_string}\",\"query-input\":\"required name=search_term_string\"}],\"inLanguage\":\"es\"},{\"@type\":\"ImageObject\",\"@id\":\"https:\/\/www.oidossucios.com\/site\/haran-pelicula-sobre-bon-scott-primer-vocalista-de-ac-dc\/#primaryimage\",\"inLanguage\":\"es\",\"url\":\"https:\/\/www.oidossucios.com\/site\/wp-content\/uploads\/2011\/07\/3869.jpg\",\"width\":350,\"height\":300},{\"@type\":\"WebPage\",\"@id\":\"https:\/\/www.oidossucios.com\/site\/haran-pelicula-sobre-bon-scott-primer-vocalista-de-ac-dc\/#webpage\",\"url\":\"https:\/\/www.oidossucios.com\/site\/haran-pelicula-sobre-bon-scott-primer-vocalista-de-ac-dc\/\",\"name\":\"Har\\u00e1n pel\\u00edcula sobre Bon Scott, primer vocalista de AC\/DC - OidosSucios.Com\",\"isPartOf\":{\"@id\":\"https:\/\/www.oidossucios.com\/site\/#website\"},\"primaryImageOfPage\":{\"@id\":\"https:\/\/www.oidossucios.com\/site\/haran-pelicula-sobre-bon-scott-primer-vocalista-de-ac-dc\/#primaryimage\"},\"datePublished\":\"2011-07-28T09:19:00+00:00\",\"dateModified\":\"2011-07-28T09:19:00+00:00\",\"author\":{\"@id\":\"https:\/\/www.oidossucios.com\/site\/#\/schema\/person\/24559eeb76bf83a63296fb072393a688\"},\"inLanguage\":\"es\",\"potentialAction\":[{\"@type\":\"ReadAction\",\"target\":[\"https:\/\/www.oidossucios.com\/site\/haran-pelicula-sobre-bon-scott-primer-vocalista-de-ac-dc\/\"]}]},{\"@type\":[\"Person\"],\"@id\":\"https:\/\/www.oidossucios.com\/site\/#\/schema\/person\/24559eeb76bf83a63296fb072393a688\",\"name\":\"Oidossucios\",\"image\":{\"@type\":\"ImageObject\",\"@id\":\"https:\/\/www.oidossucios.com\/site\/#personlogo\",\"inLanguage\":\"es\",\"url\":\"https:\/\/secure.gravatar.com\/avatar\/74fcb480f42f1a33e50a0b6e6369a3f907be2e43dc84fa5f76c66e9c22b4a5ab?s=96&d=mm&r=g\",\"caption\":\"Oidossucios\"},\"sameAs\":[\"https:\/\/twitter.com\/oidossucios\"]}]}<\/script>\n<!-- \/ Yoast SEO plugin. -->","jetpack_sharing_enabled":true,"_links":{"self":[{"href":"https:\/\/www.oidossucios.com\/site\/wp-json\/wp\/v2\/posts\/3869","targetHints":{"allow":["GET"]}}],"collection":[{"href":"https:\/\/www.oidossucios.com\/site\/wp-json\/wp\/v2\/posts"}],"about":[{"href":"https:\/\/www.oidossucios.com\/site\/wp-json\/wp\/v2\/types\/post"}],"author":[{"embeddable":true,"href":"https:\/\/www.oidossucios.com\/site\/wp-json\/wp\/v2\/users\/4"}],"replies":[{"embeddable":true,"href":"https:\/\/www.oidossucios.com\/site\/wp-json\/wp\/v2\/comments?post=3869"}],"version-history":[{"count":0,"href":"https:\/\/www.oidossucios.com\/site\/wp-json\/wp\/v2\/posts\/3869\/revisions"}],"wp:featuredmedia":[{"embeddable":true,"href":"https:\/\/www.oidossucios.com\/site\/wp-json\/wp\/v2\/media\/100003869"}],"wp:attachment":[{"href":"https:\/\/www.oidossucios.com\/site\/wp-json\/wp\/v2\/media?parent=3869"}],"wp:term":[{"taxonomy":"category","embeddable":true,"href":"https:\/\/www.oidossucios.com\/site\/wp-json\/wp\/v2\/categories?post=3869"},{"taxonomy":"post_tag","embeddable":true,"href":"https:\/\/www.oidossucios.com\/site\/wp-json\/wp\/v2\/tags?post=3869"}],"curies":[{"name":"wp","href":"https:\/\/api.w.org\/{rel}","templated":true}]}}