{"id":3870,"date":"2011-07-28T09:23:00","date_gmt":"2011-07-28T09:23:00","guid":{"rendered":"https:\/\/www.oidossucios.com\/site\/2011\/07\/28\/ximena-sarinana-estrena-el-video-de-different\/"},"modified":"2011-07-28T09:23:00","modified_gmt":"2011-07-28T09:23:00","slug":"ximena-sarinana-estrena-el-video-de-different","status":"publish","type":"post","link":"https:\/\/www.oidossucios.com\/site\/ximena-sarinana-estrena-el-video-de-different\/","title":{"rendered":"Ximena Sari\u00f1ana estrena el video de &quot;Different&quot;"},"content":{"rendered":"\n<p>Tras el enorme \u00e9xito que obtuvo con su \u00e1lbum debut,&nbsp;<b><i>Mediocre<\/i><\/b>,&nbsp;<b>Ximena Sari\u00f1ana <\/b>se mud\u00f3 a Los \u00c1ngeles y se dedic\u00f3 a la preparaci\u00f3n de su segundo disco hom\u00f3nimo, el cual fue producido por&nbsp;<b>Greg Kurstin<\/b>&nbsp;(<b>Lily Allen, Devo<\/b>) y&nbsp;<b>Dave Sitek<\/b>(<b>TV On The Radio<\/b>).&nbsp;<\/p>\n<\/p>\n<p> Anteriormente la cantante estren\u00f3 el video de&nbsp;<b><u>&#8220;Shine Down&#8221;<\/u><\/b>, dirigido por&nbsp;<b>Omar Rodr\u00edguez-L\u00f3pez<\/b>&nbsp;y grabado en la Ciudad de M\u00e9xico.&nbsp;<\/p>\n<p><\/p>\n<p> Sari\u00f1ana presenta ahora el video de&nbsp;<b>&#8220;Different&#8221;<\/b>, su nuevo sencillo, en donde cont\u00f3 con la partici\u00f3n del core\u00f3grafo&nbsp;<b>Michael Rooney<\/b>, quien ha trabajado con <b>Bj\u00f6rk, Michael Jackson, Fatboy Slim<\/b>, entre otros. &#8220;Este video ha sido una de las experiencias m\u00e1s divertidas que he tenido en un set&#8221;, dice. &#8220;Ensayamos por tres d\u00edas para aprendernos bien la coreograf\u00eda. Todos pusimos mucho esfuerzo en el video. \u00a1Espero lo disfruten!&#8221;, finaliz\u00f3.&nbsp;<\/p>\n<p>&nbsp;<\/p>\n<p><iframe loading=\"lazy\" width=\"640\" height=\"390\" frameborder=\"0\" allowfullscreen=\"\" src=\"http:\/\/www.youtube.com\/embed\/YNB2Cw5y66o?rel=0\"><\/iframe><\/p>\n<p>&nbsp;<\/p>\n<p>Fuente: www.rollingstone.com.mx<\/p>\n","protected":false},"excerpt":{"rendered":"<p>Tras el enorme \u00e9xito que obtuvo con su \u00e1lbum debut,&nbsp;Mediocre,&nbsp;Ximena Sari\u00f1ana se mud\u00f3 a Los \u00c1ngeles y se dedic\u00f3 a la preparaci\u00f3n de su segundo disco hom\u00f3nimo, el cual fue producido por&nbsp;Greg Kurstin&nbsp;(Lily Allen, Devo) y&nbsp;Dave Sitek(TV On The Radio).&nbsp; Anteriormente la cantante estren\u00f3 el video de&nbsp;&#8220;Shine Down&#8221;, dirigido por&nbsp;Omar Rodr\u00edguez-L\u00f3pez&nbsp;y grabado en la Ciudad [&hellip;]<\/p>\n","protected":false},"author":4,"featured_media":100003870,"comment_status":"open","ping_status":"open","sticky":false,"template":"","format":"standard","meta":{"_jetpack_memberships_contains_paid_content":false,"footnotes":""},"categories":[142],"tags":[],"class_list":["post-3870","post","type-post","status-publish","format-standard","has-post-thumbnail","hentry","category-buzznews"],"jetpack_featured_media_url":"https:\/\/www.oidossucios.com\/site\/wp-content\/uploads\/2011\/07\/3870.jpg","yoast_head":"<!-- This site is optimized with the Yoast SEO plugin v14.0.4 - https:\/\/yoast.com\/wordpress\/plugins\/seo\/ -->\n<title>Ximena Sari\u00f1ana estrena el video de &quot;Different&quot; - OidosSucios.Com<\/title>\n<meta name=\"robots\" content=\"index, follow\" \/>\n<meta name=\"googlebot\" content=\"index, follow, max-snippet:-1, max-image-preview:large, max-video-preview:-1\" \/>\n<meta name=\"bingbot\" content=\"index, follow, max-snippet:-1, max-image-preview:large, max-video-preview:-1\" \/>\n<link rel=\"canonical\" href=\"https:\/\/www.oidossucios.com\/site\/ximena-sarinana-estrena-el-video-de-different\/\" \/>\n<meta property=\"og:locale\" content=\"es_ES\" \/>\n<meta property=\"og:type\" content=\"article\" \/>\n<meta property=\"og:title\" content=\"Ximena Sari\u00f1ana estrena el video de &quot;Different&quot; - OidosSucios.Com\" \/>\n<meta property=\"og:description\" content=\"Tras el enorme \u00e9xito que obtuvo con su \u00e1lbum debut,&nbsp;Mediocre,&nbsp;Ximena Sari\u00f1ana se mud\u00f3 a Los \u00c1ngeles y se dedic\u00f3 a la preparaci\u00f3n de su segundo disco hom\u00f3nimo, el cual fue producido por&nbsp;Greg Kurstin&nbsp;(Lily Allen, Devo) y&nbsp;Dave Sitek(TV On The Radio).&nbsp; Anteriormente la cantante estren\u00f3 el video de&nbsp;&#8220;Shine Down&#8221;, dirigido por&nbsp;Omar Rodr\u00edguez-L\u00f3pez&nbsp;y grabado en la Ciudad [&hellip;]\" \/>\n<meta property=\"og:url\" content=\"https:\/\/www.oidossucios.com\/site\/ximena-sarinana-estrena-el-video-de-different\/\" \/>\n<meta property=\"og:site_name\" content=\"OidosSucios.Com\" \/>\n<meta property=\"article:published_time\" content=\"2011-07-28T09:23:00+00:00\" \/>\n<meta property=\"og:image\" content=\"https:\/\/www.oidossucios.com\/site\/wp-content\/uploads\/2011\/07\/3870.jpg\" \/>\n\t<meta property=\"og:image:width\" content=\"350\" \/>\n\t<meta property=\"og:image:height\" content=\"300\" \/>\n<meta name=\"twitter:card\" content=\"summary_large_image\" \/>\n<meta name=\"twitter:creator\" content=\"@oidossucios\" \/>\n<script type=\"application\/ld+json\" class=\"yoast-schema-graph\">{\"@context\":\"https:\/\/schema.org\",\"@graph\":[{\"@type\":\"WebSite\",\"@id\":\"https:\/\/www.oidossucios.com\/site\/#website\",\"url\":\"https:\/\/www.oidossucios.com\/site\/\",\"name\":\"OidosSucios.Com\",\"description\":\"M\\u00fasica, conciertos, discos\",\"potentialAction\":[{\"@type\":\"SearchAction\",\"target\":\"https:\/\/www.oidossucios.com\/site\/?s={search_term_string}\",\"query-input\":\"required name=search_term_string\"}],\"inLanguage\":\"es\"},{\"@type\":\"ImageObject\",\"@id\":\"https:\/\/www.oidossucios.com\/site\/ximena-sarinana-estrena-el-video-de-different\/#primaryimage\",\"inLanguage\":\"es\",\"url\":\"https:\/\/www.oidossucios.com\/site\/wp-content\/uploads\/2011\/07\/3870.jpg\",\"width\":350,\"height\":300},{\"@type\":\"WebPage\",\"@id\":\"https:\/\/www.oidossucios.com\/site\/ximena-sarinana-estrena-el-video-de-different\/#webpage\",\"url\":\"https:\/\/www.oidossucios.com\/site\/ximena-sarinana-estrena-el-video-de-different\/\",\"name\":\"Ximena Sari\\u00f1ana estrena el video de &quot;Different&quot; - OidosSucios.Com\",\"isPartOf\":{\"@id\":\"https:\/\/www.oidossucios.com\/site\/#website\"},\"primaryImageOfPage\":{\"@id\":\"https:\/\/www.oidossucios.com\/site\/ximena-sarinana-estrena-el-video-de-different\/#primaryimage\"},\"datePublished\":\"2011-07-28T09:23:00+00:00\",\"dateModified\":\"2011-07-28T09:23:00+00:00\",\"author\":{\"@id\":\"https:\/\/www.oidossucios.com\/site\/#\/schema\/person\/24559eeb76bf83a63296fb072393a688\"},\"inLanguage\":\"es\",\"potentialAction\":[{\"@type\":\"ReadAction\",\"target\":[\"https:\/\/www.oidossucios.com\/site\/ximena-sarinana-estrena-el-video-de-different\/\"]}]},{\"@type\":[\"Person\"],\"@id\":\"https:\/\/www.oidossucios.com\/site\/#\/schema\/person\/24559eeb76bf83a63296fb072393a688\",\"name\":\"Oidossucios\",\"image\":{\"@type\":\"ImageObject\",\"@id\":\"https:\/\/www.oidossucios.com\/site\/#personlogo\",\"inLanguage\":\"es\",\"url\":\"https:\/\/secure.gravatar.com\/avatar\/74fcb480f42f1a33e50a0b6e6369a3f907be2e43dc84fa5f76c66e9c22b4a5ab?s=96&d=mm&r=g\",\"caption\":\"Oidossucios\"},\"sameAs\":[\"https:\/\/twitter.com\/oidossucios\"]}]}<\/script>\n<!-- \/ Yoast SEO plugin. -->","jetpack_sharing_enabled":true,"_links":{"self":[{"href":"https:\/\/www.oidossucios.com\/site\/wp-json\/wp\/v2\/posts\/3870","targetHints":{"allow":["GET"]}}],"collection":[{"href":"https:\/\/www.oidossucios.com\/site\/wp-json\/wp\/v2\/posts"}],"about":[{"href":"https:\/\/www.oidossucios.com\/site\/wp-json\/wp\/v2\/types\/post"}],"author":[{"embeddable":true,"href":"https:\/\/www.oidossucios.com\/site\/wp-json\/wp\/v2\/users\/4"}],"replies":[{"embeddable":true,"href":"https:\/\/www.oidossucios.com\/site\/wp-json\/wp\/v2\/comments?post=3870"}],"version-history":[{"count":0,"href":"https:\/\/www.oidossucios.com\/site\/wp-json\/wp\/v2\/posts\/3870\/revisions"}],"wp:featuredmedia":[{"embeddable":true,"href":"https:\/\/www.oidossucios.com\/site\/wp-json\/wp\/v2\/media\/100003870"}],"wp:attachment":[{"href":"https:\/\/www.oidossucios.com\/site\/wp-json\/wp\/v2\/media?parent=3870"}],"wp:term":[{"taxonomy":"category","embeddable":true,"href":"https:\/\/www.oidossucios.com\/site\/wp-json\/wp\/v2\/categories?post=3870"},{"taxonomy":"post_tag","embeddable":true,"href":"https:\/\/www.oidossucios.com\/site\/wp-json\/wp\/v2\/tags?post=3870"}],"curies":[{"name":"wp","href":"https:\/\/api.w.org\/{rel}","templated":true}]}}