{"id":3872,"date":"2011-07-28T09:30:00","date_gmt":"2011-07-28T09:30:00","guid":{"rendered":"https:\/\/www.oidossucios.com\/site\/2011\/07\/28\/graban-a-dave-grohl-como-un-fan-mas-en-la-olla-viendo-a-soundgarden\/"},"modified":"2011-07-28T09:30:00","modified_gmt":"2011-07-28T09:30:00","slug":"graban-a-dave-grohl-como-un-fan-mas-en-la-olla-viendo-a-soundgarden","status":"publish","type":"post","link":"https:\/\/www.oidossucios.com\/site\/graban-a-dave-grohl-como-un-fan-mas-en-la-olla-viendo-a-soundgarden\/","title":{"rendered":"Graban a Dave Grohl como un fan m\u00e1s en la olla viendo a Soundgarden"},"content":{"rendered":"<p>Por <\/p>\n<p>Fuente: www.rollingstone.es<\/p>\n<p>&nbsp;<\/p>\n<p>Un tipo barbudo se coloca el pelo detr\u00e1s de las orejas, luego mueve la melena y levanta el brazo mostrando un gran tatuaje con forma de pluma. No hay duda.&nbsp;<strong>Es Dave Grohl, el l\u00edder de Foo Fighters y est\u00e1 metido entre el p\u00fablico<\/strong><b>&nbsp;<\/b>de un concierto de sus contempor\u00e1neos del&nbsp;<i>grunge<\/i>,&nbsp;<strong>Soundgarden<\/strong>.<\/p>\n<p><\/p>\n<p>Fue el pasado viernes 22 de julio en una actuaci\u00f3n de Soundgarden en Los \u00c1ngeles. Uno de los seguidores de la banda, que se encontraba en la pista del recinto, vio una cara conocida a pocos metros de distancia, y el objetivo de su c\u00e1mara pas\u00f3 del escenario a la multitud. Ah\u00ed estaba, Dave Grohl (42 a\u00f1os), que aparentemente <strong>pasaba desapercibido entre el p\u00fablico<\/strong>, disfrutando de la m\u00fasica y dej\u00e1ndose llevar al ritmo de&nbsp;<i>Fell on black days<\/i>. Grohl, que recientemente&nbsp;<a href=\"\/buzznews\/3792\/dave-grohl-bota-un-espectador-mitad-de\/\">ech\u00f3 a una persona de un concierto de Foo Fighters por empezar una pelea<\/a>, demuestra que&nbsp;<strong>va totalmente a lo suyo, sin llamar la atenci\u00f3n<\/strong>.&nbsp;Al comienzo de otra canci\u00f3n,&nbsp;<i>The day I tried to live<\/i>,&nbsp;Grohl avanz\u00f3 hasta las primeras filas,&nbsp;<strong>como un fan m\u00e1s<\/strong>, para saltar y cantar al igual que el resto.<\/p>\n<p>&nbsp;<\/p>\n<p>Puedes verlo en el video que te dejamos a continuaci\u00f3n:<\/p>\n<p>&nbsp;<\/p>\n<p><object width=\"640\" height=\"390\"><param name=\"movie\" value=\"http:\/\/www.youtube.com\/v\/qF1ViOpUmBI&#038;hl=en_US&#038;feature=player_embedded&#038;version=3\"><\/param><param name=\"allowFullScreen\" value=\"true\"><\/param><param name=\"allowScriptAccess\" value=\"always\"><\/param><\/object><\/p>\n","protected":false},"excerpt":{"rendered":"<p>Un nuevo ejemplo de la naturalidad del l\u00edder de Foo Fighters, que vio un directo del grupo de Seattle desde la olla, como un seguidor m\u00e1s.<\/p>\n","protected":false},"author":4,"featured_media":100003872,"comment_status":"open","ping_status":"open","sticky":false,"template":"","format":"standard","meta":{"_jetpack_memberships_contains_paid_content":false,"footnotes":""},"categories":[685],"tags":[],"class_list":["post-3872","post","type-post","status-publish","format-standard","has-post-thumbnail","hentry","category-ultima"],"jetpack_featured_media_url":"https:\/\/www.oidossucios.com\/site\/wp-content\/uploads\/2011\/07\/3872.jpg","yoast_head":"<!-- This site is optimized with the Yoast SEO plugin v14.0.4 - https:\/\/yoast.com\/wordpress\/plugins\/seo\/ -->\n<title>Graban a Dave Grohl como un fan m\u00e1s en la olla viendo a Soundgarden - OidosSucios.Com<\/title>\n<meta name=\"description\" content=\"Un nuevo ejemplo de la naturalidad del l\u00edder de Foo Fighters, que vio un directo del grupo de Seattle desde la olla, como un seguidor m\u00e1s.\" \/>\n<meta name=\"robots\" content=\"index, follow\" \/>\n<meta name=\"googlebot\" content=\"index, follow, max-snippet:-1, max-image-preview:large, max-video-preview:-1\" \/>\n<meta name=\"bingbot\" content=\"index, follow, max-snippet:-1, max-image-preview:large, max-video-preview:-1\" \/>\n<link rel=\"canonical\" href=\"https:\/\/www.oidossucios.com\/site\/graban-a-dave-grohl-como-un-fan-mas-en-la-olla-viendo-a-soundgarden\/\" \/>\n<meta property=\"og:locale\" content=\"es_ES\" \/>\n<meta property=\"og:type\" content=\"article\" \/>\n<meta property=\"og:title\" content=\"Graban a Dave Grohl como un fan m\u00e1s en la olla viendo a Soundgarden - OidosSucios.Com\" \/>\n<meta property=\"og:description\" content=\"Un nuevo ejemplo de la naturalidad del l\u00edder de Foo Fighters, que vio un directo del grupo de Seattle desde la olla, como un seguidor m\u00e1s.\" \/>\n<meta property=\"og:url\" content=\"https:\/\/www.oidossucios.com\/site\/graban-a-dave-grohl-como-un-fan-mas-en-la-olla-viendo-a-soundgarden\/\" \/>\n<meta property=\"og:site_name\" content=\"OidosSucios.Com\" \/>\n<meta property=\"article:published_time\" content=\"2011-07-28T09:30:00+00:00\" \/>\n<meta property=\"og:image\" content=\"https:\/\/www.oidossucios.com\/site\/wp-content\/uploads\/2011\/07\/3872.jpg\" \/>\n\t<meta property=\"og:image:width\" content=\"350\" \/>\n\t<meta property=\"og:image:height\" content=\"300\" \/>\n<meta name=\"twitter:card\" content=\"summary_large_image\" \/>\n<meta name=\"twitter:creator\" content=\"@oidossucios\" \/>\n<script type=\"application\/ld+json\" class=\"yoast-schema-graph\">{\"@context\":\"https:\/\/schema.org\",\"@graph\":[{\"@type\":\"WebSite\",\"@id\":\"https:\/\/www.oidossucios.com\/site\/#website\",\"url\":\"https:\/\/www.oidossucios.com\/site\/\",\"name\":\"OidosSucios.Com\",\"description\":\"M\\u00fasica, conciertos, discos\",\"potentialAction\":[{\"@type\":\"SearchAction\",\"target\":\"https:\/\/www.oidossucios.com\/site\/?s={search_term_string}\",\"query-input\":\"required name=search_term_string\"}],\"inLanguage\":\"es\"},{\"@type\":\"ImageObject\",\"@id\":\"https:\/\/www.oidossucios.com\/site\/graban-a-dave-grohl-como-un-fan-mas-en-la-olla-viendo-a-soundgarden\/#primaryimage\",\"inLanguage\":\"es\",\"url\":\"https:\/\/www.oidossucios.com\/site\/wp-content\/uploads\/2011\/07\/3872.jpg\",\"width\":350,\"height\":300},{\"@type\":\"WebPage\",\"@id\":\"https:\/\/www.oidossucios.com\/site\/graban-a-dave-grohl-como-un-fan-mas-en-la-olla-viendo-a-soundgarden\/#webpage\",\"url\":\"https:\/\/www.oidossucios.com\/site\/graban-a-dave-grohl-como-un-fan-mas-en-la-olla-viendo-a-soundgarden\/\",\"name\":\"Graban a Dave Grohl como un fan m\\u00e1s en la olla viendo a Soundgarden - OidosSucios.Com\",\"isPartOf\":{\"@id\":\"https:\/\/www.oidossucios.com\/site\/#website\"},\"primaryImageOfPage\":{\"@id\":\"https:\/\/www.oidossucios.com\/site\/graban-a-dave-grohl-como-un-fan-mas-en-la-olla-viendo-a-soundgarden\/#primaryimage\"},\"datePublished\":\"2011-07-28T09:30:00+00:00\",\"dateModified\":\"2011-07-28T09:30:00+00:00\",\"author\":{\"@id\":\"https:\/\/www.oidossucios.com\/site\/#\/schema\/person\/24559eeb76bf83a63296fb072393a688\"},\"description\":\"Un nuevo ejemplo de la naturalidad del l\\u00edder de Foo Fighters, que vio un directo del grupo de Seattle desde la olla, como un seguidor m\\u00e1s.\",\"inLanguage\":\"es\",\"potentialAction\":[{\"@type\":\"ReadAction\",\"target\":[\"https:\/\/www.oidossucios.com\/site\/graban-a-dave-grohl-como-un-fan-mas-en-la-olla-viendo-a-soundgarden\/\"]}]},{\"@type\":[\"Person\"],\"@id\":\"https:\/\/www.oidossucios.com\/site\/#\/schema\/person\/24559eeb76bf83a63296fb072393a688\",\"name\":\"Oidossucios\",\"image\":{\"@type\":\"ImageObject\",\"@id\":\"https:\/\/www.oidossucios.com\/site\/#personlogo\",\"inLanguage\":\"es\",\"url\":\"https:\/\/secure.gravatar.com\/avatar\/74fcb480f42f1a33e50a0b6e6369a3f907be2e43dc84fa5f76c66e9c22b4a5ab?s=96&d=mm&r=g\",\"caption\":\"Oidossucios\"},\"sameAs\":[\"https:\/\/twitter.com\/oidossucios\"]}]}<\/script>\n<!-- \/ Yoast SEO plugin. -->","jetpack_sharing_enabled":true,"_links":{"self":[{"href":"https:\/\/www.oidossucios.com\/site\/wp-json\/wp\/v2\/posts\/3872","targetHints":{"allow":["GET"]}}],"collection":[{"href":"https:\/\/www.oidossucios.com\/site\/wp-json\/wp\/v2\/posts"}],"about":[{"href":"https:\/\/www.oidossucios.com\/site\/wp-json\/wp\/v2\/types\/post"}],"author":[{"embeddable":true,"href":"https:\/\/www.oidossucios.com\/site\/wp-json\/wp\/v2\/users\/4"}],"replies":[{"embeddable":true,"href":"https:\/\/www.oidossucios.com\/site\/wp-json\/wp\/v2\/comments?post=3872"}],"version-history":[{"count":0,"href":"https:\/\/www.oidossucios.com\/site\/wp-json\/wp\/v2\/posts\/3872\/revisions"}],"wp:featuredmedia":[{"embeddable":true,"href":"https:\/\/www.oidossucios.com\/site\/wp-json\/wp\/v2\/media\/100003872"}],"wp:attachment":[{"href":"https:\/\/www.oidossucios.com\/site\/wp-json\/wp\/v2\/media?parent=3872"}],"wp:term":[{"taxonomy":"category","embeddable":true,"href":"https:\/\/www.oidossucios.com\/site\/wp-json\/wp\/v2\/categories?post=3872"},{"taxonomy":"post_tag","embeddable":true,"href":"https:\/\/www.oidossucios.com\/site\/wp-json\/wp\/v2\/tags?post=3872"}],"curies":[{"name":"wp","href":"https:\/\/api.w.org\/{rel}","templated":true}]}}