{"id":3873,"date":"2011-07-28T09:38:00","date_gmt":"2011-07-28T09:38:00","guid":{"rendered":"https:\/\/www.oidossucios.com\/site\/2011\/07\/28\/u2-estrenara-su-documental-en-el-festival-internacional-de-cine-de-toronto\/"},"modified":"2011-07-28T09:38:00","modified_gmt":"2011-07-28T09:38:00","slug":"u2-estrenara-su-documental-en-el-festival-internacional-de-cine-de-toronto","status":"publish","type":"post","link":"https:\/\/www.oidossucios.com\/site\/u2-estrenara-su-documental-en-el-festival-internacional-de-cine-de-toronto\/","title":{"rendered":"U2 estrenar\u00e1 su documental en el Festival Internacional de Cine de Toronto"},"content":{"rendered":"\n<div>Al igual que el documental de Pearl Jam, Pearl Jam Twenty, del director Cameron Crowe, U2 tambi\u00e9n estrenar\u00e1 su documental en el Festival Internacional de Cine de Toronto, el cual se llevar\u00e1 a cabo el pr\u00f3ximo mes de septiembre.&nbsp; <\/div>\n<div> <\/div>\n<div> <\/div>\n<div>From the Sky Down es una cinta sobre c\u00f3mo los integrantes de U2 grabaron su disco Achtung Baby, de 1991. Este documental fue dirigido por Davis Guggenheim (Waiting for Superman, entre otras) y en \u00e9l incluye im\u00e1genes in\u00e9ditas de la banda en el estudio de grabaci\u00f3n, as\u00ed como entrevistas con Bono,The Edge, Adam Clayton y Larry Mullen.&nbsp; <\/div>\n<div> <\/div>\n<div> <\/div>\n<div>&#8220;En el terreno de las bandas de rock, la implosi\u00f3n o explosi\u00f3n es aparentemente inevitable,&#8221; dijo Guggenheim. &#8220;U2 ha desafiado a la fuerza de gravedad de la destrucci\u00f3n, esta banda ha perdurado y prosperado. La pel\u00edcula From the Sky Down pregunta por qu\u00e9.&#8221;&nbsp; <\/div>\n<div> <\/div>\n<div> <\/div>\n<div>El Festival Internacional de Cine de Toronto se llevar\u00e1 a cabo del 8 al 18 de septiembre, &nbsp;y arrancar\u00e1 con el estreno de From the Sky Down. Adem\u00e1s se planean los estrenos de cintas de Petro Almod\u00f3var, David Cronenberg, Steve McQueen, Lars von Trier, Madonna y George Clooney, por s\u00f3lo nombrar algunos. <\/div>\n<div> <\/div>\n<div> <\/div>\n<div> <\/div>\n<div>Fuente: www.rollingstone.com.mx <\/div>\n","protected":false},"excerpt":{"rendered":"<p>Al igual que el documental de Pearl Jam, Pearl Jam Twenty, del director Cameron Crowe, U2 tambi\u00e9n estrenar\u00e1 su documental en el Festival Internacional de Cine de Toronto, el cual se llevar\u00e1 a cabo el pr\u00f3ximo mes de septiembre.&nbsp; From the Sky Down es una cinta sobre c\u00f3mo los integrantes de U2 grabaron su disco [&hellip;]<\/p>\n","protected":false},"author":4,"featured_media":100003873,"comment_status":"open","ping_status":"open","sticky":false,"template":"","format":"standard","meta":{"_jetpack_memberships_contains_paid_content":false,"footnotes":""},"categories":[142],"tags":[],"class_list":["post-3873","post","type-post","status-publish","format-standard","has-post-thumbnail","hentry","category-buzznews"],"jetpack_featured_media_url":"https:\/\/www.oidossucios.com\/site\/wp-content\/uploads\/2011\/07\/3873.jpg","yoast_head":"<!-- This site is optimized with the Yoast SEO plugin v14.0.4 - https:\/\/yoast.com\/wordpress\/plugins\/seo\/ -->\n<title>U2 estrenar\u00e1 su documental en el Festival Internacional de Cine de Toronto - OidosSucios.Com<\/title>\n<meta name=\"robots\" content=\"index, follow\" \/>\n<meta name=\"googlebot\" content=\"index, follow, max-snippet:-1, max-image-preview:large, max-video-preview:-1\" \/>\n<meta name=\"bingbot\" content=\"index, follow, max-snippet:-1, max-image-preview:large, max-video-preview:-1\" \/>\n<link rel=\"canonical\" href=\"https:\/\/www.oidossucios.com\/site\/u2-estrenara-su-documental-en-el-festival-internacional-de-cine-de-toronto\/\" \/>\n<meta property=\"og:locale\" content=\"es_ES\" \/>\n<meta property=\"og:type\" content=\"article\" \/>\n<meta property=\"og:title\" content=\"U2 estrenar\u00e1 su documental en el Festival Internacional de Cine de Toronto - OidosSucios.Com\" \/>\n<meta property=\"og:description\" content=\"Al igual que el documental de Pearl Jam, Pearl Jam Twenty, del director Cameron Crowe, U2 tambi\u00e9n estrenar\u00e1 su documental en el Festival Internacional de Cine de Toronto, el cual se llevar\u00e1 a cabo el pr\u00f3ximo mes de septiembre.&nbsp; From the Sky Down es una cinta sobre c\u00f3mo los integrantes de U2 grabaron su disco [&hellip;]\" \/>\n<meta property=\"og:url\" content=\"https:\/\/www.oidossucios.com\/site\/u2-estrenara-su-documental-en-el-festival-internacional-de-cine-de-toronto\/\" \/>\n<meta property=\"og:site_name\" content=\"OidosSucios.Com\" \/>\n<meta property=\"article:published_time\" content=\"2011-07-28T09:38:00+00:00\" \/>\n<meta property=\"og:image\" content=\"https:\/\/www.oidossucios.com\/site\/wp-content\/uploads\/2011\/07\/3873.jpg\" \/>\n\t<meta property=\"og:image:width\" content=\"350\" \/>\n\t<meta property=\"og:image:height\" content=\"300\" \/>\n<meta name=\"twitter:card\" content=\"summary_large_image\" \/>\n<meta name=\"twitter:creator\" content=\"@oidossucios\" \/>\n<script type=\"application\/ld+json\" class=\"yoast-schema-graph\">{\"@context\":\"https:\/\/schema.org\",\"@graph\":[{\"@type\":\"WebSite\",\"@id\":\"https:\/\/www.oidossucios.com\/site\/#website\",\"url\":\"https:\/\/www.oidossucios.com\/site\/\",\"name\":\"OidosSucios.Com\",\"description\":\"M\\u00fasica, conciertos, discos\",\"potentialAction\":[{\"@type\":\"SearchAction\",\"target\":\"https:\/\/www.oidossucios.com\/site\/?s={search_term_string}\",\"query-input\":\"required name=search_term_string\"}],\"inLanguage\":\"es\"},{\"@type\":\"ImageObject\",\"@id\":\"https:\/\/www.oidossucios.com\/site\/u2-estrenara-su-documental-en-el-festival-internacional-de-cine-de-toronto\/#primaryimage\",\"inLanguage\":\"es\",\"url\":\"https:\/\/www.oidossucios.com\/site\/wp-content\/uploads\/2011\/07\/3873.jpg\",\"width\":350,\"height\":300},{\"@type\":\"WebPage\",\"@id\":\"https:\/\/www.oidossucios.com\/site\/u2-estrenara-su-documental-en-el-festival-internacional-de-cine-de-toronto\/#webpage\",\"url\":\"https:\/\/www.oidossucios.com\/site\/u2-estrenara-su-documental-en-el-festival-internacional-de-cine-de-toronto\/\",\"name\":\"U2 estrenar\\u00e1 su documental en el Festival Internacional de Cine de Toronto - OidosSucios.Com\",\"isPartOf\":{\"@id\":\"https:\/\/www.oidossucios.com\/site\/#website\"},\"primaryImageOfPage\":{\"@id\":\"https:\/\/www.oidossucios.com\/site\/u2-estrenara-su-documental-en-el-festival-internacional-de-cine-de-toronto\/#primaryimage\"},\"datePublished\":\"2011-07-28T09:38:00+00:00\",\"dateModified\":\"2011-07-28T09:38:00+00:00\",\"author\":{\"@id\":\"https:\/\/www.oidossucios.com\/site\/#\/schema\/person\/24559eeb76bf83a63296fb072393a688\"},\"inLanguage\":\"es\",\"potentialAction\":[{\"@type\":\"ReadAction\",\"target\":[\"https:\/\/www.oidossucios.com\/site\/u2-estrenara-su-documental-en-el-festival-internacional-de-cine-de-toronto\/\"]}]},{\"@type\":[\"Person\"],\"@id\":\"https:\/\/www.oidossucios.com\/site\/#\/schema\/person\/24559eeb76bf83a63296fb072393a688\",\"name\":\"Oidossucios\",\"image\":{\"@type\":\"ImageObject\",\"@id\":\"https:\/\/www.oidossucios.com\/site\/#personlogo\",\"inLanguage\":\"es\",\"url\":\"https:\/\/secure.gravatar.com\/avatar\/74fcb480f42f1a33e50a0b6e6369a3f907be2e43dc84fa5f76c66e9c22b4a5ab?s=96&d=mm&r=g\",\"caption\":\"Oidossucios\"},\"sameAs\":[\"https:\/\/twitter.com\/oidossucios\"]}]}<\/script>\n<!-- \/ Yoast SEO plugin. -->","jetpack_sharing_enabled":true,"_links":{"self":[{"href":"https:\/\/www.oidossucios.com\/site\/wp-json\/wp\/v2\/posts\/3873","targetHints":{"allow":["GET"]}}],"collection":[{"href":"https:\/\/www.oidossucios.com\/site\/wp-json\/wp\/v2\/posts"}],"about":[{"href":"https:\/\/www.oidossucios.com\/site\/wp-json\/wp\/v2\/types\/post"}],"author":[{"embeddable":true,"href":"https:\/\/www.oidossucios.com\/site\/wp-json\/wp\/v2\/users\/4"}],"replies":[{"embeddable":true,"href":"https:\/\/www.oidossucios.com\/site\/wp-json\/wp\/v2\/comments?post=3873"}],"version-history":[{"count":0,"href":"https:\/\/www.oidossucios.com\/site\/wp-json\/wp\/v2\/posts\/3873\/revisions"}],"wp:featuredmedia":[{"embeddable":true,"href":"https:\/\/www.oidossucios.com\/site\/wp-json\/wp\/v2\/media\/100003873"}],"wp:attachment":[{"href":"https:\/\/www.oidossucios.com\/site\/wp-json\/wp\/v2\/media?parent=3873"}],"wp:term":[{"taxonomy":"category","embeddable":true,"href":"https:\/\/www.oidossucios.com\/site\/wp-json\/wp\/v2\/categories?post=3873"},{"taxonomy":"post_tag","embeddable":true,"href":"https:\/\/www.oidossucios.com\/site\/wp-json\/wp\/v2\/tags?post=3873"}],"curies":[{"name":"wp","href":"https:\/\/api.w.org\/{rel}","templated":true}]}}