{"id":3887,"date":"2011-08-01T15:09:00","date_gmt":"2011-08-01T15:09:00","guid":{"rendered":"https:\/\/www.oidossucios.com\/site\/2011\/08\/01\/bjork-estreno-el-video-de-crystalline\/"},"modified":"2011-08-01T15:09:00","modified_gmt":"2011-08-01T15:09:00","slug":"bjork-estreno-el-video-de-crystalline","status":"publish","type":"post","link":"https:\/\/www.oidossucios.com\/site\/bjork-estreno-el-video-de-crystalline\/","title":{"rendered":"Bj\u00f6rk estren\u00f3 el video de &#8220;Crystalline&quot;"},"content":{"rendered":"\n<p><b>Bj\u00f6rk&nbsp;<\/b>dio a conocer el video de &#8220;<b>Crystalline<\/b>&#8220;, primer sencillo de su nuevo proyecto y material discogr\u00e1fico,&nbsp;<b><i><u>Biophillia<\/u><\/i><\/b><u>.<\/u>&nbsp;<\/p>\n<p>El video corri\u00f3 a cargo del director&nbsp;<b>Michel Gondry<\/b>, y fue grabado cuadro por cuadro.&nbsp;<\/p>\n<p>&#8220;Crystalline&#8221;. Explora el cristal y la estructura musical, y tambi\u00e9n cuenta con un celeste controlado por computadora que hab\u00eda rehecho con barras de bronce,&#8221; coment\u00f3 en&nbsp;<a href=\"http:\/\/www.rollingstone.com.mx\/noticias\/bjork-explica-a-rolling-stone-que-hay-detras-de-%E2%80%98biophilia%E2%80%99\/\">entrevista para&nbsp;<b>Rolling Stone<\/b>&nbsp;<\/a>la cantante islandesa sobre este sencillo, el cual forma parte del ambicioso proyecto que saldr\u00e1 a la venta el 27 de septiembre, aunque ya se encuentra parte de \u00e9ste disponible en aplicaciones.&nbsp;<\/p>\n<p>&nbsp;<\/p>\n<p><iframe loading=\"lazy\" width=\"480\" height=\"390\" frameborder=\"0\" allowfullscreen=\"\" src=\"http:\/\/www.youtube.com\/embed\/wZhkfwrxNOc?rel=0\"><\/iframe><\/p>\n<p>&nbsp;<\/p>\n<p>Fuente: www.rollingstone.com.mx<\/p>\n","protected":false},"excerpt":{"rendered":"<p>Bj\u00f6rk&nbsp;dio a conocer el video de &#8220;Crystalline&#8220;, primer sencillo de su nuevo proyecto y material discogr\u00e1fico,&nbsp;Biophillia.&nbsp; El video corri\u00f3 a cargo del director&nbsp;Michel Gondry, y fue grabado cuadro por cuadro.&nbsp; &#8220;Crystalline&#8221;. Explora el cristal y la estructura musical, y tambi\u00e9n cuenta con un celeste controlado por computadora que hab\u00eda rehecho con barras de bronce,&#8221; coment\u00f3 [&hellip;]<\/p>\n","protected":false},"author":4,"featured_media":100003887,"comment_status":"open","ping_status":"open","sticky":false,"template":"","format":"standard","meta":{"_jetpack_memberships_contains_paid_content":false,"footnotes":""},"categories":[142],"tags":[],"class_list":["post-3887","post","type-post","status-publish","format-standard","has-post-thumbnail","hentry","category-buzznews"],"jetpack_featured_media_url":"https:\/\/www.oidossucios.com\/site\/wp-content\/uploads\/2011\/08\/3887.jpg","yoast_head":"<!-- This site is optimized with the Yoast SEO plugin v14.0.4 - https:\/\/yoast.com\/wordpress\/plugins\/seo\/ -->\n<title>Bj\u00f6rk estren\u00f3 el video de &quot;Crystalline&quot; - OidosSucios.Com<\/title>\n<meta name=\"robots\" content=\"index, follow\" \/>\n<meta name=\"googlebot\" content=\"index, follow, max-snippet:-1, max-image-preview:large, max-video-preview:-1\" \/>\n<meta name=\"bingbot\" content=\"index, follow, max-snippet:-1, max-image-preview:large, max-video-preview:-1\" \/>\n<link rel=\"canonical\" href=\"https:\/\/www.oidossucios.com\/site\/bjork-estreno-el-video-de-crystalline\/\" \/>\n<meta property=\"og:locale\" content=\"es_ES\" \/>\n<meta property=\"og:type\" content=\"article\" \/>\n<meta property=\"og:title\" content=\"Bj\u00f6rk estren\u00f3 el video de &quot;Crystalline&quot; - OidosSucios.Com\" \/>\n<meta property=\"og:description\" content=\"Bj\u00f6rk&nbsp;dio a conocer el video de &#8220;Crystalline&#8220;, primer sencillo de su nuevo proyecto y material discogr\u00e1fico,&nbsp;Biophillia.&nbsp; El video corri\u00f3 a cargo del director&nbsp;Michel Gondry, y fue grabado cuadro por cuadro.&nbsp; &#8220;Crystalline&#8221;. Explora el cristal y la estructura musical, y tambi\u00e9n cuenta con un celeste controlado por computadora que hab\u00eda rehecho con barras de bronce,&#8221; coment\u00f3 [&hellip;]\" \/>\n<meta property=\"og:url\" content=\"https:\/\/www.oidossucios.com\/site\/bjork-estreno-el-video-de-crystalline\/\" \/>\n<meta property=\"og:site_name\" content=\"OidosSucios.Com\" \/>\n<meta property=\"article:published_time\" content=\"2011-08-01T15:09:00+00:00\" \/>\n<meta property=\"og:image\" content=\"https:\/\/www.oidossucios.com\/site\/wp-content\/uploads\/2011\/08\/3887.jpg\" \/>\n\t<meta property=\"og:image:width\" content=\"350\" \/>\n\t<meta property=\"og:image:height\" content=\"300\" \/>\n<meta name=\"twitter:card\" content=\"summary_large_image\" \/>\n<meta name=\"twitter:creator\" content=\"@oidossucios\" \/>\n<script type=\"application\/ld+json\" class=\"yoast-schema-graph\">{\"@context\":\"https:\/\/schema.org\",\"@graph\":[{\"@type\":\"WebSite\",\"@id\":\"https:\/\/www.oidossucios.com\/site\/#website\",\"url\":\"https:\/\/www.oidossucios.com\/site\/\",\"name\":\"OidosSucios.Com\",\"description\":\"M\\u00fasica, conciertos, discos\",\"potentialAction\":[{\"@type\":\"SearchAction\",\"target\":\"https:\/\/www.oidossucios.com\/site\/?s={search_term_string}\",\"query-input\":\"required name=search_term_string\"}],\"inLanguage\":\"es\"},{\"@type\":\"ImageObject\",\"@id\":\"https:\/\/www.oidossucios.com\/site\/bjork-estreno-el-video-de-crystalline\/#primaryimage\",\"inLanguage\":\"es\",\"url\":\"https:\/\/www.oidossucios.com\/site\/wp-content\/uploads\/2011\/08\/3887.jpg\",\"width\":350,\"height\":300},{\"@type\":\"WebPage\",\"@id\":\"https:\/\/www.oidossucios.com\/site\/bjork-estreno-el-video-de-crystalline\/#webpage\",\"url\":\"https:\/\/www.oidossucios.com\/site\/bjork-estreno-el-video-de-crystalline\/\",\"name\":\"Bj\\u00f6rk estren\\u00f3 el video de \\\"Crystalline&quot; - OidosSucios.Com\",\"isPartOf\":{\"@id\":\"https:\/\/www.oidossucios.com\/site\/#website\"},\"primaryImageOfPage\":{\"@id\":\"https:\/\/www.oidossucios.com\/site\/bjork-estreno-el-video-de-crystalline\/#primaryimage\"},\"datePublished\":\"2011-08-01T15:09:00+00:00\",\"dateModified\":\"2011-08-01T15:09:00+00:00\",\"author\":{\"@id\":\"https:\/\/www.oidossucios.com\/site\/#\/schema\/person\/24559eeb76bf83a63296fb072393a688\"},\"inLanguage\":\"es\",\"potentialAction\":[{\"@type\":\"ReadAction\",\"target\":[\"https:\/\/www.oidossucios.com\/site\/bjork-estreno-el-video-de-crystalline\/\"]}]},{\"@type\":[\"Person\"],\"@id\":\"https:\/\/www.oidossucios.com\/site\/#\/schema\/person\/24559eeb76bf83a63296fb072393a688\",\"name\":\"Oidossucios\",\"image\":{\"@type\":\"ImageObject\",\"@id\":\"https:\/\/www.oidossucios.com\/site\/#personlogo\",\"inLanguage\":\"es\",\"url\":\"https:\/\/secure.gravatar.com\/avatar\/74fcb480f42f1a33e50a0b6e6369a3f907be2e43dc84fa5f76c66e9c22b4a5ab?s=96&d=mm&r=g\",\"caption\":\"Oidossucios\"},\"sameAs\":[\"https:\/\/twitter.com\/oidossucios\"]}]}<\/script>\n<!-- \/ Yoast SEO plugin. -->","jetpack_sharing_enabled":true,"_links":{"self":[{"href":"https:\/\/www.oidossucios.com\/site\/wp-json\/wp\/v2\/posts\/3887","targetHints":{"allow":["GET"]}}],"collection":[{"href":"https:\/\/www.oidossucios.com\/site\/wp-json\/wp\/v2\/posts"}],"about":[{"href":"https:\/\/www.oidossucios.com\/site\/wp-json\/wp\/v2\/types\/post"}],"author":[{"embeddable":true,"href":"https:\/\/www.oidossucios.com\/site\/wp-json\/wp\/v2\/users\/4"}],"replies":[{"embeddable":true,"href":"https:\/\/www.oidossucios.com\/site\/wp-json\/wp\/v2\/comments?post=3887"}],"version-history":[{"count":0,"href":"https:\/\/www.oidossucios.com\/site\/wp-json\/wp\/v2\/posts\/3887\/revisions"}],"wp:featuredmedia":[{"embeddable":true,"href":"https:\/\/www.oidossucios.com\/site\/wp-json\/wp\/v2\/media\/100003887"}],"wp:attachment":[{"href":"https:\/\/www.oidossucios.com\/site\/wp-json\/wp\/v2\/media?parent=3887"}],"wp:term":[{"taxonomy":"category","embeddable":true,"href":"https:\/\/www.oidossucios.com\/site\/wp-json\/wp\/v2\/categories?post=3887"},{"taxonomy":"post_tag","embeddable":true,"href":"https:\/\/www.oidossucios.com\/site\/wp-json\/wp\/v2\/tags?post=3887"}],"curies":[{"name":"wp","href":"https:\/\/api.w.org\/{rel}","templated":true}]}}