{"id":3890,"date":"2011-08-01T15:22:00","date_gmt":"2011-08-01T15:22:00","guid":{"rendered":"https:\/\/www.oidossucios.com\/site\/2011\/08\/01\/ronnie-wood-de-the-rolling-stones-tendra-su-propio-programa-de-television\/"},"modified":"2011-08-01T15:22:00","modified_gmt":"2011-08-01T15:22:00","slug":"ronnie-wood-de-the-rolling-stones-tendra-su-propio-programa-de-television","status":"publish","type":"post","link":"https:\/\/www.oidossucios.com\/site\/ronnie-wood-de-the-rolling-stones-tendra-su-propio-programa-de-television\/","title":{"rendered":"Ronnie Wood de The Rolling Stones, tendr\u00e1 su propio programa de televisi\u00f3n"},"content":{"rendered":"\n<p><b>Ronnie Wood<\/b>, integrante de&nbsp;<b>The Rolling Stones<\/b>, tendr\u00e1 su propio programa de televisi\u00f3n, tras el \u00e9xito que ha tenido su show en radiof\u00f3nico.&nbsp;<\/p>\n<p><\/p>\n<p><b>&#8220;The Ronnie Wood Show&#8221;<\/b>&nbsp;se transmitir\u00e1 a trav\u00e9s del canal&nbsp;<b>Sky Arts<\/b>&nbsp;el pr\u00f3ximo mes de febrero y se dice que es la continuaci\u00f3n de su anterior programa, <b><i>Absolute Radio<\/i><\/b>, por el cual recibi\u00f3 el premio de&nbsp;<b>Music Personality Of The Year<\/b>en la ceremonia de los&nbsp;<b>Sony Radio Academy Awards<\/b>; as\u00ed como el premio de <b>Specialist Programme Of The Year<\/b>&nbsp;y&nbsp;<b>Newcomer Of The Year<\/b>&nbsp;en&nbsp;<b>Arqiva Commercial Radio<\/b>.&nbsp;<\/p>\n<p>Al respecto Wood dijo: &#8220;Me he divertido mucho haciendo mi programa de radio y he tenido mucho \u00e9xito en las recientes premiaciones. Es ahora el turno de la televisi\u00f3n para darle la oportunidad a la audiencia para ver el detr\u00e1s de escenas&#8221;.&nbsp;<\/p>\n<p>Se espera que en el programa aparezca el m\u00fasico con invitados de alto perfil para entrevistas y una conversaci\u00f3n informal en general.&nbsp;<\/p>\n<p>&nbsp;<\/p>\n<p>Fuente: www.rollingstone.com.mx<\/p>\n","protected":false},"excerpt":{"rendered":"<p>Ronnie Wood, integrante de&nbsp;The Rolling Stones, tendr\u00e1 su propio programa de televisi\u00f3n, tras el \u00e9xito que ha tenido su show en radiof\u00f3nico.&nbsp; &#8220;The Ronnie Wood Show&#8221;&nbsp;se transmitir\u00e1 a trav\u00e9s del canal&nbsp;Sky Arts&nbsp;el pr\u00f3ximo mes de febrero y se dice que es la continuaci\u00f3n de su anterior programa, Absolute Radio, por el cual recibi\u00f3 el premio [&hellip;]<\/p>\n","protected":false},"author":4,"featured_media":100003890,"comment_status":"open","ping_status":"open","sticky":false,"template":"","format":"standard","meta":{"_jetpack_memberships_contains_paid_content":false,"footnotes":""},"categories":[142],"tags":[],"class_list":["post-3890","post","type-post","status-publish","format-standard","has-post-thumbnail","hentry","category-buzznews"],"jetpack_featured_media_url":"https:\/\/www.oidossucios.com\/site\/wp-content\/uploads\/2011\/08\/3890.jpg","yoast_head":"<!-- This site is optimized with the Yoast SEO plugin v14.0.4 - https:\/\/yoast.com\/wordpress\/plugins\/seo\/ -->\n<title>Ronnie Wood de The Rolling Stones, tendr\u00e1 su propio programa de televisi\u00f3n - OidosSucios.Com<\/title>\n<meta name=\"robots\" content=\"index, follow\" \/>\n<meta name=\"googlebot\" content=\"index, follow, max-snippet:-1, max-image-preview:large, max-video-preview:-1\" \/>\n<meta name=\"bingbot\" content=\"index, follow, max-snippet:-1, max-image-preview:large, max-video-preview:-1\" \/>\n<link rel=\"canonical\" href=\"https:\/\/www.oidossucios.com\/site\/ronnie-wood-de-the-rolling-stones-tendra-su-propio-programa-de-television\/\" \/>\n<meta property=\"og:locale\" content=\"es_ES\" \/>\n<meta property=\"og:type\" content=\"article\" \/>\n<meta property=\"og:title\" content=\"Ronnie Wood de The Rolling Stones, tendr\u00e1 su propio programa de televisi\u00f3n - OidosSucios.Com\" \/>\n<meta property=\"og:description\" content=\"Ronnie Wood, integrante de&nbsp;The Rolling Stones, tendr\u00e1 su propio programa de televisi\u00f3n, tras el \u00e9xito que ha tenido su show en radiof\u00f3nico.&nbsp; &#8220;The Ronnie Wood Show&#8221;&nbsp;se transmitir\u00e1 a trav\u00e9s del canal&nbsp;Sky Arts&nbsp;el pr\u00f3ximo mes de febrero y se dice que es la continuaci\u00f3n de su anterior programa, Absolute Radio, por el cual recibi\u00f3 el premio [&hellip;]\" \/>\n<meta property=\"og:url\" content=\"https:\/\/www.oidossucios.com\/site\/ronnie-wood-de-the-rolling-stones-tendra-su-propio-programa-de-television\/\" \/>\n<meta property=\"og:site_name\" content=\"OidosSucios.Com\" \/>\n<meta property=\"article:published_time\" content=\"2011-08-01T15:22:00+00:00\" \/>\n<meta property=\"og:image\" content=\"https:\/\/www.oidossucios.com\/site\/wp-content\/uploads\/2011\/08\/3890.jpg\" \/>\n\t<meta property=\"og:image:width\" content=\"350\" \/>\n\t<meta property=\"og:image:height\" content=\"300\" \/>\n<meta name=\"twitter:card\" content=\"summary_large_image\" \/>\n<meta name=\"twitter:creator\" content=\"@oidossucios\" \/>\n<script type=\"application\/ld+json\" class=\"yoast-schema-graph\">{\"@context\":\"https:\/\/schema.org\",\"@graph\":[{\"@type\":\"WebSite\",\"@id\":\"https:\/\/www.oidossucios.com\/site\/#website\",\"url\":\"https:\/\/www.oidossucios.com\/site\/\",\"name\":\"OidosSucios.Com\",\"description\":\"M\\u00fasica, conciertos, discos\",\"potentialAction\":[{\"@type\":\"SearchAction\",\"target\":\"https:\/\/www.oidossucios.com\/site\/?s={search_term_string}\",\"query-input\":\"required name=search_term_string\"}],\"inLanguage\":\"es\"},{\"@type\":\"ImageObject\",\"@id\":\"https:\/\/www.oidossucios.com\/site\/ronnie-wood-de-the-rolling-stones-tendra-su-propio-programa-de-television\/#primaryimage\",\"inLanguage\":\"es\",\"url\":\"https:\/\/www.oidossucios.com\/site\/wp-content\/uploads\/2011\/08\/3890.jpg\",\"width\":350,\"height\":300},{\"@type\":\"WebPage\",\"@id\":\"https:\/\/www.oidossucios.com\/site\/ronnie-wood-de-the-rolling-stones-tendra-su-propio-programa-de-television\/#webpage\",\"url\":\"https:\/\/www.oidossucios.com\/site\/ronnie-wood-de-the-rolling-stones-tendra-su-propio-programa-de-television\/\",\"name\":\"Ronnie Wood de The Rolling Stones, tendr\\u00e1 su propio programa de televisi\\u00f3n - OidosSucios.Com\",\"isPartOf\":{\"@id\":\"https:\/\/www.oidossucios.com\/site\/#website\"},\"primaryImageOfPage\":{\"@id\":\"https:\/\/www.oidossucios.com\/site\/ronnie-wood-de-the-rolling-stones-tendra-su-propio-programa-de-television\/#primaryimage\"},\"datePublished\":\"2011-08-01T15:22:00+00:00\",\"dateModified\":\"2011-08-01T15:22:00+00:00\",\"author\":{\"@id\":\"https:\/\/www.oidossucios.com\/site\/#\/schema\/person\/24559eeb76bf83a63296fb072393a688\"},\"inLanguage\":\"es\",\"potentialAction\":[{\"@type\":\"ReadAction\",\"target\":[\"https:\/\/www.oidossucios.com\/site\/ronnie-wood-de-the-rolling-stones-tendra-su-propio-programa-de-television\/\"]}]},{\"@type\":[\"Person\"],\"@id\":\"https:\/\/www.oidossucios.com\/site\/#\/schema\/person\/24559eeb76bf83a63296fb072393a688\",\"name\":\"Oidossucios\",\"image\":{\"@type\":\"ImageObject\",\"@id\":\"https:\/\/www.oidossucios.com\/site\/#personlogo\",\"inLanguage\":\"es\",\"url\":\"https:\/\/secure.gravatar.com\/avatar\/74fcb480f42f1a33e50a0b6e6369a3f907be2e43dc84fa5f76c66e9c22b4a5ab?s=96&d=mm&r=g\",\"caption\":\"Oidossucios\"},\"sameAs\":[\"https:\/\/twitter.com\/oidossucios\"]}]}<\/script>\n<!-- \/ Yoast SEO plugin. -->","jetpack_sharing_enabled":true,"_links":{"self":[{"href":"https:\/\/www.oidossucios.com\/site\/wp-json\/wp\/v2\/posts\/3890","targetHints":{"allow":["GET"]}}],"collection":[{"href":"https:\/\/www.oidossucios.com\/site\/wp-json\/wp\/v2\/posts"}],"about":[{"href":"https:\/\/www.oidossucios.com\/site\/wp-json\/wp\/v2\/types\/post"}],"author":[{"embeddable":true,"href":"https:\/\/www.oidossucios.com\/site\/wp-json\/wp\/v2\/users\/4"}],"replies":[{"embeddable":true,"href":"https:\/\/www.oidossucios.com\/site\/wp-json\/wp\/v2\/comments?post=3890"}],"version-history":[{"count":0,"href":"https:\/\/www.oidossucios.com\/site\/wp-json\/wp\/v2\/posts\/3890\/revisions"}],"wp:featuredmedia":[{"embeddable":true,"href":"https:\/\/www.oidossucios.com\/site\/wp-json\/wp\/v2\/media\/100003890"}],"wp:attachment":[{"href":"https:\/\/www.oidossucios.com\/site\/wp-json\/wp\/v2\/media?parent=3890"}],"wp:term":[{"taxonomy":"category","embeddable":true,"href":"https:\/\/www.oidossucios.com\/site\/wp-json\/wp\/v2\/categories?post=3890"},{"taxonomy":"post_tag","embeddable":true,"href":"https:\/\/www.oidossucios.com\/site\/wp-json\/wp\/v2\/tags?post=3890"}],"curies":[{"name":"wp","href":"https:\/\/api.w.org\/{rel}","templated":true}]}}