{"id":3894,"date":"2011-08-02T06:35:00","date_gmt":"2011-08-02T06:35:00","guid":{"rendered":"https:\/\/www.oidossucios.com\/site\/2011\/08\/02\/la-abuela-disco-en-la-fiesta-distorxion-junto-a-bueninvento\/"},"modified":"2011-08-02T06:35:00","modified_gmt":"2011-08-02T06:35:00","slug":"la-abuela-disco-en-la-fiesta-distorxion-junto-a-bueninvento","status":"publish","type":"post","link":"https:\/\/www.oidossucios.com\/site\/la-abuela-disco-en-la-fiesta-distorxion-junto-a-bueninvento\/","title":{"rendered":"La Abuela Disco en la Fiesta DistorXi\u00f3n junto a Bueninvento"},"content":{"rendered":"\n<p align=\"center\" style=\"text-align: left; \">La banda de Acarigua conformada por Fauadz Kassen (Voz, guitarra), Fuaz Kassen (Guitarra), Arnoldo Freitez (Bajo), Romny Freitez (Bater\u00eda) y Eduardo Daza (teclado), estar\u00e1n el 4 de agosto en Moulin Rouge junto a Bueninvento.<\/p>\n<p>&nbsp;<\/p>\n<p>Luego del lanzamiento oficial de &#8220;Polvo Lunar&#8221; el mes pasado en El Teatro Bar y el estreno de su edici\u00f3n f\u00edsica, La Abuela Disco ha tenido presentaciones en eventos como Rock en la U y ahora en esta Fiesta organizada por la reconocida revista musical DistorXi\u00f3n, donde se dar\u00e1n detalles acerca de los Premios DistorXi\u00f3n 2011.<\/p>\n<p>&nbsp;<\/p>\n<p>La cita para disfrutar de La Abuela Disco&nbsp;&nbsp;y Bueninvento es el d\u00eda 8 de agosto en el Moulin Rouge, por un costo de Bs.F 30 en la puerta del local.<\/p>\n<p>&nbsp;<\/p>\n<p>Es importante recordar que el disco se encuentra totalmente gratuito en&nbsp;<a target=\"_blank\" href=\"http:\/\/www.laabueladisco.com\/\" rel=\"noopener noreferrer\">www.laabueladisco.com<\/a>&nbsp;y su edici\u00f3n f\u00edsica estar\u00e1 a la venta el d\u00eda del evento.<\/p>\n","protected":false},"excerpt":{"rendered":"<p>La banda de Acarigua conformada por Fauadz Kassen (Voz, guitarra), Fuaz Kassen (Guitarra), Arnoldo Freitez (Bajo), Romny Freitez (Bater\u00eda) y Eduardo Daza (teclado), estar\u00e1n el 4 de agosto en Moulin Rouge junto a Bueninvento.<\/p>\n","protected":false},"author":4,"featured_media":100003894,"comment_status":"open","ping_status":"open","sticky":false,"template":"","format":"standard","meta":{"_jetpack_memberships_contains_paid_content":false,"footnotes":""},"categories":[250],"tags":[],"class_list":["post-3894","post","type-post","status-publish","format-standard","has-post-thumbnail","hentry","category-noticias"],"jetpack_featured_media_url":"https:\/\/www.oidossucios.com\/site\/wp-content\/uploads\/2011\/08\/3894.jpg","yoast_head":"<!-- This site is optimized with the Yoast SEO plugin v14.0.4 - https:\/\/yoast.com\/wordpress\/plugins\/seo\/ -->\n<title>La Abuela Disco en la Fiesta DistorXi\u00f3n junto a Bueninvento - OidosSucios.Com<\/title>\n<meta name=\"description\" content=\"La banda de Acarigua conformada por Fauadz Kassen (Voz, guitarra), Fuaz Kassen (Guitarra), Arnoldo Freitez (Bajo), Romny Freitez (Bater\u00eda) y Eduardo Daza (teclado), estar\u00e1n el 4 de agosto en Moulin Rouge junto a Bueninvento.\" \/>\n<meta name=\"robots\" content=\"index, follow\" \/>\n<meta name=\"googlebot\" content=\"index, follow, max-snippet:-1, max-image-preview:large, max-video-preview:-1\" \/>\n<meta name=\"bingbot\" content=\"index, follow, max-snippet:-1, max-image-preview:large, max-video-preview:-1\" \/>\n<link rel=\"canonical\" href=\"https:\/\/www.oidossucios.com\/site\/la-abuela-disco-en-la-fiesta-distorxion-junto-a-bueninvento\/\" \/>\n<meta property=\"og:locale\" content=\"es_ES\" \/>\n<meta property=\"og:type\" content=\"article\" \/>\n<meta property=\"og:title\" content=\"La Abuela Disco en la Fiesta DistorXi\u00f3n junto a Bueninvento - OidosSucios.Com\" \/>\n<meta property=\"og:description\" content=\"La banda de Acarigua conformada por Fauadz Kassen (Voz, guitarra), Fuaz Kassen (Guitarra), Arnoldo Freitez (Bajo), Romny Freitez (Bater\u00eda) y Eduardo Daza (teclado), estar\u00e1n el 4 de agosto en Moulin Rouge junto a Bueninvento.\" \/>\n<meta property=\"og:url\" content=\"https:\/\/www.oidossucios.com\/site\/la-abuela-disco-en-la-fiesta-distorxion-junto-a-bueninvento\/\" \/>\n<meta property=\"og:site_name\" content=\"OidosSucios.Com\" \/>\n<meta property=\"article:published_time\" content=\"2011-08-02T06:35:00+00:00\" \/>\n<meta property=\"og:image\" content=\"https:\/\/www.oidossucios.com\/site\/wp-content\/uploads\/2011\/08\/3894.jpg\" \/>\n\t<meta property=\"og:image:width\" content=\"350\" \/>\n\t<meta property=\"og:image:height\" content=\"300\" \/>\n<meta name=\"twitter:card\" content=\"summary_large_image\" \/>\n<meta name=\"twitter:creator\" content=\"@oidossucios\" \/>\n<script type=\"application\/ld+json\" class=\"yoast-schema-graph\">{\"@context\":\"https:\/\/schema.org\",\"@graph\":[{\"@type\":\"WebSite\",\"@id\":\"https:\/\/www.oidossucios.com\/site\/#website\",\"url\":\"https:\/\/www.oidossucios.com\/site\/\",\"name\":\"OidosSucios.Com\",\"description\":\"M\\u00fasica, conciertos, discos\",\"potentialAction\":[{\"@type\":\"SearchAction\",\"target\":\"https:\/\/www.oidossucios.com\/site\/?s={search_term_string}\",\"query-input\":\"required name=search_term_string\"}],\"inLanguage\":\"es\"},{\"@type\":\"ImageObject\",\"@id\":\"https:\/\/www.oidossucios.com\/site\/la-abuela-disco-en-la-fiesta-distorxion-junto-a-bueninvento\/#primaryimage\",\"inLanguage\":\"es\",\"url\":\"https:\/\/www.oidossucios.com\/site\/wp-content\/uploads\/2011\/08\/3894.jpg\",\"width\":350,\"height\":300},{\"@type\":\"WebPage\",\"@id\":\"https:\/\/www.oidossucios.com\/site\/la-abuela-disco-en-la-fiesta-distorxion-junto-a-bueninvento\/#webpage\",\"url\":\"https:\/\/www.oidossucios.com\/site\/la-abuela-disco-en-la-fiesta-distorxion-junto-a-bueninvento\/\",\"name\":\"La Abuela Disco en la Fiesta DistorXi\\u00f3n junto a Bueninvento - OidosSucios.Com\",\"isPartOf\":{\"@id\":\"https:\/\/www.oidossucios.com\/site\/#website\"},\"primaryImageOfPage\":{\"@id\":\"https:\/\/www.oidossucios.com\/site\/la-abuela-disco-en-la-fiesta-distorxion-junto-a-bueninvento\/#primaryimage\"},\"datePublished\":\"2011-08-02T06:35:00+00:00\",\"dateModified\":\"2011-08-02T06:35:00+00:00\",\"author\":{\"@id\":\"https:\/\/www.oidossucios.com\/site\/#\/schema\/person\/24559eeb76bf83a63296fb072393a688\"},\"description\":\"La banda de Acarigua conformada por Fauadz Kassen (Voz, guitarra), Fuaz Kassen (Guitarra), Arnoldo Freitez (Bajo), Romny Freitez (Bater\\u00eda) y Eduardo Daza (teclado), estar\\u00e1n el 4 de agosto en Moulin Rouge junto a Bueninvento.\",\"inLanguage\":\"es\",\"potentialAction\":[{\"@type\":\"ReadAction\",\"target\":[\"https:\/\/www.oidossucios.com\/site\/la-abuela-disco-en-la-fiesta-distorxion-junto-a-bueninvento\/\"]}]},{\"@type\":[\"Person\"],\"@id\":\"https:\/\/www.oidossucios.com\/site\/#\/schema\/person\/24559eeb76bf83a63296fb072393a688\",\"name\":\"Oidossucios\",\"image\":{\"@type\":\"ImageObject\",\"@id\":\"https:\/\/www.oidossucios.com\/site\/#personlogo\",\"inLanguage\":\"es\",\"url\":\"https:\/\/secure.gravatar.com\/avatar\/74fcb480f42f1a33e50a0b6e6369a3f907be2e43dc84fa5f76c66e9c22b4a5ab?s=96&d=mm&r=g\",\"caption\":\"Oidossucios\"},\"sameAs\":[\"https:\/\/twitter.com\/oidossucios\"]}]}<\/script>\n<!-- \/ Yoast SEO plugin. -->","jetpack_sharing_enabled":true,"_links":{"self":[{"href":"https:\/\/www.oidossucios.com\/site\/wp-json\/wp\/v2\/posts\/3894","targetHints":{"allow":["GET"]}}],"collection":[{"href":"https:\/\/www.oidossucios.com\/site\/wp-json\/wp\/v2\/posts"}],"about":[{"href":"https:\/\/www.oidossucios.com\/site\/wp-json\/wp\/v2\/types\/post"}],"author":[{"embeddable":true,"href":"https:\/\/www.oidossucios.com\/site\/wp-json\/wp\/v2\/users\/4"}],"replies":[{"embeddable":true,"href":"https:\/\/www.oidossucios.com\/site\/wp-json\/wp\/v2\/comments?post=3894"}],"version-history":[{"count":0,"href":"https:\/\/www.oidossucios.com\/site\/wp-json\/wp\/v2\/posts\/3894\/revisions"}],"wp:featuredmedia":[{"embeddable":true,"href":"https:\/\/www.oidossucios.com\/site\/wp-json\/wp\/v2\/media\/100003894"}],"wp:attachment":[{"href":"https:\/\/www.oidossucios.com\/site\/wp-json\/wp\/v2\/media?parent=3894"}],"wp:term":[{"taxonomy":"category","embeddable":true,"href":"https:\/\/www.oidossucios.com\/site\/wp-json\/wp\/v2\/categories?post=3894"},{"taxonomy":"post_tag","embeddable":true,"href":"https:\/\/www.oidossucios.com\/site\/wp-json\/wp\/v2\/tags?post=3894"}],"curies":[{"name":"wp","href":"https:\/\/api.w.org\/{rel}","templated":true}]}}