{"id":3898,"date":"2011-08-02T07:22:00","date_gmt":"2011-08-02T07:22:00","guid":{"rendered":"https:\/\/www.oidossucios.com\/site\/2011\/08\/02\/roco-de-la-maldita-vecindad-anuncia-la-separacion-de-la-banda\/"},"modified":"2011-08-02T07:22:00","modified_gmt":"2011-08-02T07:22:00","slug":"roco-de-la-maldita-vecindad-anuncia-la-separacion-de-la-banda","status":"publish","type":"post","link":"https:\/\/www.oidossucios.com\/site\/roco-de-la-maldita-vecindad-anuncia-la-separacion-de-la-banda\/","title":{"rendered":"Roco de la Maldita Vecindad anuncia la separaci\u00f3n de la banda"},"content":{"rendered":"\n<p>Hace unos d\u00edas se dio a conocer que la Maldita Vecindad tomar\u00eda unas vacaciones indefinidas. Ayer, Roco Pachukote, cantante y compositor de la banda, subi\u00f3 un video en el que explica que debido a diferencias dentro de la banda se tomar\u00e1n tiempo para pensar en un posible regreso.<\/p>\n<p><\/p>\n<p>Tambi\u00e9n aclar\u00f3 que Maldita Vecindad no estar\u00e1 present\u00e1ndose en ning\u00fan festival c\u00f3mo se ha anunciado, ya que estas presentaciones se tratan del nuevo proyecto del resto de los integrantes Aldo, Sax y Pato, quienes ahora son&nbsp;<a href=\"http:\/\/www.facebook.com\/pages\/Los-Malditos-Cocodrilos-FF\/167806223292530\"><b>Los Malditos Cocodrilos Fusi\u00f3n Festiva<\/b><\/a>. <\/p>\n<p><\/p>\n<p>En su&nbsp;<a href=\"http:\/\/www.facebook.com\/malditavecindad\/posts\/10150246414420172\"><b>p\u00e1gina de Facebook<\/b><\/a>, la Maldita public\u00f3 que no dar\u00e1n m\u00e1s presentaciones y estar\u00e1n informando a la gente sobre el curso de los proyectos personales de cada integrante.<\/p>\n<p><\/p>\n<p>Al parecer, hoy 2 de Agosto, Roco dar\u00e1 a conocer el lugar y fecha en la que planea festejar 25 a\u00f1os de &#8220;historia, paz y m\u00fasica&#8221;. Sigue la informaci\u00f3n a trav\u00e9s de&nbsp;<a href=\"http:\/\/twitter.com\/malditavecindad\"><b>twitter.com\/malditavecindad<\/b><\/a>&nbsp;y<a href=\"http:\/\/twitter.com\/#!\/rocopachukote\"><b>twitter.com\/rocopachukote<\/b><\/a>.<\/p>\n<p><\/p>\n<p><\/p>\n<p><iframe loading=\"lazy\" width=\"640\" height=\"390\" frameborder=\"0\" allowfullscreen=\"\" src=\"http:\/\/www.youtube.com\/embed\/ek9GMDZ9NlU?rel=0\"><\/iframe><\/p>\n","protected":false},"excerpt":{"rendered":"<p>Hace unos d\u00edas se dio a conocer que la Maldita Vecindad tomar\u00eda unas vacaciones indefinidas. Ayer, Roco Pachukote, cantante y compositor de la banda, subi\u00f3 un video en el que explica que debido a diferencias dentro de la banda se tomar\u00e1n tiempo para pensar en un posible regreso. Tambi\u00e9n aclar\u00f3 que Maldita Vecindad no estar\u00e1 [&hellip;]<\/p>\n","protected":false},"author":4,"featured_media":100003898,"comment_status":"open","ping_status":"open","sticky":false,"template":"","format":"standard","meta":{"_jetpack_memberships_contains_paid_content":false,"footnotes":""},"categories":[142],"tags":[],"class_list":["post-3898","post","type-post","status-publish","format-standard","has-post-thumbnail","hentry","category-buzznews"],"jetpack_featured_media_url":"https:\/\/www.oidossucios.com\/site\/wp-content\/uploads\/2011\/08\/3898.jpg","yoast_head":"<!-- This site is optimized with the Yoast SEO plugin v14.0.4 - https:\/\/yoast.com\/wordpress\/plugins\/seo\/ -->\n<title>Roco de la Maldita Vecindad anuncia la separaci\u00f3n de la banda - OidosSucios.Com<\/title>\n<meta name=\"robots\" content=\"index, follow\" \/>\n<meta name=\"googlebot\" content=\"index, follow, max-snippet:-1, max-image-preview:large, max-video-preview:-1\" \/>\n<meta name=\"bingbot\" content=\"index, follow, max-snippet:-1, max-image-preview:large, max-video-preview:-1\" \/>\n<link rel=\"canonical\" href=\"https:\/\/www.oidossucios.com\/site\/roco-de-la-maldita-vecindad-anuncia-la-separacion-de-la-banda\/\" \/>\n<meta property=\"og:locale\" content=\"es_ES\" \/>\n<meta property=\"og:type\" content=\"article\" \/>\n<meta property=\"og:title\" content=\"Roco de la Maldita Vecindad anuncia la separaci\u00f3n de la banda - OidosSucios.Com\" \/>\n<meta property=\"og:description\" content=\"Hace unos d\u00edas se dio a conocer que la Maldita Vecindad tomar\u00eda unas vacaciones indefinidas. Ayer, Roco Pachukote, cantante y compositor de la banda, subi\u00f3 un video en el que explica que debido a diferencias dentro de la banda se tomar\u00e1n tiempo para pensar en un posible regreso. Tambi\u00e9n aclar\u00f3 que Maldita Vecindad no estar\u00e1 [&hellip;]\" \/>\n<meta property=\"og:url\" content=\"https:\/\/www.oidossucios.com\/site\/roco-de-la-maldita-vecindad-anuncia-la-separacion-de-la-banda\/\" \/>\n<meta property=\"og:site_name\" content=\"OidosSucios.Com\" \/>\n<meta property=\"article:published_time\" content=\"2011-08-02T07:22:00+00:00\" \/>\n<meta property=\"og:image\" content=\"https:\/\/www.oidossucios.com\/site\/wp-content\/uploads\/2011\/08\/3898.jpg\" \/>\n\t<meta property=\"og:image:width\" content=\"350\" \/>\n\t<meta property=\"og:image:height\" content=\"300\" \/>\n<meta name=\"twitter:card\" content=\"summary_large_image\" \/>\n<meta name=\"twitter:creator\" content=\"@oidossucios\" \/>\n<script type=\"application\/ld+json\" class=\"yoast-schema-graph\">{\"@context\":\"https:\/\/schema.org\",\"@graph\":[{\"@type\":\"WebSite\",\"@id\":\"https:\/\/www.oidossucios.com\/site\/#website\",\"url\":\"https:\/\/www.oidossucios.com\/site\/\",\"name\":\"OidosSucios.Com\",\"description\":\"M\\u00fasica, conciertos, discos\",\"potentialAction\":[{\"@type\":\"SearchAction\",\"target\":\"https:\/\/www.oidossucios.com\/site\/?s={search_term_string}\",\"query-input\":\"required name=search_term_string\"}],\"inLanguage\":\"es\"},{\"@type\":\"ImageObject\",\"@id\":\"https:\/\/www.oidossucios.com\/site\/roco-de-la-maldita-vecindad-anuncia-la-separacion-de-la-banda\/#primaryimage\",\"inLanguage\":\"es\",\"url\":\"https:\/\/www.oidossucios.com\/site\/wp-content\/uploads\/2011\/08\/3898.jpg\",\"width\":350,\"height\":300},{\"@type\":\"WebPage\",\"@id\":\"https:\/\/www.oidossucios.com\/site\/roco-de-la-maldita-vecindad-anuncia-la-separacion-de-la-banda\/#webpage\",\"url\":\"https:\/\/www.oidossucios.com\/site\/roco-de-la-maldita-vecindad-anuncia-la-separacion-de-la-banda\/\",\"name\":\"Roco de la Maldita Vecindad anuncia la separaci\\u00f3n de la banda - OidosSucios.Com\",\"isPartOf\":{\"@id\":\"https:\/\/www.oidossucios.com\/site\/#website\"},\"primaryImageOfPage\":{\"@id\":\"https:\/\/www.oidossucios.com\/site\/roco-de-la-maldita-vecindad-anuncia-la-separacion-de-la-banda\/#primaryimage\"},\"datePublished\":\"2011-08-02T07:22:00+00:00\",\"dateModified\":\"2011-08-02T07:22:00+00:00\",\"author\":{\"@id\":\"https:\/\/www.oidossucios.com\/site\/#\/schema\/person\/24559eeb76bf83a63296fb072393a688\"},\"inLanguage\":\"es\",\"potentialAction\":[{\"@type\":\"ReadAction\",\"target\":[\"https:\/\/www.oidossucios.com\/site\/roco-de-la-maldita-vecindad-anuncia-la-separacion-de-la-banda\/\"]}]},{\"@type\":[\"Person\"],\"@id\":\"https:\/\/www.oidossucios.com\/site\/#\/schema\/person\/24559eeb76bf83a63296fb072393a688\",\"name\":\"Oidossucios\",\"image\":{\"@type\":\"ImageObject\",\"@id\":\"https:\/\/www.oidossucios.com\/site\/#personlogo\",\"inLanguage\":\"es\",\"url\":\"https:\/\/secure.gravatar.com\/avatar\/74fcb480f42f1a33e50a0b6e6369a3f907be2e43dc84fa5f76c66e9c22b4a5ab?s=96&d=mm&r=g\",\"caption\":\"Oidossucios\"},\"sameAs\":[\"https:\/\/twitter.com\/oidossucios\"]}]}<\/script>\n<!-- \/ Yoast SEO plugin. -->","jetpack_sharing_enabled":true,"_links":{"self":[{"href":"https:\/\/www.oidossucios.com\/site\/wp-json\/wp\/v2\/posts\/3898","targetHints":{"allow":["GET"]}}],"collection":[{"href":"https:\/\/www.oidossucios.com\/site\/wp-json\/wp\/v2\/posts"}],"about":[{"href":"https:\/\/www.oidossucios.com\/site\/wp-json\/wp\/v2\/types\/post"}],"author":[{"embeddable":true,"href":"https:\/\/www.oidossucios.com\/site\/wp-json\/wp\/v2\/users\/4"}],"replies":[{"embeddable":true,"href":"https:\/\/www.oidossucios.com\/site\/wp-json\/wp\/v2\/comments?post=3898"}],"version-history":[{"count":0,"href":"https:\/\/www.oidossucios.com\/site\/wp-json\/wp\/v2\/posts\/3898\/revisions"}],"wp:featuredmedia":[{"embeddable":true,"href":"https:\/\/www.oidossucios.com\/site\/wp-json\/wp\/v2\/media\/100003898"}],"wp:attachment":[{"href":"https:\/\/www.oidossucios.com\/site\/wp-json\/wp\/v2\/media?parent=3898"}],"wp:term":[{"taxonomy":"category","embeddable":true,"href":"https:\/\/www.oidossucios.com\/site\/wp-json\/wp\/v2\/categories?post=3898"},{"taxonomy":"post_tag","embeddable":true,"href":"https:\/\/www.oidossucios.com\/site\/wp-json\/wp\/v2\/tags?post=3898"}],"curies":[{"name":"wp","href":"https:\/\/api.w.org\/{rel}","templated":true}]}}