{"id":3917,"date":"2011-08-05T08:02:00","date_gmt":"2011-08-05T08:02:00","guid":{"rendered":"https:\/\/www.oidossucios.com\/site\/2011\/08\/05\/alice-cooper-tendra-su-propia-atraccion-en-universal-studios\/"},"modified":"2011-08-05T08:02:00","modified_gmt":"2011-08-05T08:02:00","slug":"alice-cooper-tendra-su-propia-atraccion-en-universal-studios","status":"publish","type":"post","link":"https:\/\/www.oidossucios.com\/site\/alice-cooper-tendra-su-propia-atraccion-en-universal-studios\/","title":{"rendered":"Alice Cooper tendr\u00e1 su propia atracci\u00f3n en Universal Studios"},"content":{"rendered":"\n<p>Alice Cooper ser\u00e1 parte de los Universal Studios en Hollywood, una vez que se inaugure la atracci\u00f3n, &#8220;Alice Cooper: Welcome To My Nightmare&#8221; el 23 de septiembre y continuar\u00e1 algunas noches hasta el 31 de octubre (Halloween en Estados Unidos).<\/p>\n<p><\/p>\n<p>El laberinto est\u00e1 inspirado en el \u00e1lbum de Cooper, &#8220;Welcome 2 My Nightmare&#8221; que ser\u00e1 lanzado el 13 de septiembre v\u00eda Universal Music Enterprises con canciones nuevas y algunos cl\u00e1sicos del \u00edcono del rock.<\/p>\n<p><\/p>\n<p>&#8220;Crearemos una pel\u00edcula de terror viviente a gritos de distancia, de estudios de sonido donde las primeras pel\u00edculas de terror iniciaron, as\u00ed que no hay lugar m\u00e1s apropiado para ofrecer una vista previa del nuevo &#8220;Welcome 2 My Nightmare&#8221;. Ser\u00e1 una pesadilla que acechar\u00e1 a los sue\u00f1os de los visitantes por mucho tiempo&#8221; declara Cooper.<\/p>\n<p><\/p>\n<p>La nueva atracci\u00f3n llevar\u00e1 a los visitantes por un recorrido de guillotinas, sillas el\u00e9ctricas, un manicomio, v\u00edboras y ara\u00f1as &#8220;viuda negra&#8221;.<\/p>\n<p><\/p>\n<p><iframe loading=\"lazy\" width=\"640\" height=\"390\" frameborder=\"0\" allowfullscreen=\"\" src=\"http:\/\/www.youtube.com\/embed\/U0gTwOPO9YI?rel=0\"><\/iframe><\/p>\n","protected":false},"excerpt":{"rendered":"<p>Alice Cooper ser\u00e1 parte de los Universal Studios en Hollywood, una vez que se inaugure la atracci\u00f3n, &#8220;Alice Cooper: Welcome To My Nightmare&#8221; el 23 de septiembre y continuar\u00e1 algunas noches hasta el 31 de octubre.<\/p>\n","protected":false},"author":4,"featured_media":100003917,"comment_status":"open","ping_status":"open","sticky":false,"template":"","format":"standard","meta":{"_jetpack_memberships_contains_paid_content":false,"footnotes":""},"categories":[250],"tags":[],"class_list":["post-3917","post","type-post","status-publish","format-standard","has-post-thumbnail","hentry","category-noticias"],"jetpack_featured_media_url":"https:\/\/www.oidossucios.com\/site\/wp-content\/uploads\/2011\/08\/3917.jpg","yoast_head":"<!-- This site is optimized with the Yoast SEO plugin v14.0.4 - https:\/\/yoast.com\/wordpress\/plugins\/seo\/ -->\n<title>Alice Cooper tendr\u00e1 su propia atracci\u00f3n en Universal Studios - OidosSucios.Com<\/title>\n<meta name=\"description\" content=\"Alice Cooper ser\u00e1 parte de los Universal Studios en Hollywood, una vez que se inaugure la atracci\u00f3n, &quot;Alice Cooper: Welcome To My Nightmare&quot; el 23 de septiembre y continuar\u00e1 algunas noches hasta el 31 de octubre.\" \/>\n<meta name=\"robots\" content=\"index, follow\" \/>\n<meta name=\"googlebot\" content=\"index, follow, max-snippet:-1, max-image-preview:large, max-video-preview:-1\" \/>\n<meta name=\"bingbot\" content=\"index, follow, max-snippet:-1, max-image-preview:large, max-video-preview:-1\" \/>\n<link rel=\"canonical\" href=\"https:\/\/www.oidossucios.com\/site\/alice-cooper-tendra-su-propia-atraccion-en-universal-studios\/\" \/>\n<meta property=\"og:locale\" content=\"es_ES\" \/>\n<meta property=\"og:type\" content=\"article\" \/>\n<meta property=\"og:title\" content=\"Alice Cooper tendr\u00e1 su propia atracci\u00f3n en Universal Studios - OidosSucios.Com\" \/>\n<meta property=\"og:description\" content=\"Alice Cooper ser\u00e1 parte de los Universal Studios en Hollywood, una vez que se inaugure la atracci\u00f3n, &quot;Alice Cooper: Welcome To My Nightmare&quot; el 23 de septiembre y continuar\u00e1 algunas noches hasta el 31 de octubre.\" \/>\n<meta property=\"og:url\" content=\"https:\/\/www.oidossucios.com\/site\/alice-cooper-tendra-su-propia-atraccion-en-universal-studios\/\" \/>\n<meta property=\"og:site_name\" content=\"OidosSucios.Com\" \/>\n<meta property=\"article:published_time\" content=\"2011-08-05T08:02:00+00:00\" \/>\n<meta property=\"og:image\" content=\"https:\/\/www.oidossucios.com\/site\/wp-content\/uploads\/2011\/08\/3917.jpg\" \/>\n\t<meta property=\"og:image:width\" content=\"350\" \/>\n\t<meta property=\"og:image:height\" content=\"300\" \/>\n<meta name=\"twitter:card\" content=\"summary_large_image\" \/>\n<meta name=\"twitter:creator\" content=\"@oidossucios\" \/>\n<script type=\"application\/ld+json\" class=\"yoast-schema-graph\">{\"@context\":\"https:\/\/schema.org\",\"@graph\":[{\"@type\":\"WebSite\",\"@id\":\"https:\/\/www.oidossucios.com\/site\/#website\",\"url\":\"https:\/\/www.oidossucios.com\/site\/\",\"name\":\"OidosSucios.Com\",\"description\":\"M\\u00fasica, conciertos, discos\",\"potentialAction\":[{\"@type\":\"SearchAction\",\"target\":\"https:\/\/www.oidossucios.com\/site\/?s={search_term_string}\",\"query-input\":\"required name=search_term_string\"}],\"inLanguage\":\"es\"},{\"@type\":\"ImageObject\",\"@id\":\"https:\/\/www.oidossucios.com\/site\/alice-cooper-tendra-su-propia-atraccion-en-universal-studios\/#primaryimage\",\"inLanguage\":\"es\",\"url\":\"https:\/\/www.oidossucios.com\/site\/wp-content\/uploads\/2011\/08\/3917.jpg\",\"width\":350,\"height\":300},{\"@type\":\"WebPage\",\"@id\":\"https:\/\/www.oidossucios.com\/site\/alice-cooper-tendra-su-propia-atraccion-en-universal-studios\/#webpage\",\"url\":\"https:\/\/www.oidossucios.com\/site\/alice-cooper-tendra-su-propia-atraccion-en-universal-studios\/\",\"name\":\"Alice Cooper tendr\\u00e1 su propia atracci\\u00f3n en Universal Studios - OidosSucios.Com\",\"isPartOf\":{\"@id\":\"https:\/\/www.oidossucios.com\/site\/#website\"},\"primaryImageOfPage\":{\"@id\":\"https:\/\/www.oidossucios.com\/site\/alice-cooper-tendra-su-propia-atraccion-en-universal-studios\/#primaryimage\"},\"datePublished\":\"2011-08-05T08:02:00+00:00\",\"dateModified\":\"2011-08-05T08:02:00+00:00\",\"author\":{\"@id\":\"https:\/\/www.oidossucios.com\/site\/#\/schema\/person\/24559eeb76bf83a63296fb072393a688\"},\"description\":\"Alice Cooper ser\\u00e1 parte de los Universal Studios en Hollywood, una vez que se inaugure la atracci\\u00f3n, \\\"Alice Cooper: Welcome To My Nightmare\\\" el 23 de septiembre y continuar\\u00e1 algunas noches hasta el 31 de octubre.\",\"inLanguage\":\"es\",\"potentialAction\":[{\"@type\":\"ReadAction\",\"target\":[\"https:\/\/www.oidossucios.com\/site\/alice-cooper-tendra-su-propia-atraccion-en-universal-studios\/\"]}]},{\"@type\":[\"Person\"],\"@id\":\"https:\/\/www.oidossucios.com\/site\/#\/schema\/person\/24559eeb76bf83a63296fb072393a688\",\"name\":\"Oidossucios\",\"image\":{\"@type\":\"ImageObject\",\"@id\":\"https:\/\/www.oidossucios.com\/site\/#personlogo\",\"inLanguage\":\"es\",\"url\":\"https:\/\/secure.gravatar.com\/avatar\/74fcb480f42f1a33e50a0b6e6369a3f907be2e43dc84fa5f76c66e9c22b4a5ab?s=96&d=mm&r=g\",\"caption\":\"Oidossucios\"},\"sameAs\":[\"https:\/\/twitter.com\/oidossucios\"]}]}<\/script>\n<!-- \/ Yoast SEO plugin. -->","jetpack_sharing_enabled":true,"_links":{"self":[{"href":"https:\/\/www.oidossucios.com\/site\/wp-json\/wp\/v2\/posts\/3917","targetHints":{"allow":["GET"]}}],"collection":[{"href":"https:\/\/www.oidossucios.com\/site\/wp-json\/wp\/v2\/posts"}],"about":[{"href":"https:\/\/www.oidossucios.com\/site\/wp-json\/wp\/v2\/types\/post"}],"author":[{"embeddable":true,"href":"https:\/\/www.oidossucios.com\/site\/wp-json\/wp\/v2\/users\/4"}],"replies":[{"embeddable":true,"href":"https:\/\/www.oidossucios.com\/site\/wp-json\/wp\/v2\/comments?post=3917"}],"version-history":[{"count":0,"href":"https:\/\/www.oidossucios.com\/site\/wp-json\/wp\/v2\/posts\/3917\/revisions"}],"wp:featuredmedia":[{"embeddable":true,"href":"https:\/\/www.oidossucios.com\/site\/wp-json\/wp\/v2\/media\/100003917"}],"wp:attachment":[{"href":"https:\/\/www.oidossucios.com\/site\/wp-json\/wp\/v2\/media?parent=3917"}],"wp:term":[{"taxonomy":"category","embeddable":true,"href":"https:\/\/www.oidossucios.com\/site\/wp-json\/wp\/v2\/categories?post=3917"},{"taxonomy":"post_tag","embeddable":true,"href":"https:\/\/www.oidossucios.com\/site\/wp-json\/wp\/v2\/tags?post=3917"}],"curies":[{"name":"wp","href":"https:\/\/api.w.org\/{rel}","templated":true}]}}