{"id":3927,"date":"2011-08-08T18:23:00","date_gmt":"2011-08-08T18:23:00","guid":{"rendered":"https:\/\/www.oidossucios.com\/site\/2011\/08\/08\/amy-lee-vocalista-de-evanescence-da-detalles-del-nuevo-album-del-grupo\/"},"modified":"2011-08-08T18:23:00","modified_gmt":"2011-08-08T18:23:00","slug":"amy-lee-vocalista-de-evanescence-da-detalles-del-nuevo-album-del-grupo","status":"publish","type":"post","link":"https:\/\/www.oidossucios.com\/site\/amy-lee-vocalista-de-evanescence-da-detalles-del-nuevo-album-del-grupo\/","title":{"rendered":"Amy Lee, vocalista de Evanescence, da detalles del nuevo \u00e1lbum del grupo"},"content":{"rendered":"\n<p>Amy Lee, vocalist de Evanescence, declar\u00f3 recientemente que el nuevo disco del grupo fue inspirado en su mayor\u00eda por la relaci\u00f3n que tienen con sus fans.<\/p>\n<p><\/p>\n<p>Actualmente se encuentra d\u00e1ndole los toques finales a su tercer \u00e1lbum, titulado<i>Evanescence<\/i>, y producido por Nick Raskulinecz. Saldr\u00e1 a la venta el pr\u00f3ximo 10 de Octubre, el primer sencillo ser\u00e1 &#8220;what you want&#8221; y se estrenar\u00e1 en agosto.<\/p>\n<p>Al respecto, Amy Lee dijo: &#8220;realmente me puedo escuchar cantando acerca de mi relaci\u00f3n con Evanescence y con los fans. En el disco siempre hay una gran relaci\u00f3n acerca de la que canto, y siento que mi gran relaci\u00f3n en este \u00e1lbum, es con el grupo y sus fans. L\u00edricamente escuchas mucho acerca de esto, una lucha con una relaci\u00f3n o el amor en una relaci\u00f3n, canto sobre todo eso&#8221;.<\/p>\n<p><\/p>\n<p>&nbsp;<\/p>\n<p>Fuente: www.rollingstone.com.mx<\/p>\n","protected":false},"excerpt":{"rendered":"<p>Amy Lee, vocalist de Evanescence, declar\u00f3 recientemente que el nuevo disco del grupo fue inspirado en su mayor\u00eda por la relaci\u00f3n que tienen con sus fans. Actualmente se encuentra d\u00e1ndole los toques finales a su tercer \u00e1lbum, tituladoEvanescence, y producido por Nick Raskulinecz. Saldr\u00e1 a la venta el pr\u00f3ximo 10 de Octubre, el primer sencillo [&hellip;]<\/p>\n","protected":false},"author":4,"featured_media":100003927,"comment_status":"open","ping_status":"open","sticky":false,"template":"","format":"standard","meta":{"_jetpack_memberships_contains_paid_content":false,"footnotes":""},"categories":[142],"tags":[],"class_list":["post-3927","post","type-post","status-publish","format-standard","has-post-thumbnail","hentry","category-buzznews"],"jetpack_featured_media_url":"https:\/\/www.oidossucios.com\/site\/wp-content\/uploads\/2011\/08\/3927.jpg","yoast_head":"<!-- This site is optimized with the Yoast SEO plugin v14.0.4 - https:\/\/yoast.com\/wordpress\/plugins\/seo\/ -->\n<title>Amy Lee, vocalista de Evanescence, da detalles del nuevo \u00e1lbum del grupo - OidosSucios.Com<\/title>\n<meta name=\"robots\" content=\"index, follow\" \/>\n<meta name=\"googlebot\" content=\"index, follow, max-snippet:-1, max-image-preview:large, max-video-preview:-1\" \/>\n<meta name=\"bingbot\" content=\"index, follow, max-snippet:-1, max-image-preview:large, max-video-preview:-1\" \/>\n<link rel=\"canonical\" href=\"https:\/\/www.oidossucios.com\/site\/amy-lee-vocalista-de-evanescence-da-detalles-del-nuevo-album-del-grupo\/\" \/>\n<meta property=\"og:locale\" content=\"es_ES\" \/>\n<meta property=\"og:type\" content=\"article\" \/>\n<meta property=\"og:title\" content=\"Amy Lee, vocalista de Evanescence, da detalles del nuevo \u00e1lbum del grupo - OidosSucios.Com\" \/>\n<meta property=\"og:description\" content=\"Amy Lee, vocalist de Evanescence, declar\u00f3 recientemente que el nuevo disco del grupo fue inspirado en su mayor\u00eda por la relaci\u00f3n que tienen con sus fans. Actualmente se encuentra d\u00e1ndole los toques finales a su tercer \u00e1lbum, tituladoEvanescence, y producido por Nick Raskulinecz. Saldr\u00e1 a la venta el pr\u00f3ximo 10 de Octubre, el primer sencillo [&hellip;]\" \/>\n<meta property=\"og:url\" content=\"https:\/\/www.oidossucios.com\/site\/amy-lee-vocalista-de-evanescence-da-detalles-del-nuevo-album-del-grupo\/\" \/>\n<meta property=\"og:site_name\" content=\"OidosSucios.Com\" \/>\n<meta property=\"article:published_time\" content=\"2011-08-08T18:23:00+00:00\" \/>\n<meta property=\"og:image\" content=\"https:\/\/www.oidossucios.com\/site\/wp-content\/uploads\/2011\/08\/3927.jpg\" \/>\n\t<meta property=\"og:image:width\" content=\"350\" \/>\n\t<meta property=\"og:image:height\" content=\"300\" \/>\n<meta name=\"twitter:card\" content=\"summary_large_image\" \/>\n<meta name=\"twitter:creator\" content=\"@oidossucios\" \/>\n<script type=\"application\/ld+json\" class=\"yoast-schema-graph\">{\"@context\":\"https:\/\/schema.org\",\"@graph\":[{\"@type\":\"WebSite\",\"@id\":\"https:\/\/www.oidossucios.com\/site\/#website\",\"url\":\"https:\/\/www.oidossucios.com\/site\/\",\"name\":\"OidosSucios.Com\",\"description\":\"M\\u00fasica, conciertos, discos\",\"potentialAction\":[{\"@type\":\"SearchAction\",\"target\":\"https:\/\/www.oidossucios.com\/site\/?s={search_term_string}\",\"query-input\":\"required name=search_term_string\"}],\"inLanguage\":\"es\"},{\"@type\":\"ImageObject\",\"@id\":\"https:\/\/www.oidossucios.com\/site\/amy-lee-vocalista-de-evanescence-da-detalles-del-nuevo-album-del-grupo\/#primaryimage\",\"inLanguage\":\"es\",\"url\":\"https:\/\/www.oidossucios.com\/site\/wp-content\/uploads\/2011\/08\/3927.jpg\",\"width\":350,\"height\":300},{\"@type\":\"WebPage\",\"@id\":\"https:\/\/www.oidossucios.com\/site\/amy-lee-vocalista-de-evanescence-da-detalles-del-nuevo-album-del-grupo\/#webpage\",\"url\":\"https:\/\/www.oidossucios.com\/site\/amy-lee-vocalista-de-evanescence-da-detalles-del-nuevo-album-del-grupo\/\",\"name\":\"Amy Lee, vocalista de Evanescence, da detalles del nuevo \\u00e1lbum del grupo - OidosSucios.Com\",\"isPartOf\":{\"@id\":\"https:\/\/www.oidossucios.com\/site\/#website\"},\"primaryImageOfPage\":{\"@id\":\"https:\/\/www.oidossucios.com\/site\/amy-lee-vocalista-de-evanescence-da-detalles-del-nuevo-album-del-grupo\/#primaryimage\"},\"datePublished\":\"2011-08-08T18:23:00+00:00\",\"dateModified\":\"2011-08-08T18:23:00+00:00\",\"author\":{\"@id\":\"https:\/\/www.oidossucios.com\/site\/#\/schema\/person\/24559eeb76bf83a63296fb072393a688\"},\"inLanguage\":\"es\",\"potentialAction\":[{\"@type\":\"ReadAction\",\"target\":[\"https:\/\/www.oidossucios.com\/site\/amy-lee-vocalista-de-evanescence-da-detalles-del-nuevo-album-del-grupo\/\"]}]},{\"@type\":[\"Person\"],\"@id\":\"https:\/\/www.oidossucios.com\/site\/#\/schema\/person\/24559eeb76bf83a63296fb072393a688\",\"name\":\"Oidossucios\",\"image\":{\"@type\":\"ImageObject\",\"@id\":\"https:\/\/www.oidossucios.com\/site\/#personlogo\",\"inLanguage\":\"es\",\"url\":\"https:\/\/secure.gravatar.com\/avatar\/74fcb480f42f1a33e50a0b6e6369a3f907be2e43dc84fa5f76c66e9c22b4a5ab?s=96&d=mm&r=g\",\"caption\":\"Oidossucios\"},\"sameAs\":[\"https:\/\/twitter.com\/oidossucios\"]}]}<\/script>\n<!-- \/ Yoast SEO plugin. -->","jetpack_sharing_enabled":true,"_links":{"self":[{"href":"https:\/\/www.oidossucios.com\/site\/wp-json\/wp\/v2\/posts\/3927","targetHints":{"allow":["GET"]}}],"collection":[{"href":"https:\/\/www.oidossucios.com\/site\/wp-json\/wp\/v2\/posts"}],"about":[{"href":"https:\/\/www.oidossucios.com\/site\/wp-json\/wp\/v2\/types\/post"}],"author":[{"embeddable":true,"href":"https:\/\/www.oidossucios.com\/site\/wp-json\/wp\/v2\/users\/4"}],"replies":[{"embeddable":true,"href":"https:\/\/www.oidossucios.com\/site\/wp-json\/wp\/v2\/comments?post=3927"}],"version-history":[{"count":0,"href":"https:\/\/www.oidossucios.com\/site\/wp-json\/wp\/v2\/posts\/3927\/revisions"}],"wp:featuredmedia":[{"embeddable":true,"href":"https:\/\/www.oidossucios.com\/site\/wp-json\/wp\/v2\/media\/100003927"}],"wp:attachment":[{"href":"https:\/\/www.oidossucios.com\/site\/wp-json\/wp\/v2\/media?parent=3927"}],"wp:term":[{"taxonomy":"category","embeddable":true,"href":"https:\/\/www.oidossucios.com\/site\/wp-json\/wp\/v2\/categories?post=3927"},{"taxonomy":"post_tag","embeddable":true,"href":"https:\/\/www.oidossucios.com\/site\/wp-json\/wp\/v2\/tags?post=3927"}],"curies":[{"name":"wp","href":"https:\/\/api.w.org\/{rel}","templated":true}]}}