{"id":3941,"date":"2011-08-10T17:49:00","date_gmt":"2011-08-10T17:49:00","guid":{"rendered":"https:\/\/www.oidossucios.com\/site\/2011\/08\/10\/muse-empezara-a-trabajar-un-nuevo-disco-en-septiembre\/"},"modified":"2011-08-10T17:49:00","modified_gmt":"2011-08-10T17:49:00","slug":"muse-empezara-a-trabajar-un-nuevo-disco-en-septiembre","status":"publish","type":"post","link":"https:\/\/www.oidossucios.com\/site\/muse-empezara-a-trabajar-un-nuevo-disco-en-septiembre\/","title":{"rendered":"Muse empezar\u00e1 a trabajar un nuevo disco en Septiembre"},"content":{"rendered":"\n<p>Muse ha revelado la fecha en que empezar\u00e1n a trabajar en su siguiente \u00e1lbum. En entrevista con BBC Radio 1, Chris Wolstenholme, bajista de la agrupaci\u00f3n inglesa, asegur\u00f3 que ser\u00e1 en septiembre, luego de su presentaci\u00f3n en los festivales Reading y Leeds, que entren al estudio de grabaci\u00f3n.<\/p>\n<p><\/p>\n<p>&#8220;En septiembre y octubre es cuando entraremos al estudio y empezaremos a escribir el nuevo \u00e1lbum&#8221;, revel\u00f3 Wolstenholme.<\/p>\n<p><\/p>\n<p>La declaraci\u00f3n reafirma lo dicho por el m\u00fasico, en el sentido de que no estrenar\u00e1n nada nuevo durante Reading y Leeds, pues no tienen trabajado nada del disco sucesor de &#8220;The Resistance&#8221;.<\/p>\n<p><\/p>\n<p>Fuente: www.warp.la<\/p>\n<p>&nbsp;<\/p>\n","protected":false},"excerpt":{"rendered":"<p>Muse ha revelado la fecha en que empezar\u00e1n a trabajar en su siguiente \u00e1lbum. En entrevista con BBC Radio 1, Chris Wolstenholme, bajista de la agrupaci\u00f3n inglesa, asegur\u00f3 que ser\u00e1 en septiembre, luego de su presentaci\u00f3n en los festivales Reading y Leeds, que entren al estudio de grabaci\u00f3n. &#8220;En septiembre y octubre es cuando entraremos [&hellip;]<\/p>\n","protected":false},"author":4,"featured_media":100003941,"comment_status":"open","ping_status":"open","sticky":false,"template":"","format":"standard","meta":{"_jetpack_memberships_contains_paid_content":false,"footnotes":""},"categories":[142],"tags":[],"class_list":["post-3941","post","type-post","status-publish","format-standard","has-post-thumbnail","hentry","category-buzznews"],"jetpack_featured_media_url":"https:\/\/www.oidossucios.com\/site\/wp-content\/uploads\/2011\/08\/3941.jpg","yoast_head":"<!-- This site is optimized with the Yoast SEO plugin v14.0.4 - https:\/\/yoast.com\/wordpress\/plugins\/seo\/ -->\n<title>Muse empezar\u00e1 a trabajar un nuevo disco en Septiembre - OidosSucios.Com<\/title>\n<meta name=\"robots\" content=\"index, follow\" \/>\n<meta name=\"googlebot\" content=\"index, follow, max-snippet:-1, max-image-preview:large, max-video-preview:-1\" \/>\n<meta name=\"bingbot\" content=\"index, follow, max-snippet:-1, max-image-preview:large, max-video-preview:-1\" \/>\n<link rel=\"canonical\" href=\"https:\/\/www.oidossucios.com\/site\/muse-empezara-a-trabajar-un-nuevo-disco-en-septiembre\/\" \/>\n<meta property=\"og:locale\" content=\"es_ES\" \/>\n<meta property=\"og:type\" content=\"article\" \/>\n<meta property=\"og:title\" content=\"Muse empezar\u00e1 a trabajar un nuevo disco en Septiembre - OidosSucios.Com\" \/>\n<meta property=\"og:description\" content=\"Muse ha revelado la fecha en que empezar\u00e1n a trabajar en su siguiente \u00e1lbum. En entrevista con BBC Radio 1, Chris Wolstenholme, bajista de la agrupaci\u00f3n inglesa, asegur\u00f3 que ser\u00e1 en septiembre, luego de su presentaci\u00f3n en los festivales Reading y Leeds, que entren al estudio de grabaci\u00f3n. &#8220;En septiembre y octubre es cuando entraremos [&hellip;]\" \/>\n<meta property=\"og:url\" content=\"https:\/\/www.oidossucios.com\/site\/muse-empezara-a-trabajar-un-nuevo-disco-en-septiembre\/\" \/>\n<meta property=\"og:site_name\" content=\"OidosSucios.Com\" \/>\n<meta property=\"article:published_time\" content=\"2011-08-10T17:49:00+00:00\" \/>\n<meta property=\"og:image\" content=\"https:\/\/www.oidossucios.com\/site\/wp-content\/uploads\/2011\/08\/3941.jpg\" \/>\n\t<meta property=\"og:image:width\" content=\"350\" \/>\n\t<meta property=\"og:image:height\" content=\"300\" \/>\n<meta name=\"twitter:card\" content=\"summary_large_image\" \/>\n<meta name=\"twitter:creator\" content=\"@oidossucios\" \/>\n<script type=\"application\/ld+json\" class=\"yoast-schema-graph\">{\"@context\":\"https:\/\/schema.org\",\"@graph\":[{\"@type\":\"WebSite\",\"@id\":\"https:\/\/www.oidossucios.com\/site\/#website\",\"url\":\"https:\/\/www.oidossucios.com\/site\/\",\"name\":\"OidosSucios.Com\",\"description\":\"M\\u00fasica, conciertos, discos\",\"potentialAction\":[{\"@type\":\"SearchAction\",\"target\":\"https:\/\/www.oidossucios.com\/site\/?s={search_term_string}\",\"query-input\":\"required name=search_term_string\"}],\"inLanguage\":\"es\"},{\"@type\":\"ImageObject\",\"@id\":\"https:\/\/www.oidossucios.com\/site\/muse-empezara-a-trabajar-un-nuevo-disco-en-septiembre\/#primaryimage\",\"inLanguage\":\"es\",\"url\":\"https:\/\/www.oidossucios.com\/site\/wp-content\/uploads\/2011\/08\/3941.jpg\",\"width\":350,\"height\":300},{\"@type\":\"WebPage\",\"@id\":\"https:\/\/www.oidossucios.com\/site\/muse-empezara-a-trabajar-un-nuevo-disco-en-septiembre\/#webpage\",\"url\":\"https:\/\/www.oidossucios.com\/site\/muse-empezara-a-trabajar-un-nuevo-disco-en-septiembre\/\",\"name\":\"Muse empezar\\u00e1 a trabajar un nuevo disco en Septiembre - OidosSucios.Com\",\"isPartOf\":{\"@id\":\"https:\/\/www.oidossucios.com\/site\/#website\"},\"primaryImageOfPage\":{\"@id\":\"https:\/\/www.oidossucios.com\/site\/muse-empezara-a-trabajar-un-nuevo-disco-en-septiembre\/#primaryimage\"},\"datePublished\":\"2011-08-10T17:49:00+00:00\",\"dateModified\":\"2011-08-10T17:49:00+00:00\",\"author\":{\"@id\":\"https:\/\/www.oidossucios.com\/site\/#\/schema\/person\/24559eeb76bf83a63296fb072393a688\"},\"inLanguage\":\"es\",\"potentialAction\":[{\"@type\":\"ReadAction\",\"target\":[\"https:\/\/www.oidossucios.com\/site\/muse-empezara-a-trabajar-un-nuevo-disco-en-septiembre\/\"]}]},{\"@type\":[\"Person\"],\"@id\":\"https:\/\/www.oidossucios.com\/site\/#\/schema\/person\/24559eeb76bf83a63296fb072393a688\",\"name\":\"Oidossucios\",\"image\":{\"@type\":\"ImageObject\",\"@id\":\"https:\/\/www.oidossucios.com\/site\/#personlogo\",\"inLanguage\":\"es\",\"url\":\"https:\/\/secure.gravatar.com\/avatar\/74fcb480f42f1a33e50a0b6e6369a3f907be2e43dc84fa5f76c66e9c22b4a5ab?s=96&d=mm&r=g\",\"caption\":\"Oidossucios\"},\"sameAs\":[\"https:\/\/twitter.com\/oidossucios\"]}]}<\/script>\n<!-- \/ Yoast SEO plugin. -->","jetpack_sharing_enabled":true,"_links":{"self":[{"href":"https:\/\/www.oidossucios.com\/site\/wp-json\/wp\/v2\/posts\/3941","targetHints":{"allow":["GET"]}}],"collection":[{"href":"https:\/\/www.oidossucios.com\/site\/wp-json\/wp\/v2\/posts"}],"about":[{"href":"https:\/\/www.oidossucios.com\/site\/wp-json\/wp\/v2\/types\/post"}],"author":[{"embeddable":true,"href":"https:\/\/www.oidossucios.com\/site\/wp-json\/wp\/v2\/users\/4"}],"replies":[{"embeddable":true,"href":"https:\/\/www.oidossucios.com\/site\/wp-json\/wp\/v2\/comments?post=3941"}],"version-history":[{"count":0,"href":"https:\/\/www.oidossucios.com\/site\/wp-json\/wp\/v2\/posts\/3941\/revisions"}],"wp:featuredmedia":[{"embeddable":true,"href":"https:\/\/www.oidossucios.com\/site\/wp-json\/wp\/v2\/media\/100003941"}],"wp:attachment":[{"href":"https:\/\/www.oidossucios.com\/site\/wp-json\/wp\/v2\/media?parent=3941"}],"wp:term":[{"taxonomy":"category","embeddable":true,"href":"https:\/\/www.oidossucios.com\/site\/wp-json\/wp\/v2\/categories?post=3941"},{"taxonomy":"post_tag","embeddable":true,"href":"https:\/\/www.oidossucios.com\/site\/wp-json\/wp\/v2\/tags?post=3941"}],"curies":[{"name":"wp","href":"https:\/\/api.w.org\/{rel}","templated":true}]}}