{"id":3957,"date":"2011-08-12T15:42:00","date_gmt":"2011-08-12T15:42:00","guid":{"rendered":"https:\/\/www.oidossucios.com\/site\/2011\/08\/12\/incautan-un-alijo-de-cocaina-con-la-cara-de-amy-winehouse\/"},"modified":"2020-05-15T14:51:23","modified_gmt":"2020-05-15T18:51:23","slug":"incautan-un-alijo-de-cocaina-con-la-cara-de-amy-winehouse","status":"publish","type":"post","link":"https:\/\/www.oidossucios.com\/site\/incautan-un-alijo-de-cocaina-con-la-cara-de-amy-winehouse\/","title":{"rendered":"Incautan un alijo de coca\u00edna con la cara de Amy Winehouse"},"content":{"rendered":"<p>Por <\/p>\n<p>Fuente: www.rollingstone.es<\/p>\n<p><\/p>\n<p>Esta impactante imagen,&nbsp;<strong>dosis de coca\u00edna en bolsitas y con una foto de Amy Winehouse<\/strong>, es lo que se encontr\u00f3 la polic\u00eda al incautar un alijo de dicha droga esta misma semana, en una favela de R\u00edo de Janeiro (Brasil). El narcotraficante en cuesti\u00f3n, utilizaba la imagen de la<b>&nbsp;<\/b><strong>reci\u00e9n fallecida cantante<\/strong>&nbsp;como reclamo publicitario. &#8220;Seg\u00fan las autoridades brasile\u00f1as,&nbsp;<strong>la imagen de Winehouse se us\u00f3 como una forma de marketing para colocar la coca\u00edna en el mercado<\/strong>&#8220;, informaba ayer (11 de agosto) el diario&nbsp;<i>El Mundo<\/i>. Parece que incluso los <i>camellos<\/i>&nbsp;quieren sacar tajada de la autora de&nbsp;&#8220;Rehab&#8221;<i>.<\/i>&nbsp;<\/p>\n<p><\/p>\n<p>La foto en la galer\u00eda.<\/p>\n<p>&nbsp;<\/p>\n<p><iframe loading=\"lazy\" width=\"560\" height=\"349\" frameborder=\"0\" allowfullscreen=\"\" src=\"http:\/\/www.youtube.com\/embed\/QFhOH2KP-Sw\"><\/iframe><\/p>\n<p><!--nextpage--><img decoding=\"async\" class=\"aligncenter size-medium wp-image-111114470\" src=\"https:\/\/www.oidossucios.com\/site\/wp-content\/uploads\/2020\/02\/4470.jpg\" alt=\"Incautan un alijo de coca\u00edna con la cara de Amy Winehouse\"  \/><a href='https:\/\/www.oidossucios.com\/site\/incautan-un-alijo-de-cocaina-con-la-cara-de-amy-winehouse\/2\/'\n                        onclick='if (tpsInstance) { tpsInstance.setNext(); return false; }'\n                        rel='next'\n                        style=''\n                        class=''>Ver galer\u00eda<\/a>]]><\/p>\n","protected":false},"excerpt":{"rendered":"<p>As\u00ed, con una foto de la fallecida cantante de soul, distribu\u00eda un narcotraficante las dosis de esta droga en R\u00edo de Janeiro. <\/p>\n","protected":false},"author":4,"featured_media":100003957,"comment_status":"open","ping_status":"open","sticky":false,"template":"","format":"standard","meta":{"_jetpack_memberships_contains_paid_content":false,"footnotes":""},"categories":[685],"tags":[524],"class_list":["post-3957","post","type-post","status-publish","format-standard","has-post-thumbnail","hentry","category-ultima","tag-amy-winehouse"],"jetpack_featured_media_url":"https:\/\/www.oidossucios.com\/site\/wp-content\/uploads\/2011\/08\/3957.jpg","yoast_head":"<!-- This site is optimized with the Yoast SEO plugin v14.0.4 - https:\/\/yoast.com\/wordpress\/plugins\/seo\/ -->\n<title>Incautan un alijo de coca\u00edna con la cara de Amy Winehouse - OidosSucios.Com<\/title>\n<meta name=\"description\" content=\"As\u00ed, con una foto de la fallecida cantante de soul, distribu\u00eda un narcotraficante las dosis de esta droga en R\u00edo de Janeiro.\" \/>\n<meta name=\"robots\" content=\"index, follow\" \/>\n<meta name=\"googlebot\" content=\"index, follow, max-snippet:-1, max-image-preview:large, max-video-preview:-1\" \/>\n<meta name=\"bingbot\" content=\"index, follow, max-snippet:-1, max-image-preview:large, max-video-preview:-1\" \/>\n<link rel=\"canonical\" href=\"https:\/\/www.oidossucios.com\/site\/incautan-un-alijo-de-cocaina-con-la-cara-de-amy-winehouse\/\" \/>\n<link rel=\"next\" href=\"https:\/\/www.oidossucios.com\/site\/incautan-un-alijo-de-cocaina-con-la-cara-de-amy-winehouse\/2\/\" \/>\n<meta property=\"og:locale\" content=\"es_ES\" \/>\n<meta property=\"og:type\" content=\"article\" \/>\n<meta property=\"og:title\" content=\"Incautan un alijo de coca\u00edna con la cara de Amy Winehouse - OidosSucios.Com\" \/>\n<meta property=\"og:description\" content=\"As\u00ed, con una foto de la fallecida cantante de soul, distribu\u00eda un narcotraficante las dosis de esta droga en R\u00edo de Janeiro.\" \/>\n<meta property=\"og:url\" content=\"https:\/\/www.oidossucios.com\/site\/incautan-un-alijo-de-cocaina-con-la-cara-de-amy-winehouse\/\" \/>\n<meta property=\"og:site_name\" content=\"OidosSucios.Com\" \/>\n<meta property=\"article:published_time\" content=\"2011-08-12T15:42:00+00:00\" \/>\n<meta property=\"article:modified_time\" content=\"2020-05-15T18:51:23+00:00\" \/>\n<meta property=\"og:image\" content=\"https:\/\/www.oidossucios.com\/site\/wp-content\/uploads\/2011\/08\/3957.jpg\" \/>\n\t<meta property=\"og:image:width\" content=\"350\" \/>\n\t<meta property=\"og:image:height\" content=\"300\" \/>\n<meta name=\"twitter:card\" content=\"summary_large_image\" \/>\n<meta name=\"twitter:creator\" content=\"@oidossucios\" \/>\n<script type=\"application\/ld+json\" class=\"yoast-schema-graph\">{\"@context\":\"https:\/\/schema.org\",\"@graph\":[{\"@type\":\"WebSite\",\"@id\":\"https:\/\/www.oidossucios.com\/site\/#website\",\"url\":\"https:\/\/www.oidossucios.com\/site\/\",\"name\":\"OidosSucios.Com\",\"description\":\"M\\u00fasica, conciertos, discos\",\"potentialAction\":[{\"@type\":\"SearchAction\",\"target\":\"https:\/\/www.oidossucios.com\/site\/?s={search_term_string}\",\"query-input\":\"required name=search_term_string\"}],\"inLanguage\":\"es\"},{\"@type\":\"ImageObject\",\"@id\":\"https:\/\/www.oidossucios.com\/site\/incautan-un-alijo-de-cocaina-con-la-cara-de-amy-winehouse\/#primaryimage\",\"inLanguage\":\"es\",\"url\":\"https:\/\/www.oidossucios.com\/site\/wp-content\/uploads\/2011\/08\/3957.jpg\",\"width\":350,\"height\":300},{\"@type\":\"WebPage\",\"@id\":\"https:\/\/www.oidossucios.com\/site\/incautan-un-alijo-de-cocaina-con-la-cara-de-amy-winehouse\/#webpage\",\"url\":\"https:\/\/www.oidossucios.com\/site\/incautan-un-alijo-de-cocaina-con-la-cara-de-amy-winehouse\/\",\"name\":\"Incautan un alijo de coca\\u00edna con la cara de Amy Winehouse - OidosSucios.Com\",\"isPartOf\":{\"@id\":\"https:\/\/www.oidossucios.com\/site\/#website\"},\"primaryImageOfPage\":{\"@id\":\"https:\/\/www.oidossucios.com\/site\/incautan-un-alijo-de-cocaina-con-la-cara-de-amy-winehouse\/#primaryimage\"},\"datePublished\":\"2011-08-12T15:42:00+00:00\",\"dateModified\":\"2020-05-15T18:51:23+00:00\",\"author\":{\"@id\":\"https:\/\/www.oidossucios.com\/site\/#\/schema\/person\/24559eeb76bf83a63296fb072393a688\"},\"description\":\"As\\u00ed, con una foto de la fallecida cantante de soul, distribu\\u00eda un narcotraficante las dosis de esta droga en R\\u00edo de Janeiro.\",\"inLanguage\":\"es\",\"potentialAction\":[{\"@type\":\"ReadAction\",\"target\":[\"https:\/\/www.oidossucios.com\/site\/incautan-un-alijo-de-cocaina-con-la-cara-de-amy-winehouse\/\"]}]},{\"@type\":[\"Person\"],\"@id\":\"https:\/\/www.oidossucios.com\/site\/#\/schema\/person\/24559eeb76bf83a63296fb072393a688\",\"name\":\"Oidossucios\",\"image\":{\"@type\":\"ImageObject\",\"@id\":\"https:\/\/www.oidossucios.com\/site\/#personlogo\",\"inLanguage\":\"es\",\"url\":\"https:\/\/secure.gravatar.com\/avatar\/74fcb480f42f1a33e50a0b6e6369a3f907be2e43dc84fa5f76c66e9c22b4a5ab?s=96&d=mm&r=g\",\"caption\":\"Oidossucios\"},\"sameAs\":[\"https:\/\/twitter.com\/oidossucios\"]}]}<\/script>\n<!-- \/ Yoast SEO plugin. -->","jetpack_sharing_enabled":true,"_links":{"self":[{"href":"https:\/\/www.oidossucios.com\/site\/wp-json\/wp\/v2\/posts\/3957","targetHints":{"allow":["GET"]}}],"collection":[{"href":"https:\/\/www.oidossucios.com\/site\/wp-json\/wp\/v2\/posts"}],"about":[{"href":"https:\/\/www.oidossucios.com\/site\/wp-json\/wp\/v2\/types\/post"}],"author":[{"embeddable":true,"href":"https:\/\/www.oidossucios.com\/site\/wp-json\/wp\/v2\/users\/4"}],"replies":[{"embeddable":true,"href":"https:\/\/www.oidossucios.com\/site\/wp-json\/wp\/v2\/comments?post=3957"}],"version-history":[{"count":1,"href":"https:\/\/www.oidossucios.com\/site\/wp-json\/wp\/v2\/posts\/3957\/revisions"}],"predecessor-version":[{"id":111116854,"href":"https:\/\/www.oidossucios.com\/site\/wp-json\/wp\/v2\/posts\/3957\/revisions\/111116854"}],"wp:featuredmedia":[{"embeddable":true,"href":"https:\/\/www.oidossucios.com\/site\/wp-json\/wp\/v2\/media\/100003957"}],"wp:attachment":[{"href":"https:\/\/www.oidossucios.com\/site\/wp-json\/wp\/v2\/media?parent=3957"}],"wp:term":[{"taxonomy":"category","embeddable":true,"href":"https:\/\/www.oidossucios.com\/site\/wp-json\/wp\/v2\/categories?post=3957"},{"taxonomy":"post_tag","embeddable":true,"href":"https:\/\/www.oidossucios.com\/site\/wp-json\/wp\/v2\/tags?post=3957"}],"curies":[{"name":"wp","href":"https:\/\/api.w.org\/{rel}","templated":true}]}}