{"id":3965,"date":"2011-08-14T23:39:54","date_gmt":"2011-08-14T23:39:54","guid":{"rendered":"https:\/\/www.oidossucios.com\/site\/2011\/08\/14\/comunicado-sobre-la-exclusion-de-arkangel-del-gillmanfest\/"},"modified":"2011-08-14T23:39:54","modified_gmt":"2011-08-14T23:39:54","slug":"comunicado-sobre-la-exclusion-de-arkangel-del-gillmanfest","status":"publish","type":"post","link":"https:\/\/www.oidossucios.com\/site\/comunicado-sobre-la-exclusion-de-arkangel-del-gillmanfest\/","title":{"rendered":"Comunicado sobre la exclusi\u00f3n de Arkangel del Gillmanfest"},"content":{"rendered":"<p class=\"MsoNormal\" style=\"text-align:justify\"><span style=\"font-family:&quot;Verdana&quot;,&quot;sans-serif&quot;\">Hola queridos amigos! Despu\u00e9s de leer los anuncios oficiales de la banda <b>ARKANGEL<\/b> emitidos esta ma\u00f1ana del 13 de Agosto, no tenemos otro remedio que ofrecer una explicaci\u00f3n al respecto. <o:p><\/o:p><\/span><\/p>\n<p class=\"MsoNormal\" style=\"text-align:justify\"><span style=\"font-family:&quot;Verdana&quot;,&quot;sans-serif&quot;\">&#8220;La leyendas del Rock Nacional, <b>ARKANGEL<\/b>, no se presentar\u00e1n ma\u00f1ana 14 de Agosto en el <b>Gillmanfest Caracas<\/b>. Pedimos sinceras disculpas a la banda y a toda la escena nacional, pero lamentablemente <b>Aleindigo Producciones<\/b> es una empresa humilde que est\u00e1 creciendo y no estamos en capacidad de cubrir los requerimientos excesivos y lujosos que solicita la banda <b>ARKANGEL<\/b>, nunca hab\u00edamos recibido por ninguna banda nacional semejantes exigencias, como lo son honorarios de 16 millones de bol\u00edvares (<i>de los viejos<\/i>), equipos In Ears (<i>inal\u00e1mbricos<\/i>), Kits de Bater\u00edas exclusivos, botellas de Whisky importado (<i>Swing<\/i>), varias cajas de Cervezas de distintas marcas y como si fuera poco todo esto, exigen que no haya un solo cable en tarima (<i>lo que requiere una nueva contrataci\u00f3n de equipamiento para el sonido que dista mucho del concepto solidario de los Gillmanfest<\/i>). <b>Aleindigo Producciones<\/b> apoya incesantemente al <b>ROCK NACIONAL<\/b>, pruebas diarias existen, donde la mayor\u00eda de nuestras producciones ofrecen dos conciertos al precio de uno, por citar alg\u00fan ejemplo de nuestras promociones, que se basan todas en ofrecer los mejores beneficios y valores agregados para todos ustedes, a la hora de asistir a los eventos musicales que tenemos a bien producir. <o:p><\/o:p><\/span><\/p>\n<p class=\"MsoNormal\" style=\"text-align:justify\"><span style=\"font-family:&quot;Verdana&quot;,&quot;sans-serif&quot;\">Lo que nunca apoyar\u00e1 <b>Aleindigo Producciones<\/b> es el &#8220;<i>Divismo<\/i>&#8220;. El Rock que promovemos y queremos es otra cosa. Las premisas culturales de un <b>Gillmanfest<\/b> y de nuestros shows, nada tienen que ver con &#8220;<i>millones<\/i>&#8220;, &#8220;<i>glamour<\/i>&#8220;, &#8220;<i>estrellato<\/i>&#8221; y menos con &#8220;<i>alcohol<\/i>&#8220;. Claro que el <b>Rock Nacional<\/b> &#8220;<b>se respeta<\/b>&#8221; siempre lo hemos respetado. Gente de <b>ARKANGEL<\/b>, d\u00f3nde est\u00e1 el respeto por el <b>Rock Nacional<\/b> que ustedes profesan? Lo que \u00e9sta agrupaci\u00f3n exige para presentarse en una tarima de su pa\u00eds, no tiene ninguna v\u00ednculo con la bandera del verdadero <b>RN<\/b>.<o:p><\/o:p><\/span><\/p>\n<p class=\"MsoNormal\" style=\"text-align:justify\"><b><span style=\"font-family:&quot;Verdana&quot;,&quot;sans-serif&quot;\">ARKANGEL<\/span><\/b><span style=\"font-family:&quot;Verdana&quot;,&quot;sans-serif&quot;\"> se ha negado a presentarse en el <b>Gillmanfest Caracas de este 14 de Agosto<\/b>, por lo que <b>Aleindigo Producciones<\/b> anuncia la inclusi\u00f3n de la excelente banda caraque\u00f1a <b>MASKHERA<\/b> (<i>Groove Thrash Metal<\/i>), como nuevo integrante del cartel junto a los <b>Dischord, Dissonath y Ashes<\/b>. <b>TESTAMENT<\/b> ya est\u00e1 llegando a Venezuela y en las taquillas del teatro conseguir\u00e1s las entradas por solo tu colaboraci\u00f3n de <b>Bs.100<\/b>. <o:p><\/o:p><\/span><\/p>\n<p class=\"MsoNormal\" style=\"text-align:justify\"><b><i><span style=\"font-family:&quot;Verdana&quot;,&quot;sans-serif&quot;\">El Gillmanfest pisa Caracas por primera vez y ser\u00e1 inolvidable. Nos vemos ma\u00f1ana amigos!<o:p><\/o:p><\/span><\/i><\/b><\/p>\n","protected":false},"excerpt":{"rendered":"<p>Enviado por Aleindigo hoy.<\/p>\n","protected":false},"author":4,"featured_media":0,"comment_status":"open","ping_status":"open","sticky":false,"template":"","format":"standard","meta":{"_jetpack_memberships_contains_paid_content":false,"footnotes":""},"categories":[142],"tags":[],"class_list":["post-3965","post","type-post","status-publish","format-standard","hentry","category-buzznews"],"jetpack_featured_media_url":"","yoast_head":"<!-- This site is optimized with the Yoast SEO plugin v14.0.4 - https:\/\/yoast.com\/wordpress\/plugins\/seo\/ -->\n<title>Comunicado sobre la exclusi\u00f3n de Arkangel del Gillmanfest - OidosSucios.Com<\/title>\n<meta name=\"description\" content=\"Enviado por Aleindigo hoy.\" \/>\n<meta name=\"robots\" content=\"index, follow\" \/>\n<meta name=\"googlebot\" content=\"index, follow, max-snippet:-1, max-image-preview:large, max-video-preview:-1\" \/>\n<meta name=\"bingbot\" content=\"index, follow, max-snippet:-1, max-image-preview:large, max-video-preview:-1\" \/>\n<link rel=\"canonical\" href=\"https:\/\/www.oidossucios.com\/site\/comunicado-sobre-la-exclusion-de-arkangel-del-gillmanfest\/\" \/>\n<meta property=\"og:locale\" content=\"es_ES\" \/>\n<meta property=\"og:type\" content=\"article\" \/>\n<meta property=\"og:title\" content=\"Comunicado sobre la exclusi\u00f3n de Arkangel del Gillmanfest - OidosSucios.Com\" \/>\n<meta property=\"og:description\" content=\"Enviado por Aleindigo hoy.\" \/>\n<meta property=\"og:url\" content=\"https:\/\/www.oidossucios.com\/site\/comunicado-sobre-la-exclusion-de-arkangel-del-gillmanfest\/\" \/>\n<meta property=\"og:site_name\" content=\"OidosSucios.Com\" \/>\n<meta property=\"article:published_time\" content=\"2011-08-14T23:39:54+00:00\" \/>\n<meta name=\"twitter:card\" content=\"summary_large_image\" \/>\n<meta name=\"twitter:creator\" content=\"@oidossucios\" \/>\n<script type=\"application\/ld+json\" class=\"yoast-schema-graph\">{\"@context\":\"https:\/\/schema.org\",\"@graph\":[{\"@type\":\"WebSite\",\"@id\":\"https:\/\/www.oidossucios.com\/site\/#website\",\"url\":\"https:\/\/www.oidossucios.com\/site\/\",\"name\":\"OidosSucios.Com\",\"description\":\"M\\u00fasica, conciertos, discos\",\"potentialAction\":[{\"@type\":\"SearchAction\",\"target\":\"https:\/\/www.oidossucios.com\/site\/?s={search_term_string}\",\"query-input\":\"required name=search_term_string\"}],\"inLanguage\":\"es\"},{\"@type\":\"WebPage\",\"@id\":\"https:\/\/www.oidossucios.com\/site\/comunicado-sobre-la-exclusion-de-arkangel-del-gillmanfest\/#webpage\",\"url\":\"https:\/\/www.oidossucios.com\/site\/comunicado-sobre-la-exclusion-de-arkangel-del-gillmanfest\/\",\"name\":\"Comunicado sobre la exclusi\\u00f3n de Arkangel del Gillmanfest - OidosSucios.Com\",\"isPartOf\":{\"@id\":\"https:\/\/www.oidossucios.com\/site\/#website\"},\"datePublished\":\"2011-08-14T23:39:54+00:00\",\"dateModified\":\"2011-08-14T23:39:54+00:00\",\"author\":{\"@id\":\"https:\/\/www.oidossucios.com\/site\/#\/schema\/person\/24559eeb76bf83a63296fb072393a688\"},\"description\":\"Enviado por Aleindigo hoy.\",\"inLanguage\":\"es\",\"potentialAction\":[{\"@type\":\"ReadAction\",\"target\":[\"https:\/\/www.oidossucios.com\/site\/comunicado-sobre-la-exclusion-de-arkangel-del-gillmanfest\/\"]}]},{\"@type\":[\"Person\"],\"@id\":\"https:\/\/www.oidossucios.com\/site\/#\/schema\/person\/24559eeb76bf83a63296fb072393a688\",\"name\":\"Oidossucios\",\"image\":{\"@type\":\"ImageObject\",\"@id\":\"https:\/\/www.oidossucios.com\/site\/#personlogo\",\"inLanguage\":\"es\",\"url\":\"https:\/\/secure.gravatar.com\/avatar\/74fcb480f42f1a33e50a0b6e6369a3f907be2e43dc84fa5f76c66e9c22b4a5ab?s=96&d=mm&r=g\",\"caption\":\"Oidossucios\"},\"sameAs\":[\"https:\/\/twitter.com\/oidossucios\"]}]}<\/script>\n<!-- \/ Yoast SEO plugin. -->","jetpack_sharing_enabled":true,"_links":{"self":[{"href":"https:\/\/www.oidossucios.com\/site\/wp-json\/wp\/v2\/posts\/3965","targetHints":{"allow":["GET"]}}],"collection":[{"href":"https:\/\/www.oidossucios.com\/site\/wp-json\/wp\/v2\/posts"}],"about":[{"href":"https:\/\/www.oidossucios.com\/site\/wp-json\/wp\/v2\/types\/post"}],"author":[{"embeddable":true,"href":"https:\/\/www.oidossucios.com\/site\/wp-json\/wp\/v2\/users\/4"}],"replies":[{"embeddable":true,"href":"https:\/\/www.oidossucios.com\/site\/wp-json\/wp\/v2\/comments?post=3965"}],"version-history":[{"count":0,"href":"https:\/\/www.oidossucios.com\/site\/wp-json\/wp\/v2\/posts\/3965\/revisions"}],"wp:attachment":[{"href":"https:\/\/www.oidossucios.com\/site\/wp-json\/wp\/v2\/media?parent=3965"}],"wp:term":[{"taxonomy":"category","embeddable":true,"href":"https:\/\/www.oidossucios.com\/site\/wp-json\/wp\/v2\/categories?post=3965"},{"taxonomy":"post_tag","embeddable":true,"href":"https:\/\/www.oidossucios.com\/site\/wp-json\/wp\/v2\/tags?post=3965"}],"curies":[{"name":"wp","href":"https:\/\/api.w.org\/{rel}","templated":true}]}}