{"id":3968,"date":"2011-08-15T16:16:00","date_gmt":"2011-08-15T16:16:00","guid":{"rendered":"https:\/\/www.oidossucios.com\/site\/2011\/08\/15\/sum-41-cancela-gira-por-problemas-de-salud-de-su-cantante\/"},"modified":"2011-08-15T16:16:00","modified_gmt":"2011-08-15T16:16:00","slug":"sum-41-cancela-gira-por-problemas-de-salud-de-su-cantante","status":"publish","type":"post","link":"https:\/\/www.oidossucios.com\/site\/sum-41-cancela-gira-por-problemas-de-salud-de-su-cantante\/","title":{"rendered":"Sum 41 cancela gira por problemas de salud de su cantante"},"content":{"rendered":"\n<p>La banda canadiense de pop punk, Sum 41 se ha visto obligada a cancelar el resto de sus fechas en el Warped Tour, as\u00ed como su gira por Canad\u00e1, debido a dolores en la espalda de su vocalista, Deryck Whibley.<\/p>\n<p><\/p>\n<p>A trav\u00e9s de su p\u00e1gina oficial en&nbsp;<a target=\"_blank\" href=\"http:\/\/www.facebook.com\/Sum41\" rel=\"noopener noreferrer\">Facebook<\/a>, publicaron el siguiente comunicado:<\/p>\n<p><\/p>\n<p>&#8220;Durante el show de ayer en Boise, Deryck sufri\u00f3 una lesi\u00f3n en la espalda y nos hemos visto obligados a cancelar las fechas restantes del Warped Tour, y la gira por Canad\u00e1 que le segu\u00eda.<\/p>\n<p><\/p>\n<p>Odiamos cancelar shows, pero el bienestar de Deryck es nuestra m\u00e1xima prioridad y lo mejor por hacer es darle tiempo para sanar.<\/p>\n<p><\/p>\n<p>Gracias por su comprensi\u00f3n. Deseamos a Deryck una pronta recuperaci\u00f3n y esperamos pronto estar en el camino de vuelta.<\/p>\n<p><\/p>\n<p>Gracias,<\/p>\n<p><\/p>\n<p>The Sums&#8221;<\/p>\n<p><\/p>\n<p>Hasta ahora no hay informaci\u00f3n si estas cancelaciones, afectan la gira latinoamericana, que incluye presentaciones en M\u00e9xico, Chile, Brasil y Argentina. Seguiremos informando.&nbsp;<\/p>\n<p><\/p>\n<p>Fuente: www.warp.la&nbsp;<\/p>\n","protected":false},"excerpt":{"rendered":"<p>La banda canadiense de pop punk, Sum 41 se ha visto obligada a cancelar el resto de sus fechas en el Warped Tour, as\u00ed como su gira por Canad\u00e1, debido a dolores en la espalda de su vocalista, Deryck Whibley. A trav\u00e9s de su p\u00e1gina oficial en&nbsp;Facebook, publicaron el siguiente comunicado: &#8220;Durante el show de [&hellip;]<\/p>\n","protected":false},"author":4,"featured_media":100003968,"comment_status":"open","ping_status":"open","sticky":false,"template":"","format":"standard","meta":{"_jetpack_memberships_contains_paid_content":false,"footnotes":""},"categories":[142],"tags":[],"class_list":["post-3968","post","type-post","status-publish","format-standard","has-post-thumbnail","hentry","category-buzznews"],"jetpack_featured_media_url":"https:\/\/www.oidossucios.com\/site\/wp-content\/uploads\/2011\/08\/3968.jpg","yoast_head":"<!-- This site is optimized with the Yoast SEO plugin v14.0.4 - https:\/\/yoast.com\/wordpress\/plugins\/seo\/ -->\n<title>Sum 41 cancela gira por problemas de salud de su cantante - OidosSucios.Com<\/title>\n<meta name=\"robots\" content=\"index, follow\" \/>\n<meta name=\"googlebot\" content=\"index, follow, max-snippet:-1, max-image-preview:large, max-video-preview:-1\" \/>\n<meta name=\"bingbot\" content=\"index, follow, max-snippet:-1, max-image-preview:large, max-video-preview:-1\" \/>\n<link rel=\"canonical\" href=\"https:\/\/www.oidossucios.com\/site\/sum-41-cancela-gira-por-problemas-de-salud-de-su-cantante\/\" \/>\n<meta property=\"og:locale\" content=\"es_ES\" \/>\n<meta property=\"og:type\" content=\"article\" \/>\n<meta property=\"og:title\" content=\"Sum 41 cancela gira por problemas de salud de su cantante - OidosSucios.Com\" \/>\n<meta property=\"og:description\" content=\"La banda canadiense de pop punk, Sum 41 se ha visto obligada a cancelar el resto de sus fechas en el Warped Tour, as\u00ed como su gira por Canad\u00e1, debido a dolores en la espalda de su vocalista, Deryck Whibley. A trav\u00e9s de su p\u00e1gina oficial en&nbsp;Facebook, publicaron el siguiente comunicado: &#8220;Durante el show de [&hellip;]\" \/>\n<meta property=\"og:url\" content=\"https:\/\/www.oidossucios.com\/site\/sum-41-cancela-gira-por-problemas-de-salud-de-su-cantante\/\" \/>\n<meta property=\"og:site_name\" content=\"OidosSucios.Com\" \/>\n<meta property=\"article:published_time\" content=\"2011-08-15T16:16:00+00:00\" \/>\n<meta property=\"og:image\" content=\"https:\/\/www.oidossucios.com\/site\/wp-content\/uploads\/2011\/08\/3968.jpg\" \/>\n\t<meta property=\"og:image:width\" content=\"350\" \/>\n\t<meta property=\"og:image:height\" content=\"300\" \/>\n<meta name=\"twitter:card\" content=\"summary_large_image\" \/>\n<meta name=\"twitter:creator\" content=\"@oidossucios\" \/>\n<script type=\"application\/ld+json\" class=\"yoast-schema-graph\">{\"@context\":\"https:\/\/schema.org\",\"@graph\":[{\"@type\":\"WebSite\",\"@id\":\"https:\/\/www.oidossucios.com\/site\/#website\",\"url\":\"https:\/\/www.oidossucios.com\/site\/\",\"name\":\"OidosSucios.Com\",\"description\":\"M\\u00fasica, conciertos, discos\",\"potentialAction\":[{\"@type\":\"SearchAction\",\"target\":\"https:\/\/www.oidossucios.com\/site\/?s={search_term_string}\",\"query-input\":\"required name=search_term_string\"}],\"inLanguage\":\"es\"},{\"@type\":\"ImageObject\",\"@id\":\"https:\/\/www.oidossucios.com\/site\/sum-41-cancela-gira-por-problemas-de-salud-de-su-cantante\/#primaryimage\",\"inLanguage\":\"es\",\"url\":\"https:\/\/www.oidossucios.com\/site\/wp-content\/uploads\/2011\/08\/3968.jpg\",\"width\":350,\"height\":300},{\"@type\":\"WebPage\",\"@id\":\"https:\/\/www.oidossucios.com\/site\/sum-41-cancela-gira-por-problemas-de-salud-de-su-cantante\/#webpage\",\"url\":\"https:\/\/www.oidossucios.com\/site\/sum-41-cancela-gira-por-problemas-de-salud-de-su-cantante\/\",\"name\":\"Sum 41 cancela gira por problemas de salud de su cantante - OidosSucios.Com\",\"isPartOf\":{\"@id\":\"https:\/\/www.oidossucios.com\/site\/#website\"},\"primaryImageOfPage\":{\"@id\":\"https:\/\/www.oidossucios.com\/site\/sum-41-cancela-gira-por-problemas-de-salud-de-su-cantante\/#primaryimage\"},\"datePublished\":\"2011-08-15T16:16:00+00:00\",\"dateModified\":\"2011-08-15T16:16:00+00:00\",\"author\":{\"@id\":\"https:\/\/www.oidossucios.com\/site\/#\/schema\/person\/24559eeb76bf83a63296fb072393a688\"},\"inLanguage\":\"es\",\"potentialAction\":[{\"@type\":\"ReadAction\",\"target\":[\"https:\/\/www.oidossucios.com\/site\/sum-41-cancela-gira-por-problemas-de-salud-de-su-cantante\/\"]}]},{\"@type\":[\"Person\"],\"@id\":\"https:\/\/www.oidossucios.com\/site\/#\/schema\/person\/24559eeb76bf83a63296fb072393a688\",\"name\":\"Oidossucios\",\"image\":{\"@type\":\"ImageObject\",\"@id\":\"https:\/\/www.oidossucios.com\/site\/#personlogo\",\"inLanguage\":\"es\",\"url\":\"https:\/\/secure.gravatar.com\/avatar\/74fcb480f42f1a33e50a0b6e6369a3f907be2e43dc84fa5f76c66e9c22b4a5ab?s=96&d=mm&r=g\",\"caption\":\"Oidossucios\"},\"sameAs\":[\"https:\/\/twitter.com\/oidossucios\"]}]}<\/script>\n<!-- \/ Yoast SEO plugin. -->","jetpack_sharing_enabled":true,"_links":{"self":[{"href":"https:\/\/www.oidossucios.com\/site\/wp-json\/wp\/v2\/posts\/3968","targetHints":{"allow":["GET"]}}],"collection":[{"href":"https:\/\/www.oidossucios.com\/site\/wp-json\/wp\/v2\/posts"}],"about":[{"href":"https:\/\/www.oidossucios.com\/site\/wp-json\/wp\/v2\/types\/post"}],"author":[{"embeddable":true,"href":"https:\/\/www.oidossucios.com\/site\/wp-json\/wp\/v2\/users\/4"}],"replies":[{"embeddable":true,"href":"https:\/\/www.oidossucios.com\/site\/wp-json\/wp\/v2\/comments?post=3968"}],"version-history":[{"count":0,"href":"https:\/\/www.oidossucios.com\/site\/wp-json\/wp\/v2\/posts\/3968\/revisions"}],"wp:featuredmedia":[{"embeddable":true,"href":"https:\/\/www.oidossucios.com\/site\/wp-json\/wp\/v2\/media\/100003968"}],"wp:attachment":[{"href":"https:\/\/www.oidossucios.com\/site\/wp-json\/wp\/v2\/media?parent=3968"}],"wp:term":[{"taxonomy":"category","embeddable":true,"href":"https:\/\/www.oidossucios.com\/site\/wp-json\/wp\/v2\/categories?post=3968"},{"taxonomy":"post_tag","embeddable":true,"href":"https:\/\/www.oidossucios.com\/site\/wp-json\/wp\/v2\/tags?post=3968"}],"curies":[{"name":"wp","href":"https:\/\/api.w.org\/{rel}","templated":true}]}}