{"id":3995,"date":"2011-08-18T17:51:00","date_gmt":"2011-08-18T17:51:00","guid":{"rendered":"https:\/\/www.oidossucios.com\/site\/2011\/08\/18\/the-misfits-regresan-con-un-nuevo-disco\/"},"modified":"2011-08-18T17:51:00","modified_gmt":"2011-08-18T17:51:00","slug":"the-misfits-regresan-con-un-nuevo-disco","status":"publish","type":"post","link":"https:\/\/www.oidossucios.com\/site\/the-misfits-regresan-con-un-nuevo-disco\/","title":{"rendered":"The Misfits regresan con un nuevo disco"},"content":{"rendered":"\n<p>The Misfits han revelado la portada y el listado de canciones que figuraran en su nuevo trabajo titulado <i>The Devil\u00b4s Rain<\/i> a la venta en octubre. Comandados por el miembro fundador, Jerry Only, The Misfits resucita con una nueva alineaci\u00f3n conformada por Dez Cadena y Eric &#8220;Goat&#8221; Arce. Este nuevo disco, producido por Ed Stasium, ver\u00e1 luz simult\u00e1neamente con el inicio de la gira americana de la banda, el 23 de Septiembre. La portada del disco en la galer\u00eda.<\/p>\n<p><\/p>\n<p>Aqu\u00ed el tracklist:<\/p>\n<p>01. The Devil\u00b4s Rain<br \/>02. Vivid Red<br \/>03. Land Of The Dead (album version)<br \/>04. The Black Hole<br \/>05. Twilight of the Dead (album version)<br \/>06. Curse of the Mummy\u00b4s Hand<br \/>07. Cold In Hell<br \/>08. Unexplained<br \/>09. Dark Shadows<br \/>10. Father<br \/>11. Jack The Ripper<br \/>12. Monkey\u00b4s Paw<br \/>13. Where Do They Go?<br \/>14. Sleepwalking<br \/>15. Ghost Of Frankenstein<br \/>16. Death Ray<\/p>\n<p><!--nextpage--><img decoding=\"async\" class=\"aligncenter size-medium wp-image-111114498\" src=\"https:\/\/www.oidossucios.com\/site\/wp-content\/uploads\/2020\/02\/4498.jpg\" alt=\"The Misfits regresan con un nuevo disco\"  \/><a href='https:\/\/www.oidossucios.com\/site\/the-misfits-regresan-con-un-nuevo-disco\/2\/'\n                        onclick='if (tpsInstance) { tpsInstance.setNext(); return false; }'\n                        rel='next'\n                        style=''\n                        class=''>Ver galer\u00eda<\/a>]]><\/p>\n","protected":false},"excerpt":{"rendered":"<p>The Misfits han revelado la portada y el listado de canciones que figuraran en su nuevo trabajo titulado The Devil\u00b4s Rain a la venta en octubre. Comandados por el miembro fundador, Jerry Only, The Misfits resucita con una nueva alineaci\u00f3n conformada por Dez Cadena y Eric &#8220;Goat&#8221; Arce. Este nuevo disco, producido por Ed Stasium, [&hellip;]<\/p>\n","protected":false},"author":4,"featured_media":100003995,"comment_status":"open","ping_status":"open","sticky":false,"template":"","format":"standard","meta":{"_jetpack_memberships_contains_paid_content":false,"footnotes":""},"categories":[142],"tags":[],"class_list":["post-3995","post","type-post","status-publish","format-standard","has-post-thumbnail","hentry","category-buzznews"],"jetpack_featured_media_url":"https:\/\/www.oidossucios.com\/site\/wp-content\/uploads\/2011\/08\/3995.jpg","yoast_head":"<!-- This site is optimized with the Yoast SEO plugin v14.0.4 - https:\/\/yoast.com\/wordpress\/plugins\/seo\/ -->\n<title>The Misfits regresan con un nuevo disco - OidosSucios.Com<\/title>\n<meta name=\"robots\" content=\"index, follow\" \/>\n<meta name=\"googlebot\" content=\"index, follow, max-snippet:-1, max-image-preview:large, max-video-preview:-1\" \/>\n<meta name=\"bingbot\" content=\"index, follow, max-snippet:-1, max-image-preview:large, max-video-preview:-1\" \/>\n<link rel=\"canonical\" href=\"https:\/\/www.oidossucios.com\/site\/the-misfits-regresan-con-un-nuevo-disco\/\" \/>\n<link rel=\"next\" href=\"https:\/\/www.oidossucios.com\/site\/the-misfits-regresan-con-un-nuevo-disco\/2\/\" \/>\n<meta property=\"og:locale\" content=\"es_ES\" \/>\n<meta property=\"og:type\" content=\"article\" \/>\n<meta property=\"og:title\" content=\"The Misfits regresan con un nuevo disco - OidosSucios.Com\" \/>\n<meta property=\"og:description\" content=\"The Misfits han revelado la portada y el listado de canciones que figuraran en su nuevo trabajo titulado The Devil\u00b4s Rain a la venta en octubre. Comandados por el miembro fundador, Jerry Only, The Misfits resucita con una nueva alineaci\u00f3n conformada por Dez Cadena y Eric &#8220;Goat&#8221; Arce. Este nuevo disco, producido por Ed Stasium, [&hellip;]\" \/>\n<meta property=\"og:url\" content=\"https:\/\/www.oidossucios.com\/site\/the-misfits-regresan-con-un-nuevo-disco\/\" \/>\n<meta property=\"og:site_name\" content=\"OidosSucios.Com\" \/>\n<meta property=\"article:published_time\" content=\"2011-08-18T17:51:00+00:00\" \/>\n<meta property=\"og:image\" content=\"https:\/\/www.oidossucios.com\/site\/wp-content\/uploads\/2011\/08\/3995.jpg\" \/>\n\t<meta property=\"og:image:width\" content=\"350\" \/>\n\t<meta property=\"og:image:height\" content=\"300\" \/>\n<meta name=\"twitter:card\" content=\"summary_large_image\" \/>\n<meta name=\"twitter:creator\" content=\"@oidossucios\" \/>\n<script type=\"application\/ld+json\" class=\"yoast-schema-graph\">{\"@context\":\"https:\/\/schema.org\",\"@graph\":[{\"@type\":\"WebSite\",\"@id\":\"https:\/\/www.oidossucios.com\/site\/#website\",\"url\":\"https:\/\/www.oidossucios.com\/site\/\",\"name\":\"OidosSucios.Com\",\"description\":\"M\\u00fasica, conciertos, discos\",\"potentialAction\":[{\"@type\":\"SearchAction\",\"target\":\"https:\/\/www.oidossucios.com\/site\/?s={search_term_string}\",\"query-input\":\"required name=search_term_string\"}],\"inLanguage\":\"es\"},{\"@type\":\"ImageObject\",\"@id\":\"https:\/\/www.oidossucios.com\/site\/the-misfits-regresan-con-un-nuevo-disco\/#primaryimage\",\"inLanguage\":\"es\",\"url\":\"https:\/\/www.oidossucios.com\/site\/wp-content\/uploads\/2011\/08\/3995.jpg\",\"width\":350,\"height\":300},{\"@type\":\"WebPage\",\"@id\":\"https:\/\/www.oidossucios.com\/site\/the-misfits-regresan-con-un-nuevo-disco\/#webpage\",\"url\":\"https:\/\/www.oidossucios.com\/site\/the-misfits-regresan-con-un-nuevo-disco\/\",\"name\":\"The Misfits regresan con un nuevo disco - OidosSucios.Com\",\"isPartOf\":{\"@id\":\"https:\/\/www.oidossucios.com\/site\/#website\"},\"primaryImageOfPage\":{\"@id\":\"https:\/\/www.oidossucios.com\/site\/the-misfits-regresan-con-un-nuevo-disco\/#primaryimage\"},\"datePublished\":\"2011-08-18T17:51:00+00:00\",\"dateModified\":\"2011-08-18T17:51:00+00:00\",\"author\":{\"@id\":\"https:\/\/www.oidossucios.com\/site\/#\/schema\/person\/24559eeb76bf83a63296fb072393a688\"},\"inLanguage\":\"es\",\"potentialAction\":[{\"@type\":\"ReadAction\",\"target\":[\"https:\/\/www.oidossucios.com\/site\/the-misfits-regresan-con-un-nuevo-disco\/\"]}]},{\"@type\":[\"Person\"],\"@id\":\"https:\/\/www.oidossucios.com\/site\/#\/schema\/person\/24559eeb76bf83a63296fb072393a688\",\"name\":\"Oidossucios\",\"image\":{\"@type\":\"ImageObject\",\"@id\":\"https:\/\/www.oidossucios.com\/site\/#personlogo\",\"inLanguage\":\"es\",\"url\":\"https:\/\/secure.gravatar.com\/avatar\/74fcb480f42f1a33e50a0b6e6369a3f907be2e43dc84fa5f76c66e9c22b4a5ab?s=96&d=mm&r=g\",\"caption\":\"Oidossucios\"},\"sameAs\":[\"https:\/\/twitter.com\/oidossucios\"]}]}<\/script>\n<!-- \/ Yoast SEO plugin. -->","jetpack_sharing_enabled":true,"_links":{"self":[{"href":"https:\/\/www.oidossucios.com\/site\/wp-json\/wp\/v2\/posts\/3995","targetHints":{"allow":["GET"]}}],"collection":[{"href":"https:\/\/www.oidossucios.com\/site\/wp-json\/wp\/v2\/posts"}],"about":[{"href":"https:\/\/www.oidossucios.com\/site\/wp-json\/wp\/v2\/types\/post"}],"author":[{"embeddable":true,"href":"https:\/\/www.oidossucios.com\/site\/wp-json\/wp\/v2\/users\/4"}],"replies":[{"embeddable":true,"href":"https:\/\/www.oidossucios.com\/site\/wp-json\/wp\/v2\/comments?post=3995"}],"version-history":[{"count":0,"href":"https:\/\/www.oidossucios.com\/site\/wp-json\/wp\/v2\/posts\/3995\/revisions"}],"wp:featuredmedia":[{"embeddable":true,"href":"https:\/\/www.oidossucios.com\/site\/wp-json\/wp\/v2\/media\/100003995"}],"wp:attachment":[{"href":"https:\/\/www.oidossucios.com\/site\/wp-json\/wp\/v2\/media?parent=3995"}],"wp:term":[{"taxonomy":"category","embeddable":true,"href":"https:\/\/www.oidossucios.com\/site\/wp-json\/wp\/v2\/categories?post=3995"},{"taxonomy":"post_tag","embeddable":true,"href":"https:\/\/www.oidossucios.com\/site\/wp-json\/wp\/v2\/tags?post=3995"}],"curies":[{"name":"wp","href":"https:\/\/api.w.org\/{rel}","templated":true}]}}