{"id":4017,"date":"2011-08-23T06:27:00","date_gmt":"2011-08-23T06:27:00","guid":{"rendered":"https:\/\/www.oidossucios.com\/site\/2011\/08\/23\/my-chemical-romance-regresa-a-los-estudios-este-mismo-ano\/"},"modified":"2011-08-23T06:27:00","modified_gmt":"2011-08-23T06:27:00","slug":"my-chemical-romance-regresa-a-los-estudios-este-mismo-ano","status":"publish","type":"post","link":"https:\/\/www.oidossucios.com\/site\/my-chemical-romance-regresa-a-los-estudios-este-mismo-ano\/","title":{"rendered":"My Chemical Romance regresa a los estudios este mismo a\u00f1o"},"content":{"rendered":"\n<p>Seg\u00fan algunos informes la banda de New Jersey, My Chemical Romance regresara en oto\u00f1o al estudio de grabaci\u00f3n, para la producci\u00f3n de su quinto \u00e1lbum y sucesor de <i>Danger Days \u0096 The True Lives Of The Fabulous Killjoys<\/i>.<\/p>\n<p><\/p>\n<p>De acuerdo al sitio&nbsp;<a target=\"_blank\" href=\"http:\/\/absolutepunk.net\/showthread.php?t=2408852\" rel=\"noopener noreferrer\">Absolute Punk<\/a>, el l\u00edder de la agrupaci\u00f3n Gerard Way comento desde el escenario en Chicago, el s\u00e1bado pasado por la noche (20 de agosto) que la banda volver\u00e1 a los estudios de grabaci\u00f3n tan pronto terminen sus compromisos de gira.<\/p>\n<p><\/p>\n<p>My Chemical Romance encabeza el cartel de los festivales, Reading y Leeds y comparten el escenario con Blink-182 en una gira por Norteam\u00e9rica.<\/p>\n<p><\/p>\n<p>&nbsp;<\/p>\n<p>Fuente: www.warp.la<\/p>\n","protected":false},"excerpt":{"rendered":"<p>Seg\u00fan algunos informes la banda de New Jersey, My Chemical Romance regresara en oto\u00f1o al estudio de grabaci\u00f3n, para la producci\u00f3n de su quinto \u00e1lbum y sucesor de Danger Days \u0096 The True Lives Of The Fabulous Killjoys. De acuerdo al sitio&nbsp;Absolute Punk, el l\u00edder de la agrupaci\u00f3n Gerard Way comento desde el escenario en [&hellip;]<\/p>\n","protected":false},"author":4,"featured_media":100004017,"comment_status":"open","ping_status":"open","sticky":false,"template":"","format":"standard","meta":{"_jetpack_memberships_contains_paid_content":false,"footnotes":""},"categories":[142],"tags":[],"class_list":["post-4017","post","type-post","status-publish","format-standard","has-post-thumbnail","hentry","category-buzznews"],"jetpack_featured_media_url":"https:\/\/www.oidossucios.com\/site\/wp-content\/uploads\/2011\/08\/4017.jpg","yoast_head":"<!-- This site is optimized with the Yoast SEO plugin v14.0.4 - https:\/\/yoast.com\/wordpress\/plugins\/seo\/ -->\n<title>My Chemical Romance regresa a los estudios este mismo a\u00f1o - OidosSucios.Com<\/title>\n<meta name=\"robots\" content=\"index, follow\" \/>\n<meta name=\"googlebot\" content=\"index, follow, max-snippet:-1, max-image-preview:large, max-video-preview:-1\" \/>\n<meta name=\"bingbot\" content=\"index, follow, max-snippet:-1, max-image-preview:large, max-video-preview:-1\" \/>\n<link rel=\"canonical\" href=\"https:\/\/www.oidossucios.com\/site\/my-chemical-romance-regresa-a-los-estudios-este-mismo-ano\/\" \/>\n<meta property=\"og:locale\" content=\"es_ES\" \/>\n<meta property=\"og:type\" content=\"article\" \/>\n<meta property=\"og:title\" content=\"My Chemical Romance regresa a los estudios este mismo a\u00f1o - OidosSucios.Com\" \/>\n<meta property=\"og:description\" content=\"Seg\u00fan algunos informes la banda de New Jersey, My Chemical Romance regresara en oto\u00f1o al estudio de grabaci\u00f3n, para la producci\u00f3n de su quinto \u00e1lbum y sucesor de Danger Days \u0096 The True Lives Of The Fabulous Killjoys. De acuerdo al sitio&nbsp;Absolute Punk, el l\u00edder de la agrupaci\u00f3n Gerard Way comento desde el escenario en [&hellip;]\" \/>\n<meta property=\"og:url\" content=\"https:\/\/www.oidossucios.com\/site\/my-chemical-romance-regresa-a-los-estudios-este-mismo-ano\/\" \/>\n<meta property=\"og:site_name\" content=\"OidosSucios.Com\" \/>\n<meta property=\"article:published_time\" content=\"2011-08-23T06:27:00+00:00\" \/>\n<meta property=\"og:image\" content=\"https:\/\/www.oidossucios.com\/site\/wp-content\/uploads\/2011\/08\/4017.jpg\" \/>\n\t<meta property=\"og:image:width\" content=\"350\" \/>\n\t<meta property=\"og:image:height\" content=\"300\" \/>\n<meta name=\"twitter:card\" content=\"summary_large_image\" \/>\n<meta name=\"twitter:creator\" content=\"@oidossucios\" \/>\n<script type=\"application\/ld+json\" class=\"yoast-schema-graph\">{\"@context\":\"https:\/\/schema.org\",\"@graph\":[{\"@type\":\"WebSite\",\"@id\":\"https:\/\/www.oidossucios.com\/site\/#website\",\"url\":\"https:\/\/www.oidossucios.com\/site\/\",\"name\":\"OidosSucios.Com\",\"description\":\"M\\u00fasica, conciertos, discos\",\"potentialAction\":[{\"@type\":\"SearchAction\",\"target\":\"https:\/\/www.oidossucios.com\/site\/?s={search_term_string}\",\"query-input\":\"required name=search_term_string\"}],\"inLanguage\":\"es\"},{\"@type\":\"ImageObject\",\"@id\":\"https:\/\/www.oidossucios.com\/site\/my-chemical-romance-regresa-a-los-estudios-este-mismo-ano\/#primaryimage\",\"inLanguage\":\"es\",\"url\":\"https:\/\/www.oidossucios.com\/site\/wp-content\/uploads\/2011\/08\/4017.jpg\",\"width\":350,\"height\":300},{\"@type\":\"WebPage\",\"@id\":\"https:\/\/www.oidossucios.com\/site\/my-chemical-romance-regresa-a-los-estudios-este-mismo-ano\/#webpage\",\"url\":\"https:\/\/www.oidossucios.com\/site\/my-chemical-romance-regresa-a-los-estudios-este-mismo-ano\/\",\"name\":\"My Chemical Romance regresa a los estudios este mismo a\\u00f1o - OidosSucios.Com\",\"isPartOf\":{\"@id\":\"https:\/\/www.oidossucios.com\/site\/#website\"},\"primaryImageOfPage\":{\"@id\":\"https:\/\/www.oidossucios.com\/site\/my-chemical-romance-regresa-a-los-estudios-este-mismo-ano\/#primaryimage\"},\"datePublished\":\"2011-08-23T06:27:00+00:00\",\"dateModified\":\"2011-08-23T06:27:00+00:00\",\"author\":{\"@id\":\"https:\/\/www.oidossucios.com\/site\/#\/schema\/person\/24559eeb76bf83a63296fb072393a688\"},\"inLanguage\":\"es\",\"potentialAction\":[{\"@type\":\"ReadAction\",\"target\":[\"https:\/\/www.oidossucios.com\/site\/my-chemical-romance-regresa-a-los-estudios-este-mismo-ano\/\"]}]},{\"@type\":[\"Person\"],\"@id\":\"https:\/\/www.oidossucios.com\/site\/#\/schema\/person\/24559eeb76bf83a63296fb072393a688\",\"name\":\"Oidossucios\",\"image\":{\"@type\":\"ImageObject\",\"@id\":\"https:\/\/www.oidossucios.com\/site\/#personlogo\",\"inLanguage\":\"es\",\"url\":\"https:\/\/secure.gravatar.com\/avatar\/74fcb480f42f1a33e50a0b6e6369a3f907be2e43dc84fa5f76c66e9c22b4a5ab?s=96&d=mm&r=g\",\"caption\":\"Oidossucios\"},\"sameAs\":[\"https:\/\/twitter.com\/oidossucios\"]}]}<\/script>\n<!-- \/ Yoast SEO plugin. -->","jetpack_sharing_enabled":true,"_links":{"self":[{"href":"https:\/\/www.oidossucios.com\/site\/wp-json\/wp\/v2\/posts\/4017","targetHints":{"allow":["GET"]}}],"collection":[{"href":"https:\/\/www.oidossucios.com\/site\/wp-json\/wp\/v2\/posts"}],"about":[{"href":"https:\/\/www.oidossucios.com\/site\/wp-json\/wp\/v2\/types\/post"}],"author":[{"embeddable":true,"href":"https:\/\/www.oidossucios.com\/site\/wp-json\/wp\/v2\/users\/4"}],"replies":[{"embeddable":true,"href":"https:\/\/www.oidossucios.com\/site\/wp-json\/wp\/v2\/comments?post=4017"}],"version-history":[{"count":0,"href":"https:\/\/www.oidossucios.com\/site\/wp-json\/wp\/v2\/posts\/4017\/revisions"}],"wp:featuredmedia":[{"embeddable":true,"href":"https:\/\/www.oidossucios.com\/site\/wp-json\/wp\/v2\/media\/100004017"}],"wp:attachment":[{"href":"https:\/\/www.oidossucios.com\/site\/wp-json\/wp\/v2\/media?parent=4017"}],"wp:term":[{"taxonomy":"category","embeddable":true,"href":"https:\/\/www.oidossucios.com\/site\/wp-json\/wp\/v2\/categories?post=4017"},{"taxonomy":"post_tag","embeddable":true,"href":"https:\/\/www.oidossucios.com\/site\/wp-json\/wp\/v2\/tags?post=4017"}],"curies":[{"name":"wp","href":"https:\/\/api.w.org\/{rel}","templated":true}]}}