{"id":4028,"date":"2011-08-24T17:38:00","date_gmt":"2011-08-24T17:38:00","guid":{"rendered":"https:\/\/www.oidossucios.com\/site\/2011\/08\/24\/butch-vig-revela-detalles-del-proceso-de-grabacion-de-nevermind\/"},"modified":"2011-08-24T17:38:00","modified_gmt":"2011-08-24T17:38:00","slug":"butch-vig-revela-detalles-del-proceso-de-grabacion-de-nevermind","status":"publish","type":"post","link":"https:\/\/www.oidossucios.com\/site\/butch-vig-revela-detalles-del-proceso-de-grabacion-de-nevermind\/","title":{"rendered":"Butch Vig revela detalles del proceso de grabaci\u00f3n de &#8220;Nevermind&#8221;"},"content":{"rendered":"\n<p>Numerosas son las noticias que han surgido con motivo del 20 aniversario del disco <i>Nevermind<\/i>, lanzado en 1991 por Nirvana. Ahora, quien ha dado informaci\u00f3n sobre la realizaci\u00f3n de tan importante material es su productor, Butch Vig, quien asegur\u00f3 que Kurt Cobain no dej\u00f3 de entrometerse mientras \u00e9l ajustaba el equipo de la banda en el estudio.<\/p>\n<p><\/p>\n<p>Al respecto, Vig declar\u00f3 en entrevista con la revista Rolling Stones:<\/p>\n<p><\/p>\n<p>&#8220;Estaba balanceando la bater\u00eda y la guitarra y Kurt ven\u00eda y me dec\u00eda &#8220;Apaga todos los agudos\u0085 quiero que el sonido sea como Black Sabbath&#8221;. Fue una especie de dolor en el culo&#8221;.<\/p>\n<p><\/p>\n<p>Adem\u00e1s de lo anterior, el tambi\u00e9n miembro de Garbage reconfirm\u00f3 las declaraciones que hace alg\u00fan tiempo hizo respecto al cambio de humor del exfrontman de la agrupaci\u00f3n de Seattle, pues a decir de \u00e9l Kurt pod\u00eda ser muy comprometido y entusiasta, para segundos despu\u00e9s irse a un rinc\u00f3n y ensimismarse por horas.<\/p>\n<p><\/p>\n<p>Fuente: www.warp.la<\/p>\n","protected":false},"excerpt":{"rendered":"<p>Numerosas son las noticias que han surgido con motivo del 20 aniversario del disco Nevermind, lanzado en 1991 por Nirvana. Ahora, quien ha dado informaci\u00f3n sobre la realizaci\u00f3n de tan importante material es su productor, Butch Vig, quien asegur\u00f3 que Kurt Cobain no dej\u00f3 de entrometerse mientras \u00e9l ajustaba el equipo de la banda en [&hellip;]<\/p>\n","protected":false},"author":4,"featured_media":100004028,"comment_status":"open","ping_status":"open","sticky":false,"template":"","format":"standard","meta":{"_jetpack_memberships_contains_paid_content":false,"footnotes":""},"categories":[142],"tags":[],"class_list":["post-4028","post","type-post","status-publish","format-standard","has-post-thumbnail","hentry","category-buzznews"],"jetpack_featured_media_url":"https:\/\/www.oidossucios.com\/site\/wp-content\/uploads\/2011\/08\/4028.jpg","yoast_head":"<!-- This site is optimized with the Yoast SEO plugin v14.0.4 - https:\/\/yoast.com\/wordpress\/plugins\/seo\/ -->\n<title>Butch Vig revela detalles del proceso de grabaci\u00f3n de &quot;Nevermind&quot; - OidosSucios.Com<\/title>\n<meta name=\"robots\" content=\"index, follow\" \/>\n<meta name=\"googlebot\" content=\"index, follow, max-snippet:-1, max-image-preview:large, max-video-preview:-1\" \/>\n<meta name=\"bingbot\" content=\"index, follow, max-snippet:-1, max-image-preview:large, max-video-preview:-1\" \/>\n<link rel=\"canonical\" href=\"https:\/\/www.oidossucios.com\/site\/butch-vig-revela-detalles-del-proceso-de-grabacion-de-nevermind\/\" \/>\n<meta property=\"og:locale\" content=\"es_ES\" \/>\n<meta property=\"og:type\" content=\"article\" \/>\n<meta property=\"og:title\" content=\"Butch Vig revela detalles del proceso de grabaci\u00f3n de &quot;Nevermind&quot; - OidosSucios.Com\" \/>\n<meta property=\"og:description\" content=\"Numerosas son las noticias que han surgido con motivo del 20 aniversario del disco Nevermind, lanzado en 1991 por Nirvana. Ahora, quien ha dado informaci\u00f3n sobre la realizaci\u00f3n de tan importante material es su productor, Butch Vig, quien asegur\u00f3 que Kurt Cobain no dej\u00f3 de entrometerse mientras \u00e9l ajustaba el equipo de la banda en [&hellip;]\" \/>\n<meta property=\"og:url\" content=\"https:\/\/www.oidossucios.com\/site\/butch-vig-revela-detalles-del-proceso-de-grabacion-de-nevermind\/\" \/>\n<meta property=\"og:site_name\" content=\"OidosSucios.Com\" \/>\n<meta property=\"article:published_time\" content=\"2011-08-24T17:38:00+00:00\" \/>\n<meta property=\"og:image\" content=\"https:\/\/www.oidossucios.com\/site\/wp-content\/uploads\/2011\/08\/4028.jpg\" \/>\n\t<meta property=\"og:image:width\" content=\"350\" \/>\n\t<meta property=\"og:image:height\" content=\"300\" \/>\n<meta name=\"twitter:card\" content=\"summary_large_image\" \/>\n<meta name=\"twitter:creator\" content=\"@oidossucios\" \/>\n<script type=\"application\/ld+json\" class=\"yoast-schema-graph\">{\"@context\":\"https:\/\/schema.org\",\"@graph\":[{\"@type\":\"WebSite\",\"@id\":\"https:\/\/www.oidossucios.com\/site\/#website\",\"url\":\"https:\/\/www.oidossucios.com\/site\/\",\"name\":\"OidosSucios.Com\",\"description\":\"M\\u00fasica, conciertos, discos\",\"potentialAction\":[{\"@type\":\"SearchAction\",\"target\":\"https:\/\/www.oidossucios.com\/site\/?s={search_term_string}\",\"query-input\":\"required name=search_term_string\"}],\"inLanguage\":\"es\"},{\"@type\":\"ImageObject\",\"@id\":\"https:\/\/www.oidossucios.com\/site\/butch-vig-revela-detalles-del-proceso-de-grabacion-de-nevermind\/#primaryimage\",\"inLanguage\":\"es\",\"url\":\"https:\/\/www.oidossucios.com\/site\/wp-content\/uploads\/2011\/08\/4028.jpg\",\"width\":350,\"height\":300},{\"@type\":\"WebPage\",\"@id\":\"https:\/\/www.oidossucios.com\/site\/butch-vig-revela-detalles-del-proceso-de-grabacion-de-nevermind\/#webpage\",\"url\":\"https:\/\/www.oidossucios.com\/site\/butch-vig-revela-detalles-del-proceso-de-grabacion-de-nevermind\/\",\"name\":\"Butch Vig revela detalles del proceso de grabaci\\u00f3n de \\\"Nevermind\\\" - OidosSucios.Com\",\"isPartOf\":{\"@id\":\"https:\/\/www.oidossucios.com\/site\/#website\"},\"primaryImageOfPage\":{\"@id\":\"https:\/\/www.oidossucios.com\/site\/butch-vig-revela-detalles-del-proceso-de-grabacion-de-nevermind\/#primaryimage\"},\"datePublished\":\"2011-08-24T17:38:00+00:00\",\"dateModified\":\"2011-08-24T17:38:00+00:00\",\"author\":{\"@id\":\"https:\/\/www.oidossucios.com\/site\/#\/schema\/person\/24559eeb76bf83a63296fb072393a688\"},\"inLanguage\":\"es\",\"potentialAction\":[{\"@type\":\"ReadAction\",\"target\":[\"https:\/\/www.oidossucios.com\/site\/butch-vig-revela-detalles-del-proceso-de-grabacion-de-nevermind\/\"]}]},{\"@type\":[\"Person\"],\"@id\":\"https:\/\/www.oidossucios.com\/site\/#\/schema\/person\/24559eeb76bf83a63296fb072393a688\",\"name\":\"Oidossucios\",\"image\":{\"@type\":\"ImageObject\",\"@id\":\"https:\/\/www.oidossucios.com\/site\/#personlogo\",\"inLanguage\":\"es\",\"url\":\"https:\/\/secure.gravatar.com\/avatar\/74fcb480f42f1a33e50a0b6e6369a3f907be2e43dc84fa5f76c66e9c22b4a5ab?s=96&d=mm&r=g\",\"caption\":\"Oidossucios\"},\"sameAs\":[\"https:\/\/twitter.com\/oidossucios\"]}]}<\/script>\n<!-- \/ Yoast SEO plugin. -->","jetpack_sharing_enabled":true,"_links":{"self":[{"href":"https:\/\/www.oidossucios.com\/site\/wp-json\/wp\/v2\/posts\/4028","targetHints":{"allow":["GET"]}}],"collection":[{"href":"https:\/\/www.oidossucios.com\/site\/wp-json\/wp\/v2\/posts"}],"about":[{"href":"https:\/\/www.oidossucios.com\/site\/wp-json\/wp\/v2\/types\/post"}],"author":[{"embeddable":true,"href":"https:\/\/www.oidossucios.com\/site\/wp-json\/wp\/v2\/users\/4"}],"replies":[{"embeddable":true,"href":"https:\/\/www.oidossucios.com\/site\/wp-json\/wp\/v2\/comments?post=4028"}],"version-history":[{"count":0,"href":"https:\/\/www.oidossucios.com\/site\/wp-json\/wp\/v2\/posts\/4028\/revisions"}],"wp:featuredmedia":[{"embeddable":true,"href":"https:\/\/www.oidossucios.com\/site\/wp-json\/wp\/v2\/media\/100004028"}],"wp:attachment":[{"href":"https:\/\/www.oidossucios.com\/site\/wp-json\/wp\/v2\/media?parent=4028"}],"wp:term":[{"taxonomy":"category","embeddable":true,"href":"https:\/\/www.oidossucios.com\/site\/wp-json\/wp\/v2\/categories?post=4028"},{"taxonomy":"post_tag","embeddable":true,"href":"https:\/\/www.oidossucios.com\/site\/wp-json\/wp\/v2\/tags?post=4028"}],"curies":[{"name":"wp","href":"https:\/\/api.w.org\/{rel}","templated":true}]}}