{"id":4029,"date":"2011-08-24T17:52:00","date_gmt":"2011-08-24T17:52:00","guid":{"rendered":"https:\/\/www.oidossucios.com\/site\/2011\/08\/24\/martin-scorsese-estrena-el-trailer-del-documental-de-george-harrison\/"},"modified":"2011-08-24T17:52:00","modified_gmt":"2011-08-24T17:52:00","slug":"martin-scorsese-estrena-el-trailer-del-documental-de-george-harrison","status":"publish","type":"post","link":"https:\/\/www.oidossucios.com\/site\/martin-scorsese-estrena-el-trailer-del-documental-de-george-harrison\/","title":{"rendered":"Martin Scorsese estrena el tr\u00e1iler del documental de George Harrison"},"content":{"rendered":"\n<p>Como se mencion\u00f3 recientemente, Martin Scorsese estrenar\u00e1 muy pronto un documental acerca de George Harrison.<\/p>\n<p><\/p>\n<p>La cinta se titula <i>&nbsp;Living In The Material World <\/i>&nbsp;y fue coproducida por la viuda de Harrion, Olivia. Se estrenar\u00e1 a trav\u00e9s de la cadena de televisi\u00f3n por cable HBO y son tres horas y media que exploran su vida a trav\u00e9s de diversas entrevistas con personajes como Eric Clapton, Terry Gilliam, George Martin, Yoko Ono, Tom Petty, as\u00ed como sus compa\u00f1eros de The Beatles, Paul McCartney y Ringo Starr.<\/p>\n<p><\/p>\n<p>El programa se transmitir\u00e1 en dos partes, el 5 y 6 de Octubre en HBO Estados Unidos, hasta ahora no hay se sabe la fecha de transmisi\u00f3n para Latinoam\u00e9rica. <\/p>\n<p><\/p>\n<p>Aqu\u00ed el tr\u00e1iler:<\/p>\n<p>&nbsp;<\/p>\n<p><iframe loading=\"lazy\" width=\"560\" height=\"345\" frameborder=\"0\" allowfullscreen=\"\" src=\"http:\/\/www.youtube.com\/embed\/Xnx87LIDO9k\"><\/iframe><\/p>\n<p>&nbsp;<\/p>\n<p>Fuente: www.rollingstone.com.mx<\/p>\n","protected":false},"excerpt":{"rendered":"<p>Como se mencion\u00f3 recientemente, Martin Scorsese estrenar\u00e1 muy pronto un documental acerca de George Harrison. La cinta se titula &nbsp;Living In The Material World &nbsp;y fue coproducida por la viuda de Harrion, Olivia. Se estrenar\u00e1 a trav\u00e9s de la cadena de televisi\u00f3n por cable HBO y son tres horas y media que exploran su vida [&hellip;]<\/p>\n","protected":false},"author":4,"featured_media":100004029,"comment_status":"open","ping_status":"open","sticky":false,"template":"","format":"standard","meta":{"_jetpack_memberships_contains_paid_content":false,"footnotes":""},"categories":[142],"tags":[],"class_list":["post-4029","post","type-post","status-publish","format-standard","has-post-thumbnail","hentry","category-buzznews"],"jetpack_featured_media_url":"https:\/\/www.oidossucios.com\/site\/wp-content\/uploads\/2011\/08\/4029.jpg","yoast_head":"<!-- This site is optimized with the Yoast SEO plugin v14.0.4 - https:\/\/yoast.com\/wordpress\/plugins\/seo\/ -->\n<title>Martin Scorsese estrena el tr\u00e1iler del documental de George Harrison - OidosSucios.Com<\/title>\n<meta name=\"robots\" content=\"index, follow\" \/>\n<meta name=\"googlebot\" content=\"index, follow, max-snippet:-1, max-image-preview:large, max-video-preview:-1\" \/>\n<meta name=\"bingbot\" content=\"index, follow, max-snippet:-1, max-image-preview:large, max-video-preview:-1\" \/>\n<link rel=\"canonical\" href=\"https:\/\/www.oidossucios.com\/site\/martin-scorsese-estrena-el-trailer-del-documental-de-george-harrison\/\" \/>\n<meta property=\"og:locale\" content=\"es_ES\" \/>\n<meta property=\"og:type\" content=\"article\" \/>\n<meta property=\"og:title\" content=\"Martin Scorsese estrena el tr\u00e1iler del documental de George Harrison - OidosSucios.Com\" \/>\n<meta property=\"og:description\" content=\"Como se mencion\u00f3 recientemente, Martin Scorsese estrenar\u00e1 muy pronto un documental acerca de George Harrison. La cinta se titula &nbsp;Living In The Material World &nbsp;y fue coproducida por la viuda de Harrion, Olivia. Se estrenar\u00e1 a trav\u00e9s de la cadena de televisi\u00f3n por cable HBO y son tres horas y media que exploran su vida [&hellip;]\" \/>\n<meta property=\"og:url\" content=\"https:\/\/www.oidossucios.com\/site\/martin-scorsese-estrena-el-trailer-del-documental-de-george-harrison\/\" \/>\n<meta property=\"og:site_name\" content=\"OidosSucios.Com\" \/>\n<meta property=\"article:published_time\" content=\"2011-08-24T17:52:00+00:00\" \/>\n<meta property=\"og:image\" content=\"https:\/\/www.oidossucios.com\/site\/wp-content\/uploads\/2011\/08\/4029.jpg\" \/>\n\t<meta property=\"og:image:width\" content=\"350\" \/>\n\t<meta property=\"og:image:height\" content=\"300\" \/>\n<meta name=\"twitter:card\" content=\"summary_large_image\" \/>\n<meta name=\"twitter:creator\" content=\"@oidossucios\" \/>\n<script type=\"application\/ld+json\" class=\"yoast-schema-graph\">{\"@context\":\"https:\/\/schema.org\",\"@graph\":[{\"@type\":\"WebSite\",\"@id\":\"https:\/\/www.oidossucios.com\/site\/#website\",\"url\":\"https:\/\/www.oidossucios.com\/site\/\",\"name\":\"OidosSucios.Com\",\"description\":\"M\\u00fasica, conciertos, discos\",\"potentialAction\":[{\"@type\":\"SearchAction\",\"target\":\"https:\/\/www.oidossucios.com\/site\/?s={search_term_string}\",\"query-input\":\"required name=search_term_string\"}],\"inLanguage\":\"es\"},{\"@type\":\"ImageObject\",\"@id\":\"https:\/\/www.oidossucios.com\/site\/martin-scorsese-estrena-el-trailer-del-documental-de-george-harrison\/#primaryimage\",\"inLanguage\":\"es\",\"url\":\"https:\/\/www.oidossucios.com\/site\/wp-content\/uploads\/2011\/08\/4029.jpg\",\"width\":350,\"height\":300},{\"@type\":\"WebPage\",\"@id\":\"https:\/\/www.oidossucios.com\/site\/martin-scorsese-estrena-el-trailer-del-documental-de-george-harrison\/#webpage\",\"url\":\"https:\/\/www.oidossucios.com\/site\/martin-scorsese-estrena-el-trailer-del-documental-de-george-harrison\/\",\"name\":\"Martin Scorsese estrena el tr\\u00e1iler del documental de George Harrison - OidosSucios.Com\",\"isPartOf\":{\"@id\":\"https:\/\/www.oidossucios.com\/site\/#website\"},\"primaryImageOfPage\":{\"@id\":\"https:\/\/www.oidossucios.com\/site\/martin-scorsese-estrena-el-trailer-del-documental-de-george-harrison\/#primaryimage\"},\"datePublished\":\"2011-08-24T17:52:00+00:00\",\"dateModified\":\"2011-08-24T17:52:00+00:00\",\"author\":{\"@id\":\"https:\/\/www.oidossucios.com\/site\/#\/schema\/person\/24559eeb76bf83a63296fb072393a688\"},\"inLanguage\":\"es\",\"potentialAction\":[{\"@type\":\"ReadAction\",\"target\":[\"https:\/\/www.oidossucios.com\/site\/martin-scorsese-estrena-el-trailer-del-documental-de-george-harrison\/\"]}]},{\"@type\":[\"Person\"],\"@id\":\"https:\/\/www.oidossucios.com\/site\/#\/schema\/person\/24559eeb76bf83a63296fb072393a688\",\"name\":\"Oidossucios\",\"image\":{\"@type\":\"ImageObject\",\"@id\":\"https:\/\/www.oidossucios.com\/site\/#personlogo\",\"inLanguage\":\"es\",\"url\":\"https:\/\/secure.gravatar.com\/avatar\/74fcb480f42f1a33e50a0b6e6369a3f907be2e43dc84fa5f76c66e9c22b4a5ab?s=96&d=mm&r=g\",\"caption\":\"Oidossucios\"},\"sameAs\":[\"https:\/\/twitter.com\/oidossucios\"]}]}<\/script>\n<!-- \/ Yoast SEO plugin. -->","jetpack_sharing_enabled":true,"_links":{"self":[{"href":"https:\/\/www.oidossucios.com\/site\/wp-json\/wp\/v2\/posts\/4029","targetHints":{"allow":["GET"]}}],"collection":[{"href":"https:\/\/www.oidossucios.com\/site\/wp-json\/wp\/v2\/posts"}],"about":[{"href":"https:\/\/www.oidossucios.com\/site\/wp-json\/wp\/v2\/types\/post"}],"author":[{"embeddable":true,"href":"https:\/\/www.oidossucios.com\/site\/wp-json\/wp\/v2\/users\/4"}],"replies":[{"embeddable":true,"href":"https:\/\/www.oidossucios.com\/site\/wp-json\/wp\/v2\/comments?post=4029"}],"version-history":[{"count":0,"href":"https:\/\/www.oidossucios.com\/site\/wp-json\/wp\/v2\/posts\/4029\/revisions"}],"wp:featuredmedia":[{"embeddable":true,"href":"https:\/\/www.oidossucios.com\/site\/wp-json\/wp\/v2\/media\/100004029"}],"wp:attachment":[{"href":"https:\/\/www.oidossucios.com\/site\/wp-json\/wp\/v2\/media?parent=4029"}],"wp:term":[{"taxonomy":"category","embeddable":true,"href":"https:\/\/www.oidossucios.com\/site\/wp-json\/wp\/v2\/categories?post=4029"},{"taxonomy":"post_tag","embeddable":true,"href":"https:\/\/www.oidossucios.com\/site\/wp-json\/wp\/v2\/tags?post=4029"}],"curies":[{"name":"wp","href":"https:\/\/api.w.org\/{rel}","templated":true}]}}