{"id":4032,"date":"2011-08-25T16:34:00","date_gmt":"2011-08-25T16:34:00","guid":{"rendered":"https:\/\/www.oidossucios.com\/site\/2011\/08\/25\/2012-melendi-versionaangie-de-los-rolling-stones\/"},"modified":"2011-08-25T16:34:00","modified_gmt":"2011-08-25T16:34:00","slug":"2012-melendi-versionaangie-de-los-rolling-stones","status":"publish","type":"post","link":"https:\/\/www.oidossucios.com\/site\/2012-melendi-versionaangie-de-los-rolling-stones\/","title":{"rendered":"2012: Melendi versiona&quot;Angie&quot; de los Rolling Stones"},"content":{"rendered":"<p>Por <\/p>\n<p>Fuente: www.rollingstone.es<\/p>\n<p><\/p>\n<p>19 segundos: es la duraci\u00f3n del silencio que precede la interpretaci\u00f3n de&nbsp;Angie, de los Rolling Stones, hecha por Melendi&nbsp;en su \u00faltimo disco,&nbsp;<i>Volvamos a empezar<\/i>.&nbsp;De primeras es f\u00e1cil pasarla por alto: llega tras esta interrupci\u00f3n, escondida despu\u00e9s de la canci\u00f3n n\u00famero 12 del \u00e1lbum,&nbsp;Cierra los ojos&nbsp;(y lo habitual es pasar de tema cuando la m\u00fasica deja de sonar, \u00bfno?). Pero este tributo no pasa inadvertido para quien lo escucha.&nbsp;&#8220;Angie, Angie, las negras nubes no se van\u0085&#8221;, arranca el asturiano (la letra est\u00e1 adaptada al castellano) tras el par\u00f3n. La voz entra brusca y exaltada, imponiendo la pauta para el resto de la interpretaci\u00f3n: es muy forzada. Cuando rompe sus cuerdas vocales suena apretado, cuando pretende sonar suave parece que se desinfla al perder aliento.&nbsp;&#8220;Tiene una voz nasal pero no molesta&#8221;, dijo una profesora de canto sobre este m\u00fasico&nbsp;<a target=\"_blank\" href=\"http:\/\/www.rollingstone.es\/noticias\/view\/una-profesora-de-canto-examina-a-los-vocalistas-del-pop-comercial-espanol\/cms\" rel=\"noopener noreferrer\">en un reportaje publicado aqu\u00ed&nbsp;<\/a>. Y Melendi no lo niega. Es m\u00e1s, alguna vez ha asegurado tener pocas dotes para el canto.&nbsp;<\/p>\n<p><\/p>\n<p>En el siguiente video puedes comprobar c\u00f3mo Melendi&nbsp;se esfuerza por llegar a los tonos m\u00e1s altos&nbsp;de este cl\u00e1sico de los Rolling Stones.<\/p>\n<p>&nbsp;<\/p>\n<p><object width=\"640\" height=\"390\"><param name=\"movie\" value=\"http:\/\/www.youtube.com\/v\/_BYxdQJLoSA&#038;hl=en_US&#038;feature=player_embedded&#038;version=3\"><\/param><param name=\"allowFullScreen\" value=\"true\"><\/param><param name=\"allowScriptAccess\" value=\"always\"><\/param><\/object><\/p>\n<p>&nbsp;<\/p>\n","protected":false},"excerpt":{"rendered":"<p>El cantante espa\u00f1ol versiona el cl\u00e1sico de los Stones en un track escondido en su \u00faltimo disco &quot;Volvamos a empezar&quot;. \u00bfQu\u00e9 pensar\u00eda Keith?<\/p>\n","protected":false},"author":4,"featured_media":100004032,"comment_status":"open","ping_status":"open","sticky":false,"template":"","format":"standard","meta":{"_jetpack_memberships_contains_paid_content":false,"footnotes":""},"categories":[685],"tags":[],"class_list":["post-4032","post","type-post","status-publish","format-standard","has-post-thumbnail","hentry","category-ultima"],"jetpack_featured_media_url":"https:\/\/www.oidossucios.com\/site\/wp-content\/uploads\/2011\/08\/4032.jpg","yoast_head":"<!-- This site is optimized with the Yoast SEO plugin v14.0.4 - https:\/\/yoast.com\/wordpress\/plugins\/seo\/ -->\n<title>2012: Melendi versiona&quot;Angie&quot; de los Rolling Stones - OidosSucios.Com<\/title>\n<meta name=\"description\" content=\"El cantante espa\u00f1ol versiona el cl\u00e1sico de los Stones en un track escondido en su \u00faltimo disco &quot;Volvamos a empezar&quot;. \u00bfQu\u00e9 pensar\u00eda Keith?\" \/>\n<meta name=\"robots\" content=\"index, follow\" \/>\n<meta name=\"googlebot\" content=\"index, follow, max-snippet:-1, max-image-preview:large, max-video-preview:-1\" \/>\n<meta name=\"bingbot\" content=\"index, follow, max-snippet:-1, max-image-preview:large, max-video-preview:-1\" \/>\n<link rel=\"canonical\" href=\"https:\/\/www.oidossucios.com\/site\/2012-melendi-versionaangie-de-los-rolling-stones\/\" \/>\n<meta property=\"og:locale\" content=\"es_ES\" \/>\n<meta property=\"og:type\" content=\"article\" \/>\n<meta property=\"og:title\" content=\"2012: Melendi versiona&quot;Angie&quot; de los Rolling Stones - OidosSucios.Com\" \/>\n<meta property=\"og:description\" content=\"El cantante espa\u00f1ol versiona el cl\u00e1sico de los Stones en un track escondido en su \u00faltimo disco &quot;Volvamos a empezar&quot;. \u00bfQu\u00e9 pensar\u00eda Keith?\" \/>\n<meta property=\"og:url\" content=\"https:\/\/www.oidossucios.com\/site\/2012-melendi-versionaangie-de-los-rolling-stones\/\" \/>\n<meta property=\"og:site_name\" content=\"OidosSucios.Com\" \/>\n<meta property=\"article:published_time\" content=\"2011-08-25T16:34:00+00:00\" \/>\n<meta property=\"og:image\" content=\"https:\/\/www.oidossucios.com\/site\/wp-content\/uploads\/2011\/08\/4032.jpg\" \/>\n\t<meta property=\"og:image:width\" content=\"350\" \/>\n\t<meta property=\"og:image:height\" content=\"300\" \/>\n<meta name=\"twitter:card\" content=\"summary_large_image\" \/>\n<meta name=\"twitter:creator\" content=\"@oidossucios\" \/>\n<script type=\"application\/ld+json\" class=\"yoast-schema-graph\">{\"@context\":\"https:\/\/schema.org\",\"@graph\":[{\"@type\":\"WebSite\",\"@id\":\"https:\/\/www.oidossucios.com\/site\/#website\",\"url\":\"https:\/\/www.oidossucios.com\/site\/\",\"name\":\"OidosSucios.Com\",\"description\":\"M\\u00fasica, conciertos, discos\",\"potentialAction\":[{\"@type\":\"SearchAction\",\"target\":\"https:\/\/www.oidossucios.com\/site\/?s={search_term_string}\",\"query-input\":\"required name=search_term_string\"}],\"inLanguage\":\"es\"},{\"@type\":\"ImageObject\",\"@id\":\"https:\/\/www.oidossucios.com\/site\/2012-melendi-versionaangie-de-los-rolling-stones\/#primaryimage\",\"inLanguage\":\"es\",\"url\":\"https:\/\/www.oidossucios.com\/site\/wp-content\/uploads\/2011\/08\/4032.jpg\",\"width\":350,\"height\":300},{\"@type\":\"WebPage\",\"@id\":\"https:\/\/www.oidossucios.com\/site\/2012-melendi-versionaangie-de-los-rolling-stones\/#webpage\",\"url\":\"https:\/\/www.oidossucios.com\/site\/2012-melendi-versionaangie-de-los-rolling-stones\/\",\"name\":\"2012: Melendi versiona&quot;Angie&quot; de los Rolling Stones - OidosSucios.Com\",\"isPartOf\":{\"@id\":\"https:\/\/www.oidossucios.com\/site\/#website\"},\"primaryImageOfPage\":{\"@id\":\"https:\/\/www.oidossucios.com\/site\/2012-melendi-versionaangie-de-los-rolling-stones\/#primaryimage\"},\"datePublished\":\"2011-08-25T16:34:00+00:00\",\"dateModified\":\"2011-08-25T16:34:00+00:00\",\"author\":{\"@id\":\"https:\/\/www.oidossucios.com\/site\/#\/schema\/person\/24559eeb76bf83a63296fb072393a688\"},\"description\":\"El cantante espa\\u00f1ol versiona el cl\\u00e1sico de los Stones en un track escondido en su \\u00faltimo disco &quot;Volvamos a empezar&quot;. \\u00bfQu\\u00e9 pensar\\u00eda Keith?\",\"inLanguage\":\"es\",\"potentialAction\":[{\"@type\":\"ReadAction\",\"target\":[\"https:\/\/www.oidossucios.com\/site\/2012-melendi-versionaangie-de-los-rolling-stones\/\"]}]},{\"@type\":[\"Person\"],\"@id\":\"https:\/\/www.oidossucios.com\/site\/#\/schema\/person\/24559eeb76bf83a63296fb072393a688\",\"name\":\"Oidossucios\",\"image\":{\"@type\":\"ImageObject\",\"@id\":\"https:\/\/www.oidossucios.com\/site\/#personlogo\",\"inLanguage\":\"es\",\"url\":\"https:\/\/secure.gravatar.com\/avatar\/74fcb480f42f1a33e50a0b6e6369a3f907be2e43dc84fa5f76c66e9c22b4a5ab?s=96&d=mm&r=g\",\"caption\":\"Oidossucios\"},\"sameAs\":[\"https:\/\/twitter.com\/oidossucios\"]}]}<\/script>\n<!-- \/ Yoast SEO plugin. -->","jetpack_sharing_enabled":true,"_links":{"self":[{"href":"https:\/\/www.oidossucios.com\/site\/wp-json\/wp\/v2\/posts\/4032","targetHints":{"allow":["GET"]}}],"collection":[{"href":"https:\/\/www.oidossucios.com\/site\/wp-json\/wp\/v2\/posts"}],"about":[{"href":"https:\/\/www.oidossucios.com\/site\/wp-json\/wp\/v2\/types\/post"}],"author":[{"embeddable":true,"href":"https:\/\/www.oidossucios.com\/site\/wp-json\/wp\/v2\/users\/4"}],"replies":[{"embeddable":true,"href":"https:\/\/www.oidossucios.com\/site\/wp-json\/wp\/v2\/comments?post=4032"}],"version-history":[{"count":0,"href":"https:\/\/www.oidossucios.com\/site\/wp-json\/wp\/v2\/posts\/4032\/revisions"}],"wp:featuredmedia":[{"embeddable":true,"href":"https:\/\/www.oidossucios.com\/site\/wp-json\/wp\/v2\/media\/100004032"}],"wp:attachment":[{"href":"https:\/\/www.oidossucios.com\/site\/wp-json\/wp\/v2\/media?parent=4032"}],"wp:term":[{"taxonomy":"category","embeddable":true,"href":"https:\/\/www.oidossucios.com\/site\/wp-json\/wp\/v2\/categories?post=4032"},{"taxonomy":"post_tag","embeddable":true,"href":"https:\/\/www.oidossucios.com\/site\/wp-json\/wp\/v2\/tags?post=4032"}],"curies":[{"name":"wp","href":"https:\/\/api.w.org\/{rel}","templated":true}]}}