{"id":4042,"date":"2011-08-26T17:55:00","date_gmt":"2011-08-26T17:55:00","guid":{"rendered":"https:\/\/www.oidossucios.com\/site\/2011\/08\/26\/dave-grohl-krist-novoselic-y-butch-vig-celebraran-aniversario-de-nevermind\/"},"modified":"2011-08-26T17:55:00","modified_gmt":"2011-08-26T17:55:00","slug":"dave-grohl-krist-novoselic-y-butch-vig-celebraran-aniversario-de-nevermind","status":"publish","type":"post","link":"https:\/\/www.oidossucios.com\/site\/dave-grohl-krist-novoselic-y-butch-vig-celebraran-aniversario-de-nevermind\/","title":{"rendered":"Dave Grohl, Krist Novoselic y Butch Vig celebrar\u00e1n aniversario de &#8220;Nevermind&#8221;"},"content":{"rendered":"\n<p>Jon Stewart, presentador del programa televisivo The Daily Show, ser\u00e1 el anfitri\u00f3n de un programa de radio de dos horas que celebrar\u00e1 el 20 aniversario del inc\u00f3nico disco &#8220;Nevermind&#8221; (1991), teniendo como invitados a Dave Grohl, Krist Novoselic y Butch Vig.<\/p>\n<p><\/p>\n<p>El programa se transmitir\u00e1 el 23 de septiembre, a trav\u00e9s del canal de radio satelital&nbsp;<a target=\"_blank\" href=\"http:\/\/www.siriusxm.com\/\" rel=\"noopener noreferrer\">Sirius XM<\/a>, y ocurrir\u00e1 en Nueva York, frente a un grupo seleccionado de seguidores de la estaci\u00f3n. El presidente de Sirius XM asegur\u00f3:<\/p>\n<p><\/p>\n<p>&#8220;Es nuestra manera de honrar a los artistas que, con el lanzamiento de <i>Nevermind<\/i>, influenciaron a una generaci\u00f3n y marcaron un cambio en el curso de la historia musical que ninguna generaci\u00f3n olvidar\u00e1 jam\u00e1s&#8221;.<\/p>\n<p><\/p>\n<p>Pero eso no es todo, pues la compa\u00f1\u00eda lanzar\u00e1 una estaci\u00f3n llamada <i>Nevermind,<\/i> donde presentar\u00e1n m\u00fasica de Nirvana, lados B, grabaciones en vivo y entrevistas con m\u00fasicos y cr\u00edticos, quienes reflexionar\u00e1n sobre el legado de la banda originaria de Seattle.<\/p>\n<p><\/p>\n<p>Fuente: www.warp.la<\/p>\n","protected":false},"excerpt":{"rendered":"<p>Jon Stewart, presentador del programa televisivo The Daily Show, ser\u00e1 el anfitri\u00f3n de un programa de radio de dos horas que celebrar\u00e1 el 20 aniversario del inc\u00f3nico disco &#8220;Nevermind&#8221; (1991), teniendo como invitados a Dave Grohl, Krist Novoselic y Butch Vig. El programa se transmitir\u00e1 el 23 de septiembre, a trav\u00e9s del canal de radio [&hellip;]<\/p>\n","protected":false},"author":4,"featured_media":100004042,"comment_status":"open","ping_status":"open","sticky":false,"template":"","format":"standard","meta":{"_jetpack_memberships_contains_paid_content":false,"footnotes":""},"categories":[142],"tags":[],"class_list":["post-4042","post","type-post","status-publish","format-standard","has-post-thumbnail","hentry","category-buzznews"],"jetpack_featured_media_url":"https:\/\/www.oidossucios.com\/site\/wp-content\/uploads\/2011\/08\/4042.jpg","yoast_head":"<!-- This site is optimized with the Yoast SEO plugin v14.0.4 - https:\/\/yoast.com\/wordpress\/plugins\/seo\/ -->\n<title>Dave Grohl, Krist Novoselic y Butch Vig celebrar\u00e1n aniversario de &quot;Nevermind&quot; - OidosSucios.Com<\/title>\n<meta name=\"robots\" content=\"index, follow\" \/>\n<meta name=\"googlebot\" content=\"index, follow, max-snippet:-1, max-image-preview:large, max-video-preview:-1\" \/>\n<meta name=\"bingbot\" content=\"index, follow, max-snippet:-1, max-image-preview:large, max-video-preview:-1\" \/>\n<link rel=\"canonical\" href=\"https:\/\/www.oidossucios.com\/site\/dave-grohl-krist-novoselic-y-butch-vig-celebraran-aniversario-de-nevermind\/\" \/>\n<meta property=\"og:locale\" content=\"es_ES\" \/>\n<meta property=\"og:type\" content=\"article\" \/>\n<meta property=\"og:title\" content=\"Dave Grohl, Krist Novoselic y Butch Vig celebrar\u00e1n aniversario de &quot;Nevermind&quot; - OidosSucios.Com\" \/>\n<meta property=\"og:description\" content=\"Jon Stewart, presentador del programa televisivo The Daily Show, ser\u00e1 el anfitri\u00f3n de un programa de radio de dos horas que celebrar\u00e1 el 20 aniversario del inc\u00f3nico disco &#8220;Nevermind&#8221; (1991), teniendo como invitados a Dave Grohl, Krist Novoselic y Butch Vig. El programa se transmitir\u00e1 el 23 de septiembre, a trav\u00e9s del canal de radio [&hellip;]\" \/>\n<meta property=\"og:url\" content=\"https:\/\/www.oidossucios.com\/site\/dave-grohl-krist-novoselic-y-butch-vig-celebraran-aniversario-de-nevermind\/\" \/>\n<meta property=\"og:site_name\" content=\"OidosSucios.Com\" \/>\n<meta property=\"article:published_time\" content=\"2011-08-26T17:55:00+00:00\" \/>\n<meta property=\"og:image\" content=\"https:\/\/www.oidossucios.com\/site\/wp-content\/uploads\/2011\/08\/4042.jpg\" \/>\n\t<meta property=\"og:image:width\" content=\"350\" \/>\n\t<meta property=\"og:image:height\" content=\"300\" \/>\n<meta name=\"twitter:card\" content=\"summary_large_image\" \/>\n<meta name=\"twitter:creator\" content=\"@oidossucios\" \/>\n<script type=\"application\/ld+json\" class=\"yoast-schema-graph\">{\"@context\":\"https:\/\/schema.org\",\"@graph\":[{\"@type\":\"WebSite\",\"@id\":\"https:\/\/www.oidossucios.com\/site\/#website\",\"url\":\"https:\/\/www.oidossucios.com\/site\/\",\"name\":\"OidosSucios.Com\",\"description\":\"M\\u00fasica, conciertos, discos\",\"potentialAction\":[{\"@type\":\"SearchAction\",\"target\":\"https:\/\/www.oidossucios.com\/site\/?s={search_term_string}\",\"query-input\":\"required name=search_term_string\"}],\"inLanguage\":\"es\"},{\"@type\":\"ImageObject\",\"@id\":\"https:\/\/www.oidossucios.com\/site\/dave-grohl-krist-novoselic-y-butch-vig-celebraran-aniversario-de-nevermind\/#primaryimage\",\"inLanguage\":\"es\",\"url\":\"https:\/\/www.oidossucios.com\/site\/wp-content\/uploads\/2011\/08\/4042.jpg\",\"width\":350,\"height\":300},{\"@type\":\"WebPage\",\"@id\":\"https:\/\/www.oidossucios.com\/site\/dave-grohl-krist-novoselic-y-butch-vig-celebraran-aniversario-de-nevermind\/#webpage\",\"url\":\"https:\/\/www.oidossucios.com\/site\/dave-grohl-krist-novoselic-y-butch-vig-celebraran-aniversario-de-nevermind\/\",\"name\":\"Dave Grohl, Krist Novoselic y Butch Vig celebrar\\u00e1n aniversario de \\\"Nevermind\\\" - OidosSucios.Com\",\"isPartOf\":{\"@id\":\"https:\/\/www.oidossucios.com\/site\/#website\"},\"primaryImageOfPage\":{\"@id\":\"https:\/\/www.oidossucios.com\/site\/dave-grohl-krist-novoselic-y-butch-vig-celebraran-aniversario-de-nevermind\/#primaryimage\"},\"datePublished\":\"2011-08-26T17:55:00+00:00\",\"dateModified\":\"2011-08-26T17:55:00+00:00\",\"author\":{\"@id\":\"https:\/\/www.oidossucios.com\/site\/#\/schema\/person\/24559eeb76bf83a63296fb072393a688\"},\"inLanguage\":\"es\",\"potentialAction\":[{\"@type\":\"ReadAction\",\"target\":[\"https:\/\/www.oidossucios.com\/site\/dave-grohl-krist-novoselic-y-butch-vig-celebraran-aniversario-de-nevermind\/\"]}]},{\"@type\":[\"Person\"],\"@id\":\"https:\/\/www.oidossucios.com\/site\/#\/schema\/person\/24559eeb76bf83a63296fb072393a688\",\"name\":\"Oidossucios\",\"image\":{\"@type\":\"ImageObject\",\"@id\":\"https:\/\/www.oidossucios.com\/site\/#personlogo\",\"inLanguage\":\"es\",\"url\":\"https:\/\/secure.gravatar.com\/avatar\/74fcb480f42f1a33e50a0b6e6369a3f907be2e43dc84fa5f76c66e9c22b4a5ab?s=96&d=mm&r=g\",\"caption\":\"Oidossucios\"},\"sameAs\":[\"https:\/\/twitter.com\/oidossucios\"]}]}<\/script>\n<!-- \/ Yoast SEO plugin. -->","jetpack_sharing_enabled":true,"_links":{"self":[{"href":"https:\/\/www.oidossucios.com\/site\/wp-json\/wp\/v2\/posts\/4042","targetHints":{"allow":["GET"]}}],"collection":[{"href":"https:\/\/www.oidossucios.com\/site\/wp-json\/wp\/v2\/posts"}],"about":[{"href":"https:\/\/www.oidossucios.com\/site\/wp-json\/wp\/v2\/types\/post"}],"author":[{"embeddable":true,"href":"https:\/\/www.oidossucios.com\/site\/wp-json\/wp\/v2\/users\/4"}],"replies":[{"embeddable":true,"href":"https:\/\/www.oidossucios.com\/site\/wp-json\/wp\/v2\/comments?post=4042"}],"version-history":[{"count":0,"href":"https:\/\/www.oidossucios.com\/site\/wp-json\/wp\/v2\/posts\/4042\/revisions"}],"wp:featuredmedia":[{"embeddable":true,"href":"https:\/\/www.oidossucios.com\/site\/wp-json\/wp\/v2\/media\/100004042"}],"wp:attachment":[{"href":"https:\/\/www.oidossucios.com\/site\/wp-json\/wp\/v2\/media?parent=4042"}],"wp:term":[{"taxonomy":"category","embeddable":true,"href":"https:\/\/www.oidossucios.com\/site\/wp-json\/wp\/v2\/categories?post=4042"},{"taxonomy":"post_tag","embeddable":true,"href":"https:\/\/www.oidossucios.com\/site\/wp-json\/wp\/v2\/tags?post=4042"}],"curies":[{"name":"wp","href":"https:\/\/api.w.org\/{rel}","templated":true}]}}