{"id":4043,"date":"2011-08-26T17:58:00","date_gmt":"2011-08-26T17:58:00","guid":{"rendered":"https:\/\/www.oidossucios.com\/site\/2011\/08\/26\/liam-gallagher-retira-la-demanda-en-contra-de-su-hermano-noel\/"},"modified":"2011-08-26T17:58:00","modified_gmt":"2011-08-26T17:58:00","slug":"liam-gallagher-retira-la-demanda-en-contra-de-su-hermano-noel","status":"publish","type":"post","link":"https:\/\/www.oidossucios.com\/site\/liam-gallagher-retira-la-demanda-en-contra-de-su-hermano-noel\/","title":{"rendered":"Liam Gallagher retira la demanda en contra de su hermano Noel"},"content":{"rendered":"\n<p>Hace unos d\u00edas,&nbsp;Liam Gallagher interpuso una demanda&nbsp;a su hermano Noel, por mentir acerca de las razones de la separaci\u00f3n de Oasis; Noel dec\u00eda que no fue por laringitis, sino por una resaca de Liam que decidieron no presentarse en el V Festival del 2009, lo que desencaden\u00f3 una pelea entre ellos. Liam declar\u00f3 en su momento:<\/p>\n<p><\/p>\n<p>&#8220;Cuestion\u00f3 mi profesionalismo. Trat\u00e9 de resolver esto amistosamente, pero qued\u00e9 sin otra opci\u00f3n que la acci\u00f3n legal. Todo lo que quiero es una disculpa&#8221;.<\/p>\n<p><\/p>\n<p>La disculpa lleg\u00f3 en una&nbsp;entrevista que Noel&nbsp;hizo con sus seguidores hace un par de d\u00edas:<\/p>\n<p><\/p>\n<p>&#8220;Ya sabes, el hecho es que se le diagnostic\u00f3 laringitis y es un hecho tambi\u00e9n que ten\u00eda una nota del doctor que lo demostraba. Pero me gustar\u00eda decir que, si se siente ofendido por mi opini\u00f3n en estas cosas, me disculpo, todo se est\u00e1 volviendo muy tonto y se est\u00e1 saliendo de nuestras manos y eso no es muy bueno&#8221; expres\u00f3 Noel a trav\u00e9s del chat.<\/p>\n<p><\/p>\n<p>La disculpa fue suficiente para que Liam contactara a sus abogados y decidieran retirar la demanda.&nbsp;<\/p>\n<p>&nbsp;<\/p>\n<p>Fuente: www.warp.la<\/p>\n","protected":false},"excerpt":{"rendered":"<p>Hace unos d\u00edas,&nbsp;Liam Gallagher interpuso una demanda&nbsp;a su hermano Noel, por mentir acerca de las razones de la separaci\u00f3n de Oasis; Noel dec\u00eda que no fue por laringitis, sino por una resaca de Liam que decidieron no presentarse en el V Festival del 2009, lo que desencaden\u00f3 una pelea entre ellos. Liam declar\u00f3 en su [&hellip;]<\/p>\n","protected":false},"author":4,"featured_media":100004043,"comment_status":"open","ping_status":"open","sticky":false,"template":"","format":"standard","meta":{"_jetpack_memberships_contains_paid_content":false,"footnotes":""},"categories":[142],"tags":[],"class_list":["post-4043","post","type-post","status-publish","format-standard","has-post-thumbnail","hentry","category-buzznews"],"jetpack_featured_media_url":"https:\/\/www.oidossucios.com\/site\/wp-content\/uploads\/2011\/08\/4043.jpg","yoast_head":"<!-- This site is optimized with the Yoast SEO plugin v14.0.4 - https:\/\/yoast.com\/wordpress\/plugins\/seo\/ -->\n<title>Liam Gallagher retira la demanda en contra de su hermano Noel - OidosSucios.Com<\/title>\n<meta name=\"robots\" content=\"index, follow\" \/>\n<meta name=\"googlebot\" content=\"index, follow, max-snippet:-1, max-image-preview:large, max-video-preview:-1\" \/>\n<meta name=\"bingbot\" content=\"index, follow, max-snippet:-1, max-image-preview:large, max-video-preview:-1\" \/>\n<link rel=\"canonical\" href=\"https:\/\/www.oidossucios.com\/site\/liam-gallagher-retira-la-demanda-en-contra-de-su-hermano-noel\/\" \/>\n<meta property=\"og:locale\" content=\"es_ES\" \/>\n<meta property=\"og:type\" content=\"article\" \/>\n<meta property=\"og:title\" content=\"Liam Gallagher retira la demanda en contra de su hermano Noel - OidosSucios.Com\" \/>\n<meta property=\"og:description\" content=\"Hace unos d\u00edas,&nbsp;Liam Gallagher interpuso una demanda&nbsp;a su hermano Noel, por mentir acerca de las razones de la separaci\u00f3n de Oasis; Noel dec\u00eda que no fue por laringitis, sino por una resaca de Liam que decidieron no presentarse en el V Festival del 2009, lo que desencaden\u00f3 una pelea entre ellos. Liam declar\u00f3 en su [&hellip;]\" \/>\n<meta property=\"og:url\" content=\"https:\/\/www.oidossucios.com\/site\/liam-gallagher-retira-la-demanda-en-contra-de-su-hermano-noel\/\" \/>\n<meta property=\"og:site_name\" content=\"OidosSucios.Com\" \/>\n<meta property=\"article:published_time\" content=\"2011-08-26T17:58:00+00:00\" \/>\n<meta property=\"og:image\" content=\"https:\/\/www.oidossucios.com\/site\/wp-content\/uploads\/2011\/08\/4043.jpg\" \/>\n\t<meta property=\"og:image:width\" content=\"350\" \/>\n\t<meta property=\"og:image:height\" content=\"300\" \/>\n<meta name=\"twitter:card\" content=\"summary_large_image\" \/>\n<meta name=\"twitter:creator\" content=\"@oidossucios\" \/>\n<script type=\"application\/ld+json\" class=\"yoast-schema-graph\">{\"@context\":\"https:\/\/schema.org\",\"@graph\":[{\"@type\":\"WebSite\",\"@id\":\"https:\/\/www.oidossucios.com\/site\/#website\",\"url\":\"https:\/\/www.oidossucios.com\/site\/\",\"name\":\"OidosSucios.Com\",\"description\":\"M\\u00fasica, conciertos, discos\",\"potentialAction\":[{\"@type\":\"SearchAction\",\"target\":\"https:\/\/www.oidossucios.com\/site\/?s={search_term_string}\",\"query-input\":\"required name=search_term_string\"}],\"inLanguage\":\"es\"},{\"@type\":\"ImageObject\",\"@id\":\"https:\/\/www.oidossucios.com\/site\/liam-gallagher-retira-la-demanda-en-contra-de-su-hermano-noel\/#primaryimage\",\"inLanguage\":\"es\",\"url\":\"https:\/\/www.oidossucios.com\/site\/wp-content\/uploads\/2011\/08\/4043.jpg\",\"width\":350,\"height\":300},{\"@type\":\"WebPage\",\"@id\":\"https:\/\/www.oidossucios.com\/site\/liam-gallagher-retira-la-demanda-en-contra-de-su-hermano-noel\/#webpage\",\"url\":\"https:\/\/www.oidossucios.com\/site\/liam-gallagher-retira-la-demanda-en-contra-de-su-hermano-noel\/\",\"name\":\"Liam Gallagher retira la demanda en contra de su hermano Noel - OidosSucios.Com\",\"isPartOf\":{\"@id\":\"https:\/\/www.oidossucios.com\/site\/#website\"},\"primaryImageOfPage\":{\"@id\":\"https:\/\/www.oidossucios.com\/site\/liam-gallagher-retira-la-demanda-en-contra-de-su-hermano-noel\/#primaryimage\"},\"datePublished\":\"2011-08-26T17:58:00+00:00\",\"dateModified\":\"2011-08-26T17:58:00+00:00\",\"author\":{\"@id\":\"https:\/\/www.oidossucios.com\/site\/#\/schema\/person\/24559eeb76bf83a63296fb072393a688\"},\"inLanguage\":\"es\",\"potentialAction\":[{\"@type\":\"ReadAction\",\"target\":[\"https:\/\/www.oidossucios.com\/site\/liam-gallagher-retira-la-demanda-en-contra-de-su-hermano-noel\/\"]}]},{\"@type\":[\"Person\"],\"@id\":\"https:\/\/www.oidossucios.com\/site\/#\/schema\/person\/24559eeb76bf83a63296fb072393a688\",\"name\":\"Oidossucios\",\"image\":{\"@type\":\"ImageObject\",\"@id\":\"https:\/\/www.oidossucios.com\/site\/#personlogo\",\"inLanguage\":\"es\",\"url\":\"https:\/\/secure.gravatar.com\/avatar\/74fcb480f42f1a33e50a0b6e6369a3f907be2e43dc84fa5f76c66e9c22b4a5ab?s=96&d=mm&r=g\",\"caption\":\"Oidossucios\"},\"sameAs\":[\"https:\/\/twitter.com\/oidossucios\"]}]}<\/script>\n<!-- \/ Yoast SEO plugin. -->","jetpack_sharing_enabled":true,"_links":{"self":[{"href":"https:\/\/www.oidossucios.com\/site\/wp-json\/wp\/v2\/posts\/4043","targetHints":{"allow":["GET"]}}],"collection":[{"href":"https:\/\/www.oidossucios.com\/site\/wp-json\/wp\/v2\/posts"}],"about":[{"href":"https:\/\/www.oidossucios.com\/site\/wp-json\/wp\/v2\/types\/post"}],"author":[{"embeddable":true,"href":"https:\/\/www.oidossucios.com\/site\/wp-json\/wp\/v2\/users\/4"}],"replies":[{"embeddable":true,"href":"https:\/\/www.oidossucios.com\/site\/wp-json\/wp\/v2\/comments?post=4043"}],"version-history":[{"count":0,"href":"https:\/\/www.oidossucios.com\/site\/wp-json\/wp\/v2\/posts\/4043\/revisions"}],"wp:featuredmedia":[{"embeddable":true,"href":"https:\/\/www.oidossucios.com\/site\/wp-json\/wp\/v2\/media\/100004043"}],"wp:attachment":[{"href":"https:\/\/www.oidossucios.com\/site\/wp-json\/wp\/v2\/media?parent=4043"}],"wp:term":[{"taxonomy":"category","embeddable":true,"href":"https:\/\/www.oidossucios.com\/site\/wp-json\/wp\/v2\/categories?post=4043"},{"taxonomy":"post_tag","embeddable":true,"href":"https:\/\/www.oidossucios.com\/site\/wp-json\/wp\/v2\/tags?post=4043"}],"curies":[{"name":"wp","href":"https:\/\/api.w.org\/{rel}","templated":true}]}}