{"id":4170,"date":"2011-09-19T15:29:00","date_gmt":"2011-09-19T15:29:00","guid":{"rendered":"https:\/\/www.oidossucios.com\/site\/2011\/09\/19\/arctic-monkeys-estrena-su-nuevo-video-suck-it-and-see\/"},"modified":"2011-09-19T15:29:00","modified_gmt":"2011-09-19T15:29:00","slug":"arctic-monkeys-estrena-su-nuevo-video-suck-it-and-see","status":"publish","type":"post","link":"https:\/\/www.oidossucios.com\/site\/arctic-monkeys-estrena-su-nuevo-video-suck-it-and-see\/","title":{"rendered":"Arctic Monkeys estrena su nuevo video &#8220;Suck It And See&#8221;"},"content":{"rendered":"\n<p>La canci\u00f3n que da t\u00edtulo a su nuevo \u00e1lbum, <i>Suck It And See<\/i>, fue elegida por Arctic Monkeys como el&nbsp; tercer sencillo, de dicho disco. El mencionado track, se pondr\u00e1 a la venta el 31 de octubre, en diferentes formatos, junto a una canci\u00f3n nueva, titulada &#8220;Evil Twin&#8221;.<\/p>\n<p><\/p>\n<p>&nbsp;<\/p>\n<p>Por su parte, el video es pr\u00e1cticamente protagonizado por Matt Helders, baterista de la banda. Recientemente, el grupo de Sheffield revel\u00f3 que se tomar\u00e1 un descanso de los estudios de grabaci\u00f3n hasta el a\u00f1o 2013.<\/p>\n<p>&nbsp;<\/p>\n<p><iframe loading=\"lazy\" width=\"560\" height=\"315\" frameborder=\"0\" allowfullscreen=\"\" src=\"http:\/\/www.youtube.com\/embed\/YxNSjppLWeQ\"><\/iframe><\/p>\n<p><\/p>\n<p><\/p>\n<p>Fuente: www.warp.la<\/p>\n","protected":false},"excerpt":{"rendered":"<p>La canci\u00f3n que da t\u00edtulo a su nuevo \u00e1lbum, Suck It And See, fue elegida por Arctic Monkeys como el&nbsp; tercer sencillo, de dicho disco. El mencionado track, se pondr\u00e1 a la venta el 31 de octubre, en diferentes formatos, junto a una canci\u00f3n nueva, titulada &#8220;Evil Twin&#8221;. &nbsp; Por su parte, el video es [&hellip;]<\/p>\n","protected":false},"author":4,"featured_media":100004170,"comment_status":"open","ping_status":"open","sticky":false,"template":"","format":"standard","meta":{"_jetpack_memberships_contains_paid_content":false,"footnotes":""},"categories":[142],"tags":[],"class_list":["post-4170","post","type-post","status-publish","format-standard","has-post-thumbnail","hentry","category-buzznews"],"jetpack_featured_media_url":"https:\/\/www.oidossucios.com\/site\/wp-content\/uploads\/2011\/09\/4170.jpg","yoast_head":"<!-- This site is optimized with the Yoast SEO plugin v14.0.4 - https:\/\/yoast.com\/wordpress\/plugins\/seo\/ -->\n<title>Arctic Monkeys estrena su nuevo video &quot;Suck It And See&quot; - OidosSucios.Com<\/title>\n<meta name=\"robots\" content=\"index, follow\" \/>\n<meta name=\"googlebot\" content=\"index, follow, max-snippet:-1, max-image-preview:large, max-video-preview:-1\" \/>\n<meta name=\"bingbot\" content=\"index, follow, max-snippet:-1, max-image-preview:large, max-video-preview:-1\" \/>\n<link rel=\"canonical\" href=\"https:\/\/www.oidossucios.com\/site\/arctic-monkeys-estrena-su-nuevo-video-suck-it-and-see\/\" \/>\n<meta property=\"og:locale\" content=\"es_ES\" \/>\n<meta property=\"og:type\" content=\"article\" \/>\n<meta property=\"og:title\" content=\"Arctic Monkeys estrena su nuevo video &quot;Suck It And See&quot; - OidosSucios.Com\" \/>\n<meta property=\"og:description\" content=\"La canci\u00f3n que da t\u00edtulo a su nuevo \u00e1lbum, Suck It And See, fue elegida por Arctic Monkeys como el&nbsp; tercer sencillo, de dicho disco. El mencionado track, se pondr\u00e1 a la venta el 31 de octubre, en diferentes formatos, junto a una canci\u00f3n nueva, titulada &#8220;Evil Twin&#8221;. &nbsp; Por su parte, el video es [&hellip;]\" \/>\n<meta property=\"og:url\" content=\"https:\/\/www.oidossucios.com\/site\/arctic-monkeys-estrena-su-nuevo-video-suck-it-and-see\/\" \/>\n<meta property=\"og:site_name\" content=\"OidosSucios.Com\" \/>\n<meta property=\"article:published_time\" content=\"2011-09-19T15:29:00+00:00\" \/>\n<meta property=\"og:image\" content=\"https:\/\/www.oidossucios.com\/site\/wp-content\/uploads\/2011\/09\/4170.jpg\" \/>\n\t<meta property=\"og:image:width\" content=\"350\" \/>\n\t<meta property=\"og:image:height\" content=\"300\" \/>\n<meta name=\"twitter:card\" content=\"summary_large_image\" \/>\n<meta name=\"twitter:creator\" content=\"@oidossucios\" \/>\n<script type=\"application\/ld+json\" class=\"yoast-schema-graph\">{\"@context\":\"https:\/\/schema.org\",\"@graph\":[{\"@type\":\"WebSite\",\"@id\":\"https:\/\/www.oidossucios.com\/site\/#website\",\"url\":\"https:\/\/www.oidossucios.com\/site\/\",\"name\":\"OidosSucios.Com\",\"description\":\"M\\u00fasica, conciertos, discos\",\"potentialAction\":[{\"@type\":\"SearchAction\",\"target\":\"https:\/\/www.oidossucios.com\/site\/?s={search_term_string}\",\"query-input\":\"required name=search_term_string\"}],\"inLanguage\":\"es\"},{\"@type\":\"ImageObject\",\"@id\":\"https:\/\/www.oidossucios.com\/site\/arctic-monkeys-estrena-su-nuevo-video-suck-it-and-see\/#primaryimage\",\"inLanguage\":\"es\",\"url\":\"https:\/\/www.oidossucios.com\/site\/wp-content\/uploads\/2011\/09\/4170.jpg\",\"width\":350,\"height\":300},{\"@type\":\"WebPage\",\"@id\":\"https:\/\/www.oidossucios.com\/site\/arctic-monkeys-estrena-su-nuevo-video-suck-it-and-see\/#webpage\",\"url\":\"https:\/\/www.oidossucios.com\/site\/arctic-monkeys-estrena-su-nuevo-video-suck-it-and-see\/\",\"name\":\"Arctic Monkeys estrena su nuevo video \\\"Suck It And See\\\" - OidosSucios.Com\",\"isPartOf\":{\"@id\":\"https:\/\/www.oidossucios.com\/site\/#website\"},\"primaryImageOfPage\":{\"@id\":\"https:\/\/www.oidossucios.com\/site\/arctic-monkeys-estrena-su-nuevo-video-suck-it-and-see\/#primaryimage\"},\"datePublished\":\"2011-09-19T15:29:00+00:00\",\"dateModified\":\"2011-09-19T15:29:00+00:00\",\"author\":{\"@id\":\"https:\/\/www.oidossucios.com\/site\/#\/schema\/person\/24559eeb76bf83a63296fb072393a688\"},\"inLanguage\":\"es\",\"potentialAction\":[{\"@type\":\"ReadAction\",\"target\":[\"https:\/\/www.oidossucios.com\/site\/arctic-monkeys-estrena-su-nuevo-video-suck-it-and-see\/\"]}]},{\"@type\":[\"Person\"],\"@id\":\"https:\/\/www.oidossucios.com\/site\/#\/schema\/person\/24559eeb76bf83a63296fb072393a688\",\"name\":\"Oidossucios\",\"image\":{\"@type\":\"ImageObject\",\"@id\":\"https:\/\/www.oidossucios.com\/site\/#personlogo\",\"inLanguage\":\"es\",\"url\":\"https:\/\/secure.gravatar.com\/avatar\/74fcb480f42f1a33e50a0b6e6369a3f907be2e43dc84fa5f76c66e9c22b4a5ab?s=96&d=mm&r=g\",\"caption\":\"Oidossucios\"},\"sameAs\":[\"https:\/\/twitter.com\/oidossucios\"]}]}<\/script>\n<!-- \/ Yoast SEO plugin. -->","jetpack_sharing_enabled":true,"_links":{"self":[{"href":"https:\/\/www.oidossucios.com\/site\/wp-json\/wp\/v2\/posts\/4170","targetHints":{"allow":["GET"]}}],"collection":[{"href":"https:\/\/www.oidossucios.com\/site\/wp-json\/wp\/v2\/posts"}],"about":[{"href":"https:\/\/www.oidossucios.com\/site\/wp-json\/wp\/v2\/types\/post"}],"author":[{"embeddable":true,"href":"https:\/\/www.oidossucios.com\/site\/wp-json\/wp\/v2\/users\/4"}],"replies":[{"embeddable":true,"href":"https:\/\/www.oidossucios.com\/site\/wp-json\/wp\/v2\/comments?post=4170"}],"version-history":[{"count":0,"href":"https:\/\/www.oidossucios.com\/site\/wp-json\/wp\/v2\/posts\/4170\/revisions"}],"wp:featuredmedia":[{"embeddable":true,"href":"https:\/\/www.oidossucios.com\/site\/wp-json\/wp\/v2\/media\/100004170"}],"wp:attachment":[{"href":"https:\/\/www.oidossucios.com\/site\/wp-json\/wp\/v2\/media?parent=4170"}],"wp:term":[{"taxonomy":"category","embeddable":true,"href":"https:\/\/www.oidossucios.com\/site\/wp-json\/wp\/v2\/categories?post=4170"},{"taxonomy":"post_tag","embeddable":true,"href":"https:\/\/www.oidossucios.com\/site\/wp-json\/wp\/v2\/tags?post=4170"}],"curies":[{"name":"wp","href":"https:\/\/api.w.org\/{rel}","templated":true}]}}