{"id":4189,"date":"2011-09-21T18:18:00","date_gmt":"2011-09-21T18:18:00","guid":{"rendered":"https:\/\/www.oidossucios.com\/site\/2011\/09\/21\/krist-novoselic-y-mas-celebran-los-20-anos-de-nervermind-tocandolo-en-vivo\/"},"modified":"2011-09-21T18:18:00","modified_gmt":"2011-09-21T18:18:00","slug":"krist-novoselic-y-mas-celebran-los-20-anos-de-nervermind-tocandolo-en-vivo","status":"publish","type":"post","link":"https:\/\/www.oidossucios.com\/site\/krist-novoselic-y-mas-celebran-los-20-anos-de-nervermind-tocandolo-en-vivo\/","title":{"rendered":"Krist Novoselic y m\u00e1s, celebran los 20 a\u00f1os de &#8220;Nervermind&#8221; toc\u00e1ndolo en vivo"},"content":{"rendered":"\n<p>Anoche, (20 de septiembre) el bajista de Nirvana, Krist Novoselic, junto a Duff McKagan, The Presidents of the United States of America, Visqueen, The Raven Woods y otros artistas locales, celebraron el 20\u00ba aniversario del aclamado \u00e1lbum &#8220;Nevermind&#8221;, toc\u00e1ndolo en su totalidad.<\/p>\n<p><\/p>\n<p>Las ganancias del concierto ir\u00e1n directamente a Susie Tennant, representante de Geffen Records en los 90 y que recientemente fue diagnosticada con c\u00e1ncer. A continuaci\u00f3n unos videos aficionados de lo ocurrido anoche:&nbsp;<\/p>\n<p><\/p>\n<p><iframe loading=\"lazy\" width=\"420\" height=\"315\" frameborder=\"0\" allowfullscreen=\"\" src=\"http:\/\/www.youtube.com\/embed\/8qXpTAGQhng\"><\/iframe><\/p>\n<p><iframe loading=\"lazy\" width=\"420\" height=\"315\" frameborder=\"0\" allowfullscreen=\"\" src=\"http:\/\/www.youtube.com\/embed\/IrQ4QrhmXUQ\"><\/iframe><\/p>\n<p><iframe loading=\"lazy\" width=\"560\" height=\"315\" frameborder=\"0\" allowfullscreen=\"\" src=\"http:\/\/www.youtube.com\/embed\/skiE_Ph6Low\"><\/iframe><\/p>\n<p><iframe loading=\"lazy\" width=\"560\" height=\"315\" frameborder=\"0\" allowfullscreen=\"\" src=\"http:\/\/www.youtube.com\/embed\/UHr8wL5fuc8\"><\/iframe><\/p>\n<p><iframe loading=\"lazy\" width=\"560\" height=\"315\" frameborder=\"0\" allowfullscreen=\"\" src=\"http:\/\/www.youtube.com\/embed\/6zC5iOiJa-I\"><\/iframe><\/p>\n<p><iframe loading=\"lazy\" width=\"560\" height=\"315\" frameborder=\"0\" allowfullscreen=\"\" src=\"http:\/\/www.youtube.com\/embed\/qX7YL9vIqTg\"><\/iframe><\/p>\n<p>&nbsp;<\/p>\n<p><\/p>\n<p>Fuente: www.warp.la<\/p>\n<p>&nbsp;<\/p>\n","protected":false},"excerpt":{"rendered":"<p>Anoche, (20 de septiembre) el bajista de Nirvana, Krist Novoselic, junto a Duff McKagan, The Presidents of the United States of America, Visqueen, The Raven Woods y otros artistas locales, celebraron el 20\u00ba aniversario del aclamado \u00e1lbum &#8220;Nevermind&#8221;, toc\u00e1ndolo en su totalidad. Las ganancias del concierto ir\u00e1n directamente a Susie Tennant, representante de Geffen Records [&hellip;]<\/p>\n","protected":false},"author":4,"featured_media":100004189,"comment_status":"open","ping_status":"open","sticky":false,"template":"","format":"standard","meta":{"_jetpack_memberships_contains_paid_content":false,"footnotes":""},"categories":[142],"tags":[],"class_list":["post-4189","post","type-post","status-publish","format-standard","has-post-thumbnail","hentry","category-buzznews"],"jetpack_featured_media_url":"https:\/\/www.oidossucios.com\/site\/wp-content\/uploads\/2011\/09\/4189.jpg","yoast_head":"<!-- This site is optimized with the Yoast SEO plugin v14.0.4 - https:\/\/yoast.com\/wordpress\/plugins\/seo\/ -->\n<title>Krist Novoselic y m\u00e1s, celebran los 20 a\u00f1os de &quot;Nervermind&quot; toc\u00e1ndolo en vivo - OidosSucios.Com<\/title>\n<meta name=\"robots\" content=\"index, follow\" \/>\n<meta name=\"googlebot\" content=\"index, follow, max-snippet:-1, max-image-preview:large, max-video-preview:-1\" \/>\n<meta name=\"bingbot\" content=\"index, follow, max-snippet:-1, max-image-preview:large, max-video-preview:-1\" \/>\n<link rel=\"canonical\" href=\"https:\/\/www.oidossucios.com\/site\/krist-novoselic-y-mas-celebran-los-20-anos-de-nervermind-tocandolo-en-vivo\/\" \/>\n<meta property=\"og:locale\" content=\"es_ES\" \/>\n<meta property=\"og:type\" content=\"article\" \/>\n<meta property=\"og:title\" content=\"Krist Novoselic y m\u00e1s, celebran los 20 a\u00f1os de &quot;Nervermind&quot; toc\u00e1ndolo en vivo - OidosSucios.Com\" \/>\n<meta property=\"og:description\" content=\"Anoche, (20 de septiembre) el bajista de Nirvana, Krist Novoselic, junto a Duff McKagan, The Presidents of the United States of America, Visqueen, The Raven Woods y otros artistas locales, celebraron el 20\u00ba aniversario del aclamado \u00e1lbum &#8220;Nevermind&#8221;, toc\u00e1ndolo en su totalidad. Las ganancias del concierto ir\u00e1n directamente a Susie Tennant, representante de Geffen Records [&hellip;]\" \/>\n<meta property=\"og:url\" content=\"https:\/\/www.oidossucios.com\/site\/krist-novoselic-y-mas-celebran-los-20-anos-de-nervermind-tocandolo-en-vivo\/\" \/>\n<meta property=\"og:site_name\" content=\"OidosSucios.Com\" \/>\n<meta property=\"article:published_time\" content=\"2011-09-21T18:18:00+00:00\" \/>\n<meta property=\"og:image\" content=\"https:\/\/www.oidossucios.com\/site\/wp-content\/uploads\/2011\/09\/4189.jpg\" \/>\n\t<meta property=\"og:image:width\" content=\"350\" \/>\n\t<meta property=\"og:image:height\" content=\"300\" \/>\n<meta name=\"twitter:card\" content=\"summary_large_image\" \/>\n<meta name=\"twitter:creator\" content=\"@oidossucios\" \/>\n<script type=\"application\/ld+json\" class=\"yoast-schema-graph\">{\"@context\":\"https:\/\/schema.org\",\"@graph\":[{\"@type\":\"WebSite\",\"@id\":\"https:\/\/www.oidossucios.com\/site\/#website\",\"url\":\"https:\/\/www.oidossucios.com\/site\/\",\"name\":\"OidosSucios.Com\",\"description\":\"M\\u00fasica, conciertos, discos\",\"potentialAction\":[{\"@type\":\"SearchAction\",\"target\":\"https:\/\/www.oidossucios.com\/site\/?s={search_term_string}\",\"query-input\":\"required name=search_term_string\"}],\"inLanguage\":\"es\"},{\"@type\":\"ImageObject\",\"@id\":\"https:\/\/www.oidossucios.com\/site\/krist-novoselic-y-mas-celebran-los-20-anos-de-nervermind-tocandolo-en-vivo\/#primaryimage\",\"inLanguage\":\"es\",\"url\":\"https:\/\/www.oidossucios.com\/site\/wp-content\/uploads\/2011\/09\/4189.jpg\",\"width\":350,\"height\":300},{\"@type\":\"WebPage\",\"@id\":\"https:\/\/www.oidossucios.com\/site\/krist-novoselic-y-mas-celebran-los-20-anos-de-nervermind-tocandolo-en-vivo\/#webpage\",\"url\":\"https:\/\/www.oidossucios.com\/site\/krist-novoselic-y-mas-celebran-los-20-anos-de-nervermind-tocandolo-en-vivo\/\",\"name\":\"Krist Novoselic y m\\u00e1s, celebran los 20 a\\u00f1os de \\\"Nervermind\\\" toc\\u00e1ndolo en vivo - OidosSucios.Com\",\"isPartOf\":{\"@id\":\"https:\/\/www.oidossucios.com\/site\/#website\"},\"primaryImageOfPage\":{\"@id\":\"https:\/\/www.oidossucios.com\/site\/krist-novoselic-y-mas-celebran-los-20-anos-de-nervermind-tocandolo-en-vivo\/#primaryimage\"},\"datePublished\":\"2011-09-21T18:18:00+00:00\",\"dateModified\":\"2011-09-21T18:18:00+00:00\",\"author\":{\"@id\":\"https:\/\/www.oidossucios.com\/site\/#\/schema\/person\/24559eeb76bf83a63296fb072393a688\"},\"inLanguage\":\"es\",\"potentialAction\":[{\"@type\":\"ReadAction\",\"target\":[\"https:\/\/www.oidossucios.com\/site\/krist-novoselic-y-mas-celebran-los-20-anos-de-nervermind-tocandolo-en-vivo\/\"]}]},{\"@type\":[\"Person\"],\"@id\":\"https:\/\/www.oidossucios.com\/site\/#\/schema\/person\/24559eeb76bf83a63296fb072393a688\",\"name\":\"Oidossucios\",\"image\":{\"@type\":\"ImageObject\",\"@id\":\"https:\/\/www.oidossucios.com\/site\/#personlogo\",\"inLanguage\":\"es\",\"url\":\"https:\/\/secure.gravatar.com\/avatar\/74fcb480f42f1a33e50a0b6e6369a3f907be2e43dc84fa5f76c66e9c22b4a5ab?s=96&d=mm&r=g\",\"caption\":\"Oidossucios\"},\"sameAs\":[\"https:\/\/twitter.com\/oidossucios\"]}]}<\/script>\n<!-- \/ Yoast SEO plugin. -->","jetpack_sharing_enabled":true,"_links":{"self":[{"href":"https:\/\/www.oidossucios.com\/site\/wp-json\/wp\/v2\/posts\/4189","targetHints":{"allow":["GET"]}}],"collection":[{"href":"https:\/\/www.oidossucios.com\/site\/wp-json\/wp\/v2\/posts"}],"about":[{"href":"https:\/\/www.oidossucios.com\/site\/wp-json\/wp\/v2\/types\/post"}],"author":[{"embeddable":true,"href":"https:\/\/www.oidossucios.com\/site\/wp-json\/wp\/v2\/users\/4"}],"replies":[{"embeddable":true,"href":"https:\/\/www.oidossucios.com\/site\/wp-json\/wp\/v2\/comments?post=4189"}],"version-history":[{"count":0,"href":"https:\/\/www.oidossucios.com\/site\/wp-json\/wp\/v2\/posts\/4189\/revisions"}],"wp:featuredmedia":[{"embeddable":true,"href":"https:\/\/www.oidossucios.com\/site\/wp-json\/wp\/v2\/media\/100004189"}],"wp:attachment":[{"href":"https:\/\/www.oidossucios.com\/site\/wp-json\/wp\/v2\/media?parent=4189"}],"wp:term":[{"taxonomy":"category","embeddable":true,"href":"https:\/\/www.oidossucios.com\/site\/wp-json\/wp\/v2\/categories?post=4189"},{"taxonomy":"post_tag","embeddable":true,"href":"https:\/\/www.oidossucios.com\/site\/wp-json\/wp\/v2\/tags?post=4189"}],"curies":[{"name":"wp","href":"https:\/\/api.w.org\/{rel}","templated":true}]}}