{"id":4191,"date":"2011-09-21T18:33:00","date_gmt":"2011-09-21T18:33:00","guid":{"rendered":"https:\/\/www.oidossucios.com\/site\/2011\/09\/21\/panic-at-the-disco-sacara-ep-en-vivo\/"},"modified":"2011-09-21T18:33:00","modified_gmt":"2011-09-21T18:33:00","slug":"panic-at-the-disco-sacara-ep-en-vivo","status":"publish","type":"post","link":"https:\/\/www.oidossucios.com\/site\/panic-at-the-disco-sacara-ep-en-vivo\/","title":{"rendered":"Panic! At The Disco sacar\u00e1 EP en vivo"},"content":{"rendered":"\n<p>A la par de la promoci\u00f3n que actualmente realiza Panic! At The Disco de su material <i>Vices And Virtues<\/i>, la dupla ha informado sobre el lanzamiento de un EP en vivo, la pr\u00f3xima semana.<\/p>\n<p><\/p>\n<p>Titulado <i>iTunes Live<\/i>, este trabajo incluir\u00e1 seis canciones ejecutadas durante la gira que actualmente realizan y estar\u00e1 disponible s\u00f3lo de manera digital a partir del martes, 27 de septiembre.<\/p>\n<p><\/p>\n<p>El tracklist a continuaci\u00f3n:<\/p>\n<p><\/p>\n<p>Ready To Go (Get Me Out of My Mind)<br \/>But It\u00b4s Better If You Do<br \/>New Perspective<br \/>Nine In The Afternoon<br \/>The Calendar<br \/>I Write Sins Not Tragedies<\/p>\n<p>&nbsp;<\/p>\n<p><\/p>\n<p>Fuente: www.warp.la<\/p>\n<p>&nbsp;<\/p>\n","protected":false},"excerpt":{"rendered":"<p>A la par de la promoci\u00f3n que actualmente realiza Panic! At The Disco de su material Vices And Virtues, la dupla ha informado sobre el lanzamiento de un EP en vivo, la pr\u00f3xima semana. Titulado iTunes Live, este trabajo incluir\u00e1 seis canciones ejecutadas durante la gira que actualmente realizan y estar\u00e1 disponible s\u00f3lo de manera [&hellip;]<\/p>\n","protected":false},"author":4,"featured_media":100004191,"comment_status":"open","ping_status":"open","sticky":false,"template":"","format":"standard","meta":{"_jetpack_memberships_contains_paid_content":false,"footnotes":""},"categories":[142],"tags":[],"class_list":["post-4191","post","type-post","status-publish","format-standard","has-post-thumbnail","hentry","category-buzznews"],"jetpack_featured_media_url":"https:\/\/www.oidossucios.com\/site\/wp-content\/uploads\/2011\/09\/4191.jpg","yoast_head":"<!-- This site is optimized with the Yoast SEO plugin v14.0.4 - https:\/\/yoast.com\/wordpress\/plugins\/seo\/ -->\n<title>Panic! At The Disco sacar\u00e1 EP en vivo - OidosSucios.Com<\/title>\n<meta name=\"robots\" content=\"index, follow\" \/>\n<meta name=\"googlebot\" content=\"index, follow, max-snippet:-1, max-image-preview:large, max-video-preview:-1\" \/>\n<meta name=\"bingbot\" content=\"index, follow, max-snippet:-1, max-image-preview:large, max-video-preview:-1\" \/>\n<link rel=\"canonical\" href=\"https:\/\/www.oidossucios.com\/site\/panic-at-the-disco-sacara-ep-en-vivo\/\" \/>\n<meta property=\"og:locale\" content=\"es_ES\" \/>\n<meta property=\"og:type\" content=\"article\" \/>\n<meta property=\"og:title\" content=\"Panic! At The Disco sacar\u00e1 EP en vivo - OidosSucios.Com\" \/>\n<meta property=\"og:description\" content=\"A la par de la promoci\u00f3n que actualmente realiza Panic! At The Disco de su material Vices And Virtues, la dupla ha informado sobre el lanzamiento de un EP en vivo, la pr\u00f3xima semana. Titulado iTunes Live, este trabajo incluir\u00e1 seis canciones ejecutadas durante la gira que actualmente realizan y estar\u00e1 disponible s\u00f3lo de manera [&hellip;]\" \/>\n<meta property=\"og:url\" content=\"https:\/\/www.oidossucios.com\/site\/panic-at-the-disco-sacara-ep-en-vivo\/\" \/>\n<meta property=\"og:site_name\" content=\"OidosSucios.Com\" \/>\n<meta property=\"article:published_time\" content=\"2011-09-21T18:33:00+00:00\" \/>\n<meta property=\"og:image\" content=\"https:\/\/www.oidossucios.com\/site\/wp-content\/uploads\/2011\/09\/4191.jpg\" \/>\n\t<meta property=\"og:image:width\" content=\"350\" \/>\n\t<meta property=\"og:image:height\" content=\"300\" \/>\n<meta name=\"twitter:card\" content=\"summary_large_image\" \/>\n<meta name=\"twitter:creator\" content=\"@oidossucios\" \/>\n<script type=\"application\/ld+json\" class=\"yoast-schema-graph\">{\"@context\":\"https:\/\/schema.org\",\"@graph\":[{\"@type\":\"WebSite\",\"@id\":\"https:\/\/www.oidossucios.com\/site\/#website\",\"url\":\"https:\/\/www.oidossucios.com\/site\/\",\"name\":\"OidosSucios.Com\",\"description\":\"M\\u00fasica, conciertos, discos\",\"potentialAction\":[{\"@type\":\"SearchAction\",\"target\":\"https:\/\/www.oidossucios.com\/site\/?s={search_term_string}\",\"query-input\":\"required name=search_term_string\"}],\"inLanguage\":\"es\"},{\"@type\":\"ImageObject\",\"@id\":\"https:\/\/www.oidossucios.com\/site\/panic-at-the-disco-sacara-ep-en-vivo\/#primaryimage\",\"inLanguage\":\"es\",\"url\":\"https:\/\/www.oidossucios.com\/site\/wp-content\/uploads\/2011\/09\/4191.jpg\",\"width\":350,\"height\":300},{\"@type\":\"WebPage\",\"@id\":\"https:\/\/www.oidossucios.com\/site\/panic-at-the-disco-sacara-ep-en-vivo\/#webpage\",\"url\":\"https:\/\/www.oidossucios.com\/site\/panic-at-the-disco-sacara-ep-en-vivo\/\",\"name\":\"Panic! At The Disco sacar\\u00e1 EP en vivo - OidosSucios.Com\",\"isPartOf\":{\"@id\":\"https:\/\/www.oidossucios.com\/site\/#website\"},\"primaryImageOfPage\":{\"@id\":\"https:\/\/www.oidossucios.com\/site\/panic-at-the-disco-sacara-ep-en-vivo\/#primaryimage\"},\"datePublished\":\"2011-09-21T18:33:00+00:00\",\"dateModified\":\"2011-09-21T18:33:00+00:00\",\"author\":{\"@id\":\"https:\/\/www.oidossucios.com\/site\/#\/schema\/person\/24559eeb76bf83a63296fb072393a688\"},\"inLanguage\":\"es\",\"potentialAction\":[{\"@type\":\"ReadAction\",\"target\":[\"https:\/\/www.oidossucios.com\/site\/panic-at-the-disco-sacara-ep-en-vivo\/\"]}]},{\"@type\":[\"Person\"],\"@id\":\"https:\/\/www.oidossucios.com\/site\/#\/schema\/person\/24559eeb76bf83a63296fb072393a688\",\"name\":\"Oidossucios\",\"image\":{\"@type\":\"ImageObject\",\"@id\":\"https:\/\/www.oidossucios.com\/site\/#personlogo\",\"inLanguage\":\"es\",\"url\":\"https:\/\/secure.gravatar.com\/avatar\/74fcb480f42f1a33e50a0b6e6369a3f907be2e43dc84fa5f76c66e9c22b4a5ab?s=96&d=mm&r=g\",\"caption\":\"Oidossucios\"},\"sameAs\":[\"https:\/\/twitter.com\/oidossucios\"]}]}<\/script>\n<!-- \/ Yoast SEO plugin. -->","jetpack_sharing_enabled":true,"_links":{"self":[{"href":"https:\/\/www.oidossucios.com\/site\/wp-json\/wp\/v2\/posts\/4191","targetHints":{"allow":["GET"]}}],"collection":[{"href":"https:\/\/www.oidossucios.com\/site\/wp-json\/wp\/v2\/posts"}],"about":[{"href":"https:\/\/www.oidossucios.com\/site\/wp-json\/wp\/v2\/types\/post"}],"author":[{"embeddable":true,"href":"https:\/\/www.oidossucios.com\/site\/wp-json\/wp\/v2\/users\/4"}],"replies":[{"embeddable":true,"href":"https:\/\/www.oidossucios.com\/site\/wp-json\/wp\/v2\/comments?post=4191"}],"version-history":[{"count":0,"href":"https:\/\/www.oidossucios.com\/site\/wp-json\/wp\/v2\/posts\/4191\/revisions"}],"wp:featuredmedia":[{"embeddable":true,"href":"https:\/\/www.oidossucios.com\/site\/wp-json\/wp\/v2\/media\/100004191"}],"wp:attachment":[{"href":"https:\/\/www.oidossucios.com\/site\/wp-json\/wp\/v2\/media?parent=4191"}],"wp:term":[{"taxonomy":"category","embeddable":true,"href":"https:\/\/www.oidossucios.com\/site\/wp-json\/wp\/v2\/categories?post=4191"},{"taxonomy":"post_tag","embeddable":true,"href":"https:\/\/www.oidossucios.com\/site\/wp-json\/wp\/v2\/tags?post=4191"}],"curies":[{"name":"wp","href":"https:\/\/api.w.org\/{rel}","templated":true}]}}