{"id":4235,"date":"2011-09-29T07:30:00","date_gmt":"2011-09-29T07:30:00","guid":{"rendered":"https:\/\/www.oidossucios.com\/site\/2011\/09\/29\/casi-listo-el-nuevo-disco-de-aerosmith\/"},"modified":"2011-09-29T07:30:00","modified_gmt":"2011-09-29T07:30:00","slug":"casi-listo-el-nuevo-disco-de-aerosmith","status":"publish","type":"post","link":"https:\/\/www.oidossucios.com\/site\/casi-listo-el-nuevo-disco-de-aerosmith\/","title":{"rendered":"Casi listo el nuevo disco de Aerosmith"},"content":{"rendered":"\n<p class=\"MsoNormal\">En entrevista con Rolling Stone, Steven Tyler asegur\u00f3 que el nuevo disco de Aerosmith quedar\u00e1 listo en meses pr\u00f3ximos. &#8220;Dos meses haci\u00e9ndolo (la grabaci\u00f3n) y casi estamos ah\u00ed. Pasaremos otro mes en Los Angeles&#8221;, fue lo que declar\u00f3 el frontman de la banda, para despu\u00e9s asegurar que podr\u00eda llegar a las tiendas en marzo de 2012.<o:p><\/o:p><\/p>\n<p class=\"MsoNormal\"><\/p>\n<p class=\"MsoNormal\">Esta noticia reafirma la continuidad de sus miembros como agrupaci\u00f3n, teniendo en cuenta los rumores de hace algunos meses sobre su posible desintegraci\u00f3n y la salida del mismo Steven. Seguiremos informando.<o:p><\/o:p><\/p>\n<p class=\"MsoNormal\"><\/p>\n<p class=\"MsoNormal\">Fuente: www.warp.la<o:p><\/o:p><\/p>\n","protected":false},"excerpt":{"rendered":"<p>En entrevista con Rolling Stone, Steven Tyler asegur\u00f3 que el nuevo disco de Aerosmith quedar\u00e1 listo en meses pr\u00f3ximos. &#8220;Dos meses haci\u00e9ndolo (la grabaci\u00f3n) y casi estamos ah\u00ed. Pasaremos otro mes en Los Angeles&#8221;, fue lo que declar\u00f3 el frontman de la banda, para despu\u00e9s asegurar que podr\u00eda llegar a las tiendas en marzo de [&hellip;]<\/p>\n","protected":false},"author":4,"featured_media":100004235,"comment_status":"open","ping_status":"open","sticky":false,"template":"","format":"standard","meta":{"_jetpack_memberships_contains_paid_content":false,"footnotes":""},"categories":[142],"tags":[],"class_list":["post-4235","post","type-post","status-publish","format-standard","has-post-thumbnail","hentry","category-buzznews"],"jetpack_featured_media_url":"https:\/\/www.oidossucios.com\/site\/wp-content\/uploads\/2011\/09\/4235.jpg","yoast_head":"<!-- This site is optimized with the Yoast SEO plugin v14.0.4 - https:\/\/yoast.com\/wordpress\/plugins\/seo\/ -->\n<title>Casi listo el nuevo disco de Aerosmith - OidosSucios.Com<\/title>\n<meta name=\"robots\" content=\"index, follow\" \/>\n<meta name=\"googlebot\" content=\"index, follow, max-snippet:-1, max-image-preview:large, max-video-preview:-1\" \/>\n<meta name=\"bingbot\" content=\"index, follow, max-snippet:-1, max-image-preview:large, max-video-preview:-1\" \/>\n<link rel=\"canonical\" href=\"https:\/\/www.oidossucios.com\/site\/casi-listo-el-nuevo-disco-de-aerosmith\/\" \/>\n<meta property=\"og:locale\" content=\"es_ES\" \/>\n<meta property=\"og:type\" content=\"article\" \/>\n<meta property=\"og:title\" content=\"Casi listo el nuevo disco de Aerosmith - OidosSucios.Com\" \/>\n<meta property=\"og:description\" content=\"En entrevista con Rolling Stone, Steven Tyler asegur\u00f3 que el nuevo disco de Aerosmith quedar\u00e1 listo en meses pr\u00f3ximos. &#8220;Dos meses haci\u00e9ndolo (la grabaci\u00f3n) y casi estamos ah\u00ed. Pasaremos otro mes en Los Angeles&#8221;, fue lo que declar\u00f3 el frontman de la banda, para despu\u00e9s asegurar que podr\u00eda llegar a las tiendas en marzo de [&hellip;]\" \/>\n<meta property=\"og:url\" content=\"https:\/\/www.oidossucios.com\/site\/casi-listo-el-nuevo-disco-de-aerosmith\/\" \/>\n<meta property=\"og:site_name\" content=\"OidosSucios.Com\" \/>\n<meta property=\"article:published_time\" content=\"2011-09-29T07:30:00+00:00\" \/>\n<meta property=\"og:image\" content=\"https:\/\/www.oidossucios.com\/site\/wp-content\/uploads\/2011\/09\/4235.jpg\" \/>\n\t<meta property=\"og:image:width\" content=\"350\" \/>\n\t<meta property=\"og:image:height\" content=\"300\" \/>\n<meta name=\"twitter:card\" content=\"summary_large_image\" \/>\n<meta name=\"twitter:creator\" content=\"@oidossucios\" \/>\n<script type=\"application\/ld+json\" class=\"yoast-schema-graph\">{\"@context\":\"https:\/\/schema.org\",\"@graph\":[{\"@type\":\"WebSite\",\"@id\":\"https:\/\/www.oidossucios.com\/site\/#website\",\"url\":\"https:\/\/www.oidossucios.com\/site\/\",\"name\":\"OidosSucios.Com\",\"description\":\"M\\u00fasica, conciertos, discos\",\"potentialAction\":[{\"@type\":\"SearchAction\",\"target\":\"https:\/\/www.oidossucios.com\/site\/?s={search_term_string}\",\"query-input\":\"required name=search_term_string\"}],\"inLanguage\":\"es\"},{\"@type\":\"ImageObject\",\"@id\":\"https:\/\/www.oidossucios.com\/site\/casi-listo-el-nuevo-disco-de-aerosmith\/#primaryimage\",\"inLanguage\":\"es\",\"url\":\"https:\/\/www.oidossucios.com\/site\/wp-content\/uploads\/2011\/09\/4235.jpg\",\"width\":350,\"height\":300},{\"@type\":\"WebPage\",\"@id\":\"https:\/\/www.oidossucios.com\/site\/casi-listo-el-nuevo-disco-de-aerosmith\/#webpage\",\"url\":\"https:\/\/www.oidossucios.com\/site\/casi-listo-el-nuevo-disco-de-aerosmith\/\",\"name\":\"Casi listo el nuevo disco de Aerosmith - OidosSucios.Com\",\"isPartOf\":{\"@id\":\"https:\/\/www.oidossucios.com\/site\/#website\"},\"primaryImageOfPage\":{\"@id\":\"https:\/\/www.oidossucios.com\/site\/casi-listo-el-nuevo-disco-de-aerosmith\/#primaryimage\"},\"datePublished\":\"2011-09-29T07:30:00+00:00\",\"dateModified\":\"2011-09-29T07:30:00+00:00\",\"author\":{\"@id\":\"https:\/\/www.oidossucios.com\/site\/#\/schema\/person\/24559eeb76bf83a63296fb072393a688\"},\"inLanguage\":\"es\",\"potentialAction\":[{\"@type\":\"ReadAction\",\"target\":[\"https:\/\/www.oidossucios.com\/site\/casi-listo-el-nuevo-disco-de-aerosmith\/\"]}]},{\"@type\":[\"Person\"],\"@id\":\"https:\/\/www.oidossucios.com\/site\/#\/schema\/person\/24559eeb76bf83a63296fb072393a688\",\"name\":\"Oidossucios\",\"image\":{\"@type\":\"ImageObject\",\"@id\":\"https:\/\/www.oidossucios.com\/site\/#personlogo\",\"inLanguage\":\"es\",\"url\":\"https:\/\/secure.gravatar.com\/avatar\/74fcb480f42f1a33e50a0b6e6369a3f907be2e43dc84fa5f76c66e9c22b4a5ab?s=96&d=mm&r=g\",\"caption\":\"Oidossucios\"},\"sameAs\":[\"https:\/\/twitter.com\/oidossucios\"]}]}<\/script>\n<!-- \/ Yoast SEO plugin. -->","jetpack_sharing_enabled":true,"_links":{"self":[{"href":"https:\/\/www.oidossucios.com\/site\/wp-json\/wp\/v2\/posts\/4235","targetHints":{"allow":["GET"]}}],"collection":[{"href":"https:\/\/www.oidossucios.com\/site\/wp-json\/wp\/v2\/posts"}],"about":[{"href":"https:\/\/www.oidossucios.com\/site\/wp-json\/wp\/v2\/types\/post"}],"author":[{"embeddable":true,"href":"https:\/\/www.oidossucios.com\/site\/wp-json\/wp\/v2\/users\/4"}],"replies":[{"embeddable":true,"href":"https:\/\/www.oidossucios.com\/site\/wp-json\/wp\/v2\/comments?post=4235"}],"version-history":[{"count":0,"href":"https:\/\/www.oidossucios.com\/site\/wp-json\/wp\/v2\/posts\/4235\/revisions"}],"wp:featuredmedia":[{"embeddable":true,"href":"https:\/\/www.oidossucios.com\/site\/wp-json\/wp\/v2\/media\/100004235"}],"wp:attachment":[{"href":"https:\/\/www.oidossucios.com\/site\/wp-json\/wp\/v2\/media?parent=4235"}],"wp:term":[{"taxonomy":"category","embeddable":true,"href":"https:\/\/www.oidossucios.com\/site\/wp-json\/wp\/v2\/categories?post=4235"},{"taxonomy":"post_tag","embeddable":true,"href":"https:\/\/www.oidossucios.com\/site\/wp-json\/wp\/v2\/tags?post=4235"}],"curies":[{"name":"wp","href":"https:\/\/api.w.org\/{rel}","templated":true}]}}