{"id":4250,"date":"2011-09-30T07:59:00","date_gmt":"2011-09-30T07:59:00","guid":{"rendered":"https:\/\/www.oidossucios.com\/site\/2011\/09\/30\/uriah-heep-cofirma-sus-presentaciones-en-venezuela\/"},"modified":"2011-09-30T07:59:00","modified_gmt":"2011-09-30T07:59:00","slug":"uriah-heep-cofirma-sus-presentaciones-en-venezuela","status":"publish","type":"post","link":"https:\/\/www.oidossucios.com\/site\/uriah-heep-cofirma-sus-presentaciones-en-venezuela\/","title":{"rendered":"Uriah Heep cofirma sus presentaciones en Venezuela"},"content":{"rendered":"\n<p><b>Uriah Heep<\/b>, acaba de confirmar su presencia por 1ra vez en Venezuela a trav\u00e9s <a href=\"http:\/\/www.uriah-heep.com\/newa\/livedates.php\">de su p\u00e1gina oficial<\/a> .<\/p>\n<p>&nbsp;<\/p>\n<p>&nbsp;La agrupaci\u00f3n se presentar\u00e1 por primera vez en Venezuela &nbsp;en 2 ciudades distintas, el s\u00e1bado 26&nbsp; de Noviembre junto a los colombianos de Kraken y por Venezuela: Etnica, Resistencia, Gillman (Con Facundo Coral como invitado especial), los talentos regionales X-Blade, Vortice, Ekrom Pretorium y Vallium 100 Kgs en el <b>Gillman Fest Aaragua III 2011<\/b>, en el Parque de Ferias de San Jacinto en Maracay.<\/p>\n<p>&nbsp;<\/p>\n<p>Posteriormente, el domingo 27 de noviembre se presentar\u00e1 en la sala R\u00edos Reyna del Teatro Teresa Carre\u00f1o de Caracas, para s\u00f3lo 2.000 fervientes seguidores que adquieran con tiempo sus entradas para disfrutar del Gillmanfest Caracas Edici\u00f3n Especial de Leyenda en el Teatro Teresa Carre\u00f1o con La Misma Gente, Resistencia y Gillman. Ambos eventos tan s\u00f3lo colaborando con 30 bol\u00edvares. <\/p>\n<p>&nbsp;<\/p>\n<p>&nbsp;<\/p>\n<p><iframe loading=\"lazy\" width=\"480\" height=\"360\" frameborder=\"0\" allowfullscreen=\"\" src=\"http:\/\/www.youtube.com\/embed\/g1m7wTdrvww\"><\/iframe><\/p>\n","protected":false},"excerpt":{"rendered":"<p>Uriah Heep, acaba de confirmar su presencia por 1ra vez en Venezuela a trav\u00e9s de su p\u00e1gina oficial . &nbsp; &nbsp;La agrupaci\u00f3n se presentar\u00e1 por primera vez en Venezuela &nbsp;en 2 ciudades distintas, el s\u00e1bado 26&nbsp; de Noviembre junto a los colombianos de Kraken y por Venezuela: Etnica, Resistencia, Gillman (Con Facundo Coral como invitado [&hellip;]<\/p>\n","protected":false},"author":4,"featured_media":100004250,"comment_status":"open","ping_status":"open","sticky":false,"template":"","format":"standard","meta":{"_jetpack_memberships_contains_paid_content":false,"footnotes":""},"categories":[142],"tags":[],"class_list":["post-4250","post","type-post","status-publish","format-standard","has-post-thumbnail","hentry","category-buzznews"],"jetpack_featured_media_url":"https:\/\/www.oidossucios.com\/site\/wp-content\/uploads\/2011\/09\/4250.jpg","yoast_head":"<!-- This site is optimized with the Yoast SEO plugin v14.0.4 - https:\/\/yoast.com\/wordpress\/plugins\/seo\/ -->\n<title>Uriah Heep cofirma sus presentaciones en Venezuela - OidosSucios.Com<\/title>\n<meta name=\"robots\" content=\"index, follow\" \/>\n<meta name=\"googlebot\" content=\"index, follow, max-snippet:-1, max-image-preview:large, max-video-preview:-1\" \/>\n<meta name=\"bingbot\" content=\"index, follow, max-snippet:-1, max-image-preview:large, max-video-preview:-1\" \/>\n<link rel=\"canonical\" href=\"https:\/\/www.oidossucios.com\/site\/uriah-heep-cofirma-sus-presentaciones-en-venezuela\/\" \/>\n<meta property=\"og:locale\" content=\"es_ES\" \/>\n<meta property=\"og:type\" content=\"article\" \/>\n<meta property=\"og:title\" content=\"Uriah Heep cofirma sus presentaciones en Venezuela - OidosSucios.Com\" \/>\n<meta property=\"og:description\" content=\"Uriah Heep, acaba de confirmar su presencia por 1ra vez en Venezuela a trav\u00e9s de su p\u00e1gina oficial . &nbsp; &nbsp;La agrupaci\u00f3n se presentar\u00e1 por primera vez en Venezuela &nbsp;en 2 ciudades distintas, el s\u00e1bado 26&nbsp; de Noviembre junto a los colombianos de Kraken y por Venezuela: Etnica, Resistencia, Gillman (Con Facundo Coral como invitado [&hellip;]\" \/>\n<meta property=\"og:url\" content=\"https:\/\/www.oidossucios.com\/site\/uriah-heep-cofirma-sus-presentaciones-en-venezuela\/\" \/>\n<meta property=\"og:site_name\" content=\"OidosSucios.Com\" \/>\n<meta property=\"article:published_time\" content=\"2011-09-30T07:59:00+00:00\" \/>\n<meta property=\"og:image\" content=\"https:\/\/www.oidossucios.com\/site\/wp-content\/uploads\/2011\/09\/4250.jpg\" \/>\n\t<meta property=\"og:image:width\" content=\"350\" \/>\n\t<meta property=\"og:image:height\" content=\"300\" \/>\n<meta name=\"twitter:card\" content=\"summary_large_image\" \/>\n<meta name=\"twitter:creator\" content=\"@oidossucios\" \/>\n<script type=\"application\/ld+json\" class=\"yoast-schema-graph\">{\"@context\":\"https:\/\/schema.org\",\"@graph\":[{\"@type\":\"WebSite\",\"@id\":\"https:\/\/www.oidossucios.com\/site\/#website\",\"url\":\"https:\/\/www.oidossucios.com\/site\/\",\"name\":\"OidosSucios.Com\",\"description\":\"M\\u00fasica, conciertos, discos\",\"potentialAction\":[{\"@type\":\"SearchAction\",\"target\":\"https:\/\/www.oidossucios.com\/site\/?s={search_term_string}\",\"query-input\":\"required name=search_term_string\"}],\"inLanguage\":\"es\"},{\"@type\":\"ImageObject\",\"@id\":\"https:\/\/www.oidossucios.com\/site\/uriah-heep-cofirma-sus-presentaciones-en-venezuela\/#primaryimage\",\"inLanguage\":\"es\",\"url\":\"https:\/\/www.oidossucios.com\/site\/wp-content\/uploads\/2011\/09\/4250.jpg\",\"width\":350,\"height\":300},{\"@type\":\"WebPage\",\"@id\":\"https:\/\/www.oidossucios.com\/site\/uriah-heep-cofirma-sus-presentaciones-en-venezuela\/#webpage\",\"url\":\"https:\/\/www.oidossucios.com\/site\/uriah-heep-cofirma-sus-presentaciones-en-venezuela\/\",\"name\":\"Uriah Heep cofirma sus presentaciones en Venezuela - OidosSucios.Com\",\"isPartOf\":{\"@id\":\"https:\/\/www.oidossucios.com\/site\/#website\"},\"primaryImageOfPage\":{\"@id\":\"https:\/\/www.oidossucios.com\/site\/uriah-heep-cofirma-sus-presentaciones-en-venezuela\/#primaryimage\"},\"datePublished\":\"2011-09-30T07:59:00+00:00\",\"dateModified\":\"2011-09-30T07:59:00+00:00\",\"author\":{\"@id\":\"https:\/\/www.oidossucios.com\/site\/#\/schema\/person\/24559eeb76bf83a63296fb072393a688\"},\"inLanguage\":\"es\",\"potentialAction\":[{\"@type\":\"ReadAction\",\"target\":[\"https:\/\/www.oidossucios.com\/site\/uriah-heep-cofirma-sus-presentaciones-en-venezuela\/\"]}]},{\"@type\":[\"Person\"],\"@id\":\"https:\/\/www.oidossucios.com\/site\/#\/schema\/person\/24559eeb76bf83a63296fb072393a688\",\"name\":\"Oidossucios\",\"image\":{\"@type\":\"ImageObject\",\"@id\":\"https:\/\/www.oidossucios.com\/site\/#personlogo\",\"inLanguage\":\"es\",\"url\":\"https:\/\/secure.gravatar.com\/avatar\/74fcb480f42f1a33e50a0b6e6369a3f907be2e43dc84fa5f76c66e9c22b4a5ab?s=96&d=mm&r=g\",\"caption\":\"Oidossucios\"},\"sameAs\":[\"https:\/\/twitter.com\/oidossucios\"]}]}<\/script>\n<!-- \/ Yoast SEO plugin. -->","jetpack_sharing_enabled":true,"_links":{"self":[{"href":"https:\/\/www.oidossucios.com\/site\/wp-json\/wp\/v2\/posts\/4250","targetHints":{"allow":["GET"]}}],"collection":[{"href":"https:\/\/www.oidossucios.com\/site\/wp-json\/wp\/v2\/posts"}],"about":[{"href":"https:\/\/www.oidossucios.com\/site\/wp-json\/wp\/v2\/types\/post"}],"author":[{"embeddable":true,"href":"https:\/\/www.oidossucios.com\/site\/wp-json\/wp\/v2\/users\/4"}],"replies":[{"embeddable":true,"href":"https:\/\/www.oidossucios.com\/site\/wp-json\/wp\/v2\/comments?post=4250"}],"version-history":[{"count":0,"href":"https:\/\/www.oidossucios.com\/site\/wp-json\/wp\/v2\/posts\/4250\/revisions"}],"wp:featuredmedia":[{"embeddable":true,"href":"https:\/\/www.oidossucios.com\/site\/wp-json\/wp\/v2\/media\/100004250"}],"wp:attachment":[{"href":"https:\/\/www.oidossucios.com\/site\/wp-json\/wp\/v2\/media?parent=4250"}],"wp:term":[{"taxonomy":"category","embeddable":true,"href":"https:\/\/www.oidossucios.com\/site\/wp-json\/wp\/v2\/categories?post=4250"},{"taxonomy":"post_tag","embeddable":true,"href":"https:\/\/www.oidossucios.com\/site\/wp-json\/wp\/v2\/tags?post=4250"}],"curies":[{"name":"wp","href":"https:\/\/api.w.org\/{rel}","templated":true}]}}