{"id":4253,"date":"2011-10-03T06:01:00","date_gmt":"2011-10-03T06:01:00","guid":{"rendered":"https:\/\/www.oidossucios.com\/site\/2011\/10\/03\/dave-grohl-realizara-documental-sobre-los-sound-city-studios\/"},"modified":"2011-10-03T06:01:00","modified_gmt":"2011-10-03T06:01:00","slug":"dave-grohl-realizara-documental-sobre-los-sound-city-studios","status":"publish","type":"post","link":"https:\/\/www.oidossucios.com\/site\/dave-grohl-realizara-documental-sobre-los-sound-city-studios\/","title":{"rendered":"Dave Grohl realizar\u00e1 documental sobre los Sound City Studios"},"content":{"rendered":"\n<p>De acuerdo a las declaraciones que hiciera Kevin Cronin \u0096vocalista y l\u00edder de la banda REO Speedwagon- en entrevista con el sitio Artisan News, Dave Grohl se encuentra trabajando en un documental sobre los Sound City Studios.<\/p>\n<p><\/p>\n<p>La relevancia de esto va m\u00e1s all\u00e1 de ser un nuevo proyecto del talentoso Grohl; significa la perspectiva que el m\u00fasico imprima respecto del lugar donde Nirvana grab\u00f3 el conmemorado <i>Nevermind<\/i>, hace 20 a\u00f1os. Cronin asegur\u00f3:<\/p>\n<p><\/p>\n<p>&#8220;Dave est\u00e1 trabajando en este proyecto basado en el estudio que sol\u00edamos utilizar para trabajar. Es realmente interesante y probablemente yo no deber\u00eda estar hablando de esto \u0096Dave probablemente lo anuncie-, pero es muy interesante. (\u0085) Dave est\u00e1 armando algo; poner las historias que todos los artistas han tenido (al grabar en ese estudio)&#8221;.<\/p>\n<p><\/p>\n<p>Hasta el momento, no se conoce ni el t\u00edtulo ni la fecha de lanzamiento. Esperaremos a que el propio Grohl de m\u00e1s detalles.<\/p>\n<p>&nbsp;<\/p>\n<p>Fuente: www.warp.la<\/p>\n","protected":false},"excerpt":{"rendered":"<p>De acuerdo a las declaraciones que hiciera Kevin Cronin \u0096vocalista y l\u00edder de la banda REO Speedwagon- en entrevista con el sitio Artisan News, Dave Grohl se encuentra trabajando en un documental sobre los Sound City Studios. La relevancia de esto va m\u00e1s all\u00e1 de ser un nuevo proyecto del talentoso Grohl; significa la perspectiva [&hellip;]<\/p>\n","protected":false},"author":4,"featured_media":100004253,"comment_status":"open","ping_status":"open","sticky":false,"template":"","format":"standard","meta":{"_jetpack_memberships_contains_paid_content":false,"footnotes":""},"categories":[142],"tags":[],"class_list":["post-4253","post","type-post","status-publish","format-standard","has-post-thumbnail","hentry","category-buzznews"],"jetpack_featured_media_url":"https:\/\/www.oidossucios.com\/site\/wp-content\/uploads\/2011\/10\/4253.jpg","yoast_head":"<!-- This site is optimized with the Yoast SEO plugin v14.0.4 - https:\/\/yoast.com\/wordpress\/plugins\/seo\/ -->\n<title>Dave Grohl realizar\u00e1 documental sobre los Sound City Studios - OidosSucios.Com<\/title>\n<meta name=\"robots\" content=\"index, follow\" \/>\n<meta name=\"googlebot\" content=\"index, follow, max-snippet:-1, max-image-preview:large, max-video-preview:-1\" \/>\n<meta name=\"bingbot\" content=\"index, follow, max-snippet:-1, max-image-preview:large, max-video-preview:-1\" \/>\n<link rel=\"canonical\" href=\"https:\/\/www.oidossucios.com\/site\/dave-grohl-realizara-documental-sobre-los-sound-city-studios\/\" \/>\n<meta property=\"og:locale\" content=\"es_ES\" \/>\n<meta property=\"og:type\" content=\"article\" \/>\n<meta property=\"og:title\" content=\"Dave Grohl realizar\u00e1 documental sobre los Sound City Studios - OidosSucios.Com\" \/>\n<meta property=\"og:description\" content=\"De acuerdo a las declaraciones que hiciera Kevin Cronin \u0096vocalista y l\u00edder de la banda REO Speedwagon- en entrevista con el sitio Artisan News, Dave Grohl se encuentra trabajando en un documental sobre los Sound City Studios. La relevancia de esto va m\u00e1s all\u00e1 de ser un nuevo proyecto del talentoso Grohl; significa la perspectiva [&hellip;]\" \/>\n<meta property=\"og:url\" content=\"https:\/\/www.oidossucios.com\/site\/dave-grohl-realizara-documental-sobre-los-sound-city-studios\/\" \/>\n<meta property=\"og:site_name\" content=\"OidosSucios.Com\" \/>\n<meta property=\"article:published_time\" content=\"2011-10-03T06:01:00+00:00\" \/>\n<meta property=\"og:image\" content=\"https:\/\/www.oidossucios.com\/site\/wp-content\/uploads\/2011\/10\/4253.jpg\" \/>\n\t<meta property=\"og:image:width\" content=\"350\" \/>\n\t<meta property=\"og:image:height\" content=\"300\" \/>\n<meta name=\"twitter:card\" content=\"summary_large_image\" \/>\n<meta name=\"twitter:creator\" content=\"@oidossucios\" \/>\n<script type=\"application\/ld+json\" class=\"yoast-schema-graph\">{\"@context\":\"https:\/\/schema.org\",\"@graph\":[{\"@type\":\"WebSite\",\"@id\":\"https:\/\/www.oidossucios.com\/site\/#website\",\"url\":\"https:\/\/www.oidossucios.com\/site\/\",\"name\":\"OidosSucios.Com\",\"description\":\"M\\u00fasica, conciertos, discos\",\"potentialAction\":[{\"@type\":\"SearchAction\",\"target\":\"https:\/\/www.oidossucios.com\/site\/?s={search_term_string}\",\"query-input\":\"required name=search_term_string\"}],\"inLanguage\":\"es\"},{\"@type\":\"ImageObject\",\"@id\":\"https:\/\/www.oidossucios.com\/site\/dave-grohl-realizara-documental-sobre-los-sound-city-studios\/#primaryimage\",\"inLanguage\":\"es\",\"url\":\"https:\/\/www.oidossucios.com\/site\/wp-content\/uploads\/2011\/10\/4253.jpg\",\"width\":350,\"height\":300},{\"@type\":\"WebPage\",\"@id\":\"https:\/\/www.oidossucios.com\/site\/dave-grohl-realizara-documental-sobre-los-sound-city-studios\/#webpage\",\"url\":\"https:\/\/www.oidossucios.com\/site\/dave-grohl-realizara-documental-sobre-los-sound-city-studios\/\",\"name\":\"Dave Grohl realizar\\u00e1 documental sobre los Sound City Studios - OidosSucios.Com\",\"isPartOf\":{\"@id\":\"https:\/\/www.oidossucios.com\/site\/#website\"},\"primaryImageOfPage\":{\"@id\":\"https:\/\/www.oidossucios.com\/site\/dave-grohl-realizara-documental-sobre-los-sound-city-studios\/#primaryimage\"},\"datePublished\":\"2011-10-03T06:01:00+00:00\",\"dateModified\":\"2011-10-03T06:01:00+00:00\",\"author\":{\"@id\":\"https:\/\/www.oidossucios.com\/site\/#\/schema\/person\/24559eeb76bf83a63296fb072393a688\"},\"inLanguage\":\"es\",\"potentialAction\":[{\"@type\":\"ReadAction\",\"target\":[\"https:\/\/www.oidossucios.com\/site\/dave-grohl-realizara-documental-sobre-los-sound-city-studios\/\"]}]},{\"@type\":[\"Person\"],\"@id\":\"https:\/\/www.oidossucios.com\/site\/#\/schema\/person\/24559eeb76bf83a63296fb072393a688\",\"name\":\"Oidossucios\",\"image\":{\"@type\":\"ImageObject\",\"@id\":\"https:\/\/www.oidossucios.com\/site\/#personlogo\",\"inLanguage\":\"es\",\"url\":\"https:\/\/secure.gravatar.com\/avatar\/74fcb480f42f1a33e50a0b6e6369a3f907be2e43dc84fa5f76c66e9c22b4a5ab?s=96&d=mm&r=g\",\"caption\":\"Oidossucios\"},\"sameAs\":[\"https:\/\/twitter.com\/oidossucios\"]}]}<\/script>\n<!-- \/ Yoast SEO plugin. -->","jetpack_sharing_enabled":true,"_links":{"self":[{"href":"https:\/\/www.oidossucios.com\/site\/wp-json\/wp\/v2\/posts\/4253","targetHints":{"allow":["GET"]}}],"collection":[{"href":"https:\/\/www.oidossucios.com\/site\/wp-json\/wp\/v2\/posts"}],"about":[{"href":"https:\/\/www.oidossucios.com\/site\/wp-json\/wp\/v2\/types\/post"}],"author":[{"embeddable":true,"href":"https:\/\/www.oidossucios.com\/site\/wp-json\/wp\/v2\/users\/4"}],"replies":[{"embeddable":true,"href":"https:\/\/www.oidossucios.com\/site\/wp-json\/wp\/v2\/comments?post=4253"}],"version-history":[{"count":0,"href":"https:\/\/www.oidossucios.com\/site\/wp-json\/wp\/v2\/posts\/4253\/revisions"}],"wp:featuredmedia":[{"embeddable":true,"href":"https:\/\/www.oidossucios.com\/site\/wp-json\/wp\/v2\/media\/100004253"}],"wp:attachment":[{"href":"https:\/\/www.oidossucios.com\/site\/wp-json\/wp\/v2\/media?parent=4253"}],"wp:term":[{"taxonomy":"category","embeddable":true,"href":"https:\/\/www.oidossucios.com\/site\/wp-json\/wp\/v2\/categories?post=4253"},{"taxonomy":"post_tag","embeddable":true,"href":"https:\/\/www.oidossucios.com\/site\/wp-json\/wp\/v2\/tags?post=4253"}],"curies":[{"name":"wp","href":"https:\/\/api.w.org\/{rel}","templated":true}]}}