{"id":4255,"date":"2011-10-03T06:24:00","date_gmt":"2011-10-03T06:24:00","guid":{"rendered":"https:\/\/www.oidossucios.com\/site\/2011\/10\/03\/flea-habla-sobre-el-album-de-la-banda-que-formo-con-thom-yorke-y-nigel-godrich\/"},"modified":"2011-10-03T06:24:00","modified_gmt":"2011-10-03T06:24:00","slug":"flea-habla-sobre-el-album-de-la-banda-que-formo-con-thom-yorke-y-nigel-godrich","status":"publish","type":"post","link":"https:\/\/www.oidossucios.com\/site\/flea-habla-sobre-el-album-de-la-banda-que-formo-con-thom-yorke-y-nigel-godrich\/","title":{"rendered":"Flea habla sobre el \u00e1lbum de la banda que form\u00f3 con Thom Yorke y Nigel Godrich"},"content":{"rendered":"\n<p class=\"MsoNormal\">Es poco lo que realmente se sabe sobre el primer disco de Atoms For Peace, proyecto conformado por Thom Yorke, Flea y el productor Nigel Godrich; sin embargo, el tambi\u00e9n miembro de Red Hot Chili Peppers ha revelado algunos detalles de su grabaci\u00f3n.<o:p><\/o:p><\/p>\n<p class=\"MsoNormal\"><\/p>\n<p class=\"MsoNormal\">De acuerdo con el m\u00fasico, la grabaci\u00f3n se realiz\u00f3 en cuanto concluyeron la breve gira que realizaron en Estados Unidos y dur\u00f3 tres d\u00edas; todo se trat\u00f3 de improvisaciones y momentos intuitivos que Yorke tom\u00f3 junt\u00f3 con Godrich para realizar el disco. Adem\u00e1s, Flea dijo no tener idea de cu\u00e1ndo llegar\u00e1 a las tiendas pero expres\u00f3 que probablemente no ocurrir\u00eda pronto.<o:p><\/o:p><\/p>\n<p class=\"MsoNormal\"><\/p>\n<p class=\"MsoNormal\">Sobre el sonido que tendr\u00e1, el bajista no quiso opinar demasiado y s\u00f3lo se limit\u00f3 a decir:<o:p><\/o:p><\/p>\n<p class=\"MsoNormal\"><\/p>\n<p class=\"MsoNormal\">&#8220;Van a tener (Thom y Nigel) algo incre\u00edble. Tengo completa fe en ellos&#8221;.<o:p><\/o:p><\/p>\n<p class=\"MsoNormal\"><\/p>\n<p class=\"MsoNormal\">Finalmente, sobre la posibilidad de reunirse para salir a tocar juntos de nuevo, Flea dio cierta esperanza al declarar: &#8220;Imagino que probablemente suceder\u00e1. Espero suceda&#8221;.<o:p><\/o:p><\/p>\n<p class=\"MsoNormal\"><span lang=\"EN-US\"><o:p>&nbsp;<\/o:p><\/span><\/p>\n<p class=\"MsoNormal\">Fuente: www.warp.la<o:p><\/o:p><\/p>\n","protected":false},"excerpt":{"rendered":"<p>Es poco lo que realmente se sabe sobre el primer disco de Atoms For Peace, proyecto conformado por Thom Yorke, Flea y el productor Nigel Godrich; sin embargo, el tambi\u00e9n miembro de Red Hot Chili Peppers ha revelado algunos detalles de su grabaci\u00f3n. De acuerdo con el m\u00fasico, la grabaci\u00f3n se realiz\u00f3 en cuanto concluyeron [&hellip;]<\/p>\n","protected":false},"author":4,"featured_media":100004255,"comment_status":"open","ping_status":"open","sticky":false,"template":"","format":"standard","meta":{"_jetpack_memberships_contains_paid_content":false,"footnotes":""},"categories":[142],"tags":[],"class_list":["post-4255","post","type-post","status-publish","format-standard","has-post-thumbnail","hentry","category-buzznews"],"jetpack_featured_media_url":"https:\/\/www.oidossucios.com\/site\/wp-content\/uploads\/2011\/10\/4255.jpg","yoast_head":"<!-- This site is optimized with the Yoast SEO plugin v14.0.4 - https:\/\/yoast.com\/wordpress\/plugins\/seo\/ -->\n<title>Flea habla sobre el \u00e1lbum de la banda que form\u00f3 con Thom Yorke y Nigel Godrich - OidosSucios.Com<\/title>\n<meta name=\"robots\" content=\"index, follow\" \/>\n<meta name=\"googlebot\" content=\"index, follow, max-snippet:-1, max-image-preview:large, max-video-preview:-1\" \/>\n<meta name=\"bingbot\" content=\"index, follow, max-snippet:-1, max-image-preview:large, max-video-preview:-1\" \/>\n<link rel=\"canonical\" href=\"https:\/\/www.oidossucios.com\/site\/flea-habla-sobre-el-album-de-la-banda-que-formo-con-thom-yorke-y-nigel-godrich\/\" \/>\n<meta property=\"og:locale\" content=\"es_ES\" \/>\n<meta property=\"og:type\" content=\"article\" \/>\n<meta property=\"og:title\" content=\"Flea habla sobre el \u00e1lbum de la banda que form\u00f3 con Thom Yorke y Nigel Godrich - OidosSucios.Com\" \/>\n<meta property=\"og:description\" content=\"Es poco lo que realmente se sabe sobre el primer disco de Atoms For Peace, proyecto conformado por Thom Yorke, Flea y el productor Nigel Godrich; sin embargo, el tambi\u00e9n miembro de Red Hot Chili Peppers ha revelado algunos detalles de su grabaci\u00f3n. De acuerdo con el m\u00fasico, la grabaci\u00f3n se realiz\u00f3 en cuanto concluyeron [&hellip;]\" \/>\n<meta property=\"og:url\" content=\"https:\/\/www.oidossucios.com\/site\/flea-habla-sobre-el-album-de-la-banda-que-formo-con-thom-yorke-y-nigel-godrich\/\" \/>\n<meta property=\"og:site_name\" content=\"OidosSucios.Com\" \/>\n<meta property=\"article:published_time\" content=\"2011-10-03T06:24:00+00:00\" \/>\n<meta property=\"og:image\" content=\"https:\/\/www.oidossucios.com\/site\/wp-content\/uploads\/2011\/10\/4255.jpg\" \/>\n\t<meta property=\"og:image:width\" content=\"350\" \/>\n\t<meta property=\"og:image:height\" content=\"300\" \/>\n<meta name=\"twitter:card\" content=\"summary_large_image\" \/>\n<meta name=\"twitter:creator\" content=\"@oidossucios\" \/>\n<script type=\"application\/ld+json\" class=\"yoast-schema-graph\">{\"@context\":\"https:\/\/schema.org\",\"@graph\":[{\"@type\":\"WebSite\",\"@id\":\"https:\/\/www.oidossucios.com\/site\/#website\",\"url\":\"https:\/\/www.oidossucios.com\/site\/\",\"name\":\"OidosSucios.Com\",\"description\":\"M\\u00fasica, conciertos, discos\",\"potentialAction\":[{\"@type\":\"SearchAction\",\"target\":\"https:\/\/www.oidossucios.com\/site\/?s={search_term_string}\",\"query-input\":\"required name=search_term_string\"}],\"inLanguage\":\"es\"},{\"@type\":\"ImageObject\",\"@id\":\"https:\/\/www.oidossucios.com\/site\/flea-habla-sobre-el-album-de-la-banda-que-formo-con-thom-yorke-y-nigel-godrich\/#primaryimage\",\"inLanguage\":\"es\",\"url\":\"https:\/\/www.oidossucios.com\/site\/wp-content\/uploads\/2011\/10\/4255.jpg\",\"width\":350,\"height\":300},{\"@type\":\"WebPage\",\"@id\":\"https:\/\/www.oidossucios.com\/site\/flea-habla-sobre-el-album-de-la-banda-que-formo-con-thom-yorke-y-nigel-godrich\/#webpage\",\"url\":\"https:\/\/www.oidossucios.com\/site\/flea-habla-sobre-el-album-de-la-banda-que-formo-con-thom-yorke-y-nigel-godrich\/\",\"name\":\"Flea habla sobre el \\u00e1lbum de la banda que form\\u00f3 con Thom Yorke y Nigel Godrich - OidosSucios.Com\",\"isPartOf\":{\"@id\":\"https:\/\/www.oidossucios.com\/site\/#website\"},\"primaryImageOfPage\":{\"@id\":\"https:\/\/www.oidossucios.com\/site\/flea-habla-sobre-el-album-de-la-banda-que-formo-con-thom-yorke-y-nigel-godrich\/#primaryimage\"},\"datePublished\":\"2011-10-03T06:24:00+00:00\",\"dateModified\":\"2011-10-03T06:24:00+00:00\",\"author\":{\"@id\":\"https:\/\/www.oidossucios.com\/site\/#\/schema\/person\/24559eeb76bf83a63296fb072393a688\"},\"inLanguage\":\"es\",\"potentialAction\":[{\"@type\":\"ReadAction\",\"target\":[\"https:\/\/www.oidossucios.com\/site\/flea-habla-sobre-el-album-de-la-banda-que-formo-con-thom-yorke-y-nigel-godrich\/\"]}]},{\"@type\":[\"Person\"],\"@id\":\"https:\/\/www.oidossucios.com\/site\/#\/schema\/person\/24559eeb76bf83a63296fb072393a688\",\"name\":\"Oidossucios\",\"image\":{\"@type\":\"ImageObject\",\"@id\":\"https:\/\/www.oidossucios.com\/site\/#personlogo\",\"inLanguage\":\"es\",\"url\":\"https:\/\/secure.gravatar.com\/avatar\/74fcb480f42f1a33e50a0b6e6369a3f907be2e43dc84fa5f76c66e9c22b4a5ab?s=96&d=mm&r=g\",\"caption\":\"Oidossucios\"},\"sameAs\":[\"https:\/\/twitter.com\/oidossucios\"]}]}<\/script>\n<!-- \/ Yoast SEO plugin. -->","jetpack_sharing_enabled":true,"_links":{"self":[{"href":"https:\/\/www.oidossucios.com\/site\/wp-json\/wp\/v2\/posts\/4255","targetHints":{"allow":["GET"]}}],"collection":[{"href":"https:\/\/www.oidossucios.com\/site\/wp-json\/wp\/v2\/posts"}],"about":[{"href":"https:\/\/www.oidossucios.com\/site\/wp-json\/wp\/v2\/types\/post"}],"author":[{"embeddable":true,"href":"https:\/\/www.oidossucios.com\/site\/wp-json\/wp\/v2\/users\/4"}],"replies":[{"embeddable":true,"href":"https:\/\/www.oidossucios.com\/site\/wp-json\/wp\/v2\/comments?post=4255"}],"version-history":[{"count":0,"href":"https:\/\/www.oidossucios.com\/site\/wp-json\/wp\/v2\/posts\/4255\/revisions"}],"wp:featuredmedia":[{"embeddable":true,"href":"https:\/\/www.oidossucios.com\/site\/wp-json\/wp\/v2\/media\/100004255"}],"wp:attachment":[{"href":"https:\/\/www.oidossucios.com\/site\/wp-json\/wp\/v2\/media?parent=4255"}],"wp:term":[{"taxonomy":"category","embeddable":true,"href":"https:\/\/www.oidossucios.com\/site\/wp-json\/wp\/v2\/categories?post=4255"},{"taxonomy":"post_tag","embeddable":true,"href":"https:\/\/www.oidossucios.com\/site\/wp-json\/wp\/v2\/tags?post=4255"}],"curies":[{"name":"wp","href":"https:\/\/api.w.org\/{rel}","templated":true}]}}