{"id":4259,"date":"2011-10-03T20:44:00","date_gmt":"2011-10-03T20:44:00","guid":{"rendered":"https:\/\/www.oidossucios.com\/site\/2011\/10\/03\/el-concierto-de-overkill-se-muda-a-maracay\/"},"modified":"2011-10-03T20:44:00","modified_gmt":"2011-10-03T20:44:00","slug":"el-concierto-de-overkill-se-muda-a-maracay","status":"publish","type":"post","link":"https:\/\/www.oidossucios.com\/site\/el-concierto-de-overkill-se-muda-a-maracay\/","title":{"rendered":"El concierto de Overkill se muda a Maracay"},"content":{"rendered":"\n<p>Aleindigo Producciones&nbsp; anuncia oficialmente el cambio de localidad del show de Overkill, ahora el evento ser\u00e1 llevado a cabo en la Sala Show Ferimar (Antiguo Bah\u00eda Bar, ubicado en el Parque de Ferias San Jacinto) en Maracay. Seg\u00fan el comunicado oficial de la empresa productora, este cambio garantiza al 100% una excelente ubicaci\u00f3n, seguridad y estacionamiento. La fecha y hora se mantienen igual, domingo 30 de octubre a las 07:00PM.<\/p>\n<p><\/p>\n<p>&nbsp;<\/p>\n<p>El cambio es debido a la experiencia vivida el pasado 15 de septiembre junto a Blind Guardian &amp; Belphegor en el NDEC Nuevo Nuevo Circo, donde la lluvia y una gran cantidad de limitantes t\u00e9cnicas reinaron ese d\u00eda, aunando a eso las opciones casi nulas para lograr conseguir una localidad adecuada en Caracas y la gran cantidad de quejas y expresiones de inconformidad por parte del p\u00fablico, se tom\u00f3 la decisi\u00f3n de &nbsp;mudar el show de Overkill a Maracay a una localidad &nbsp;adecuada.<\/p>\n<p><\/p>\n<p>Las entradas se mantendr\u00e1n en un costo de &nbsp;BsF.250 y no obstante todas pasan a una promoci\u00f3n permanente 2X1. As\u00ed es, todas las entradas vendidas y las pr\u00f3ximas entradas a vender son absolutamente v\u00e1lidas para 02 personas, lo cual quiere decir que cada persona &#8220;cancelar\u00eda&#8221; BsF.125 por su pase a Overkill en Maracay.<\/p>\n<p><\/p>\n<p>Puntos de venta autorizados:<\/p>\n<p><\/p>\n<p><b><u>CARACAS:<\/u><\/b><\/p>\n<ul type=\"disc\">\n<li><b>Comegato      Store II<\/b>&nbsp;(<i>C.C. City Market. <\/i><i>Tlf: 0212.762.95.87<\/i>)<\/li>\n<li><b>Tiendas Esperanto<\/b>(<i>C.C. San      Ignacio y C.C. El Recreo<\/i>)<\/li>\n<\/ul>\n<p><b><u>STANDS DE TICKETMUNDO EN CARACAS:<\/u><\/b><\/p>\n<ul type=\"disc\">\n<li><b>C. C. El Tol\u00f3n<\/b> (<i>Nivel PB, Plaza Norte, frente a      Friday\u00b4s y KIA\u00b4S<\/i>)<\/li>\n<li><b>C.C.C.T.<\/b> (<i>Nivel      C2, frente a la tienda Gina<\/i>)<\/li>\n<li><b>C.C.      El Hatillo<\/b> (<i>Nivel 3, frente al Banco de Venezuela y      Cantv<\/i>)<\/li>\n<li><b>C.C.      Sambil<\/b> (<i>Nivel Acuario, Plaza La Fuente<\/i>)<\/li>\n<\/ul>\n<p><b><u><br \/><\/u><\/b><\/p>\n<p><b><u>MARACAY:<\/u><\/b><\/p>\n<ul type=\"disc\">\n<li><b>Toys &amp; Collectibles<\/b>&nbsp;(<i>C.C. Las Am\u00e9ricas Av. Las      Delicias. Tlf: 0243.216.02.55<\/i>)<\/li>\n<\/ul>\n<p><b><u><br \/><\/u><\/b><\/p>\n<p><b><u>VALENCIA:<\/u><\/b><\/p>\n<ul type=\"disc\">\n<li><b>M\u00fasica C\u00f3smica<\/b> (<i>C. C. Shopping Center. Av. Andr\u00e9s      Eloy Blanco. Sector Prebo. PB. Local #103. Tlf: 0241.822.63.40<\/i>)<\/li>\n<li><b>Tattoo Galery Family<\/b> (<i>Urb. Camoruco, C.C. Los Tres Hermanos      local 4, 2001. Tlf: 0241.711.50.95<\/i>)<\/li>\n<\/ul>\n<p><b><u><br \/><\/u><\/b><\/p>\n<p><b><u>BARQUISIMETO:<\/u><\/b><\/p>\n<ul type=\"disc\">\n<li><b>Castillo      Tattoo<\/b> (<i>Centro Comercial Capital      Plaza. Av. Vargas entre calles 19 y 20. Local 115. Tlf: 0416.815.71.02<\/i>)<\/li>\n<\/ul>\n<p><b><u><br \/><\/u><\/b><\/p>\n<p><b><u>PUERTO LA CRUZ:<\/u><\/b><\/p>\n<ul type=\"disc\">\n<li><b>Advertencia<\/b> (<i>Centro      Comercial Plaza Mayor. Lecher\u00eda<\/i>)<\/li>\n<\/ul>\n<p><b><u><br \/><\/u><\/b><\/p>\n<p><b><u>MARACAIBO:<\/u><\/b><\/p>\n<ul type=\"disc\">\n<li><b>Maracaibo      Alterno<\/b> (<i><a href=\"http:\/\/www.maracaiboalterno.com\/\">www.maracaiboalterno.com<\/a> \u0096      Responsable: Ricardo Salvador. Tlf: 0414.904.07.18<\/i>)<\/li>\n<\/ul>\n<p><b><u><br \/><\/u><\/b><\/p>\n<p><b><u>VENTAS ON-LINE:<\/u><\/b><\/p>\n<ul type=\"disc\">\n<li><a target=\"_blank\" href=\"http:\/\/www.ticketmundo.com\/\" rel=\"noopener noreferrer\">www.ticketmundo.com<\/a><\/li>\n<\/ul>\n","protected":false},"excerpt":{"rendered":"<p>Aleindigo Producciones  anuncia oficialmente el cambio de localidad del show de Overkill a la ciudad de Maracay, aparte de una nueva promoci\u00f3n 2&#215;1 en las entradas.<\/p>\n","protected":false},"author":4,"featured_media":100004259,"comment_status":"open","ping_status":"open","sticky":false,"template":"","format":"standard","meta":{"_jetpack_memberships_contains_paid_content":false,"footnotes":""},"categories":[250],"tags":[],"class_list":["post-4259","post","type-post","status-publish","format-standard","has-post-thumbnail","hentry","category-noticias"],"jetpack_featured_media_url":"https:\/\/www.oidossucios.com\/site\/wp-content\/uploads\/2011\/10\/4259.jpg","yoast_head":"<!-- This site is optimized with the Yoast SEO plugin v14.0.4 - https:\/\/yoast.com\/wordpress\/plugins\/seo\/ -->\n<title>El concierto de Overkill se muda a Maracay - OidosSucios.Com<\/title>\n<meta name=\"description\" content=\"Aleindigo Producciones anuncia oficialmente el cambio de localidad del show de Overkill a la ciudad de Maracay, aparte de una nueva promoci\u00f3n 2x1 en las entradas.\" \/>\n<meta name=\"robots\" content=\"index, follow\" \/>\n<meta name=\"googlebot\" content=\"index, follow, max-snippet:-1, max-image-preview:large, max-video-preview:-1\" \/>\n<meta name=\"bingbot\" content=\"index, follow, max-snippet:-1, max-image-preview:large, max-video-preview:-1\" \/>\n<link rel=\"canonical\" href=\"https:\/\/www.oidossucios.com\/site\/el-concierto-de-overkill-se-muda-a-maracay\/\" \/>\n<meta property=\"og:locale\" content=\"es_ES\" \/>\n<meta property=\"og:type\" content=\"article\" \/>\n<meta property=\"og:title\" content=\"El concierto de Overkill se muda a Maracay - OidosSucios.Com\" \/>\n<meta property=\"og:description\" content=\"Aleindigo Producciones anuncia oficialmente el cambio de localidad del show de Overkill a la ciudad de Maracay, aparte de una nueva promoci\u00f3n 2x1 en las entradas.\" \/>\n<meta property=\"og:url\" content=\"https:\/\/www.oidossucios.com\/site\/el-concierto-de-overkill-se-muda-a-maracay\/\" \/>\n<meta property=\"og:site_name\" content=\"OidosSucios.Com\" \/>\n<meta property=\"article:published_time\" content=\"2011-10-03T20:44:00+00:00\" \/>\n<meta property=\"og:image\" content=\"https:\/\/www.oidossucios.com\/site\/wp-content\/uploads\/2011\/10\/4259.jpg\" \/>\n\t<meta property=\"og:image:width\" content=\"350\" \/>\n\t<meta property=\"og:image:height\" content=\"300\" \/>\n<meta name=\"twitter:card\" content=\"summary_large_image\" \/>\n<meta name=\"twitter:creator\" content=\"@oidossucios\" \/>\n<script type=\"application\/ld+json\" class=\"yoast-schema-graph\">{\"@context\":\"https:\/\/schema.org\",\"@graph\":[{\"@type\":\"WebSite\",\"@id\":\"https:\/\/www.oidossucios.com\/site\/#website\",\"url\":\"https:\/\/www.oidossucios.com\/site\/\",\"name\":\"OidosSucios.Com\",\"description\":\"M\\u00fasica, conciertos, discos\",\"potentialAction\":[{\"@type\":\"SearchAction\",\"target\":\"https:\/\/www.oidossucios.com\/site\/?s={search_term_string}\",\"query-input\":\"required name=search_term_string\"}],\"inLanguage\":\"es\"},{\"@type\":\"ImageObject\",\"@id\":\"https:\/\/www.oidossucios.com\/site\/el-concierto-de-overkill-se-muda-a-maracay\/#primaryimage\",\"inLanguage\":\"es\",\"url\":\"https:\/\/www.oidossucios.com\/site\/wp-content\/uploads\/2011\/10\/4259.jpg\",\"width\":350,\"height\":300},{\"@type\":\"WebPage\",\"@id\":\"https:\/\/www.oidossucios.com\/site\/el-concierto-de-overkill-se-muda-a-maracay\/#webpage\",\"url\":\"https:\/\/www.oidossucios.com\/site\/el-concierto-de-overkill-se-muda-a-maracay\/\",\"name\":\"El concierto de Overkill se muda a Maracay - OidosSucios.Com\",\"isPartOf\":{\"@id\":\"https:\/\/www.oidossucios.com\/site\/#website\"},\"primaryImageOfPage\":{\"@id\":\"https:\/\/www.oidossucios.com\/site\/el-concierto-de-overkill-se-muda-a-maracay\/#primaryimage\"},\"datePublished\":\"2011-10-03T20:44:00+00:00\",\"dateModified\":\"2011-10-03T20:44:00+00:00\",\"author\":{\"@id\":\"https:\/\/www.oidossucios.com\/site\/#\/schema\/person\/24559eeb76bf83a63296fb072393a688\"},\"description\":\"Aleindigo Producciones anuncia oficialmente el cambio de localidad del show de Overkill a la ciudad de Maracay, aparte de una nueva promoci\\u00f3n 2x1 en las entradas.\",\"inLanguage\":\"es\",\"potentialAction\":[{\"@type\":\"ReadAction\",\"target\":[\"https:\/\/www.oidossucios.com\/site\/el-concierto-de-overkill-se-muda-a-maracay\/\"]}]},{\"@type\":[\"Person\"],\"@id\":\"https:\/\/www.oidossucios.com\/site\/#\/schema\/person\/24559eeb76bf83a63296fb072393a688\",\"name\":\"Oidossucios\",\"image\":{\"@type\":\"ImageObject\",\"@id\":\"https:\/\/www.oidossucios.com\/site\/#personlogo\",\"inLanguage\":\"es\",\"url\":\"https:\/\/secure.gravatar.com\/avatar\/74fcb480f42f1a33e50a0b6e6369a3f907be2e43dc84fa5f76c66e9c22b4a5ab?s=96&d=mm&r=g\",\"caption\":\"Oidossucios\"},\"sameAs\":[\"https:\/\/twitter.com\/oidossucios\"]}]}<\/script>\n<!-- \/ Yoast SEO plugin. -->","jetpack_sharing_enabled":true,"_links":{"self":[{"href":"https:\/\/www.oidossucios.com\/site\/wp-json\/wp\/v2\/posts\/4259","targetHints":{"allow":["GET"]}}],"collection":[{"href":"https:\/\/www.oidossucios.com\/site\/wp-json\/wp\/v2\/posts"}],"about":[{"href":"https:\/\/www.oidossucios.com\/site\/wp-json\/wp\/v2\/types\/post"}],"author":[{"embeddable":true,"href":"https:\/\/www.oidossucios.com\/site\/wp-json\/wp\/v2\/users\/4"}],"replies":[{"embeddable":true,"href":"https:\/\/www.oidossucios.com\/site\/wp-json\/wp\/v2\/comments?post=4259"}],"version-history":[{"count":0,"href":"https:\/\/www.oidossucios.com\/site\/wp-json\/wp\/v2\/posts\/4259\/revisions"}],"wp:featuredmedia":[{"embeddable":true,"href":"https:\/\/www.oidossucios.com\/site\/wp-json\/wp\/v2\/media\/100004259"}],"wp:attachment":[{"href":"https:\/\/www.oidossucios.com\/site\/wp-json\/wp\/v2\/media?parent=4259"}],"wp:term":[{"taxonomy":"category","embeddable":true,"href":"https:\/\/www.oidossucios.com\/site\/wp-json\/wp\/v2\/categories?post=4259"},{"taxonomy":"post_tag","embeddable":true,"href":"https:\/\/www.oidossucios.com\/site\/wp-json\/wp\/v2\/tags?post=4259"}],"curies":[{"name":"wp","href":"https:\/\/api.w.org\/{rel}","templated":true}]}}