{"id":4267,"date":"2011-10-04T15:03:00","date_gmt":"2011-10-04T15:03:00","guid":{"rendered":"https:\/\/www.oidossucios.com\/site\/2011\/10\/04\/deftones-relanzara-toda-su-discografia-en-el-box-set-lanzada-deftones-the-vinyl-collection-1995-%c2%96-2011\/"},"modified":"2011-10-04T15:03:00","modified_gmt":"2011-10-04T15:03:00","slug":"deftones-relanzara-toda-su-discografia-en-el-box-set-lanzada-deftones-the-vinyl-collection-1995-%c2%96-2011","status":"publish","type":"post","link":"https:\/\/www.oidossucios.com\/site\/deftones-relanzara-toda-su-discografia-en-el-box-set-lanzada-deftones-the-vinyl-collection-1995-%c2%96-2011\/","title":{"rendered":"Deftones relanzar\u00e1 toda su discograf\u00eda en el box set &#8220;lanzada Deftones: The Vinyl Collection, 1995 \u0096 2011&#8221;"},"content":{"rendered":"\n<p class=\"MsoNormal\">A lo largo de seis discos, la banda de Sacramento, Deftones, se ha ganado un lugar dentro de la escena del hard rock y para celebrarlo, el pr\u00f3ximo 25 de octubre ser\u00e1 lanzada <i>Deftones: The Vinyl Collection, 1995 \u0096 2011<\/i>, un box set que celebrar\u00e1 la carrera de la agrupaci\u00f3n comandada por Chino Moreno a lo largo de m\u00e1s de 15 a\u00f1os.<o:p><\/o:p><\/p>\n<p class=\"MsoNormal\"><\/p>\n<p class=\"MsoNormal\">Dicha colecci\u00f3n incluir\u00e1 toda la discograf\u00eda de la banda m\u00e1s el \u00e1lbum &#8220;Covers&#8221; que publicaron con motivo del Record Store Day. Cada uno de los discos de Deftones, desde el <i>Adrenaline<\/i>(1995) hasta el <i>Diamond Eyes<\/i> (2010), ser\u00e1 impreso en vinil de 180 gramos directo de las grabaciones originales. Esta colecci\u00f3n estar\u00e1 limitada a s\u00f3lo 1,000 copias alrededor del mundo.<o:p><\/o:p><\/p>\n<p class=\"MsoNormal\"><\/p>\n<p class=\"MsoNormal\">Este preciado box set estar\u00e1 a la venta s\u00f3lo&nbsp;<a target=\"_blank\" href=\"http:\/\/www.deftones.com\/\" rel=\"noopener noreferrer\">aqu\u00ed<\/a><o:p><\/o:p><\/p>\n<p class=\"MsoNormal\"><o:p>&nbsp;<\/o:p><\/p>\n<p class=\"MsoNormal\"><o:p><br \/><\/o:p><\/p>\n<p class=\"MsoNormal\">Fuente: www.warp.la<o:p><\/o:p><\/p>\n<p><!--nextpage--><img decoding=\"async\" class=\"aligncenter size-medium wp-image-111114704\" src=\"https:\/\/www.oidossucios.com\/site\/wp-content\/uploads\/2020\/02\/4704.jpg\" alt=\"Deftones relanzar\u00e1 toda su discograf\u00eda en el box set \"lanzada Deftones: The Vinyl Collection, 1995 \u0096 2011\"\"  \/><a href='https:\/\/www.oidossucios.com\/site\/deftones-relanzara-toda-su-discografia-en-el-box-set-lanzada-deftones-the-vinyl-collection-1995-%c2%96-2011\/2\/'\n                        onclick='if (tpsInstance) { tpsInstance.setNext(); return false; }'\n                        rel='next'\n                        style=''\n                        class=''>Ver galer\u00eda<\/a>]]><\/p>\n","protected":false},"excerpt":{"rendered":"<p>A lo largo de seis discos, la banda de Sacramento, Deftones, se ha ganado un lugar dentro de la escena del hard rock y para celebrarlo, el pr\u00f3ximo 25 de octubre ser\u00e1 lanzada Deftones: The Vinyl Collection, 1995 \u0096 2011, un box set que celebrar\u00e1 la carrera de la agrupaci\u00f3n comandada por Chino Moreno a [&hellip;]<\/p>\n","protected":false},"author":4,"featured_media":100004267,"comment_status":"open","ping_status":"open","sticky":false,"template":"","format":"standard","meta":{"_jetpack_memberships_contains_paid_content":false,"footnotes":""},"categories":[142],"tags":[],"class_list":["post-4267","post","type-post","status-publish","format-standard","has-post-thumbnail","hentry","category-buzznews"],"jetpack_featured_media_url":"https:\/\/www.oidossucios.com\/site\/wp-content\/uploads\/2011\/10\/4267.jpg","yoast_head":"<!-- This site is optimized with the Yoast SEO plugin v14.0.4 - https:\/\/yoast.com\/wordpress\/plugins\/seo\/ -->\n<title>Deftones relanzar\u00e1 toda su discograf\u00eda en el box set &quot;lanzada Deftones: The Vinyl Collection, 1995 \u0096 2011&quot; - OidosSucios.Com<\/title>\n<meta name=\"robots\" content=\"index, follow\" \/>\n<meta name=\"googlebot\" content=\"index, follow, max-snippet:-1, max-image-preview:large, max-video-preview:-1\" \/>\n<meta name=\"bingbot\" content=\"index, follow, max-snippet:-1, max-image-preview:large, max-video-preview:-1\" \/>\n<link rel=\"canonical\" href=\"https:\/\/www.oidossucios.com\/site\/deftones-relanzara-toda-su-discografia-en-el-box-set-lanzada-deftones-the-vinyl-collection-1995-\u0096-2011\/\" \/>\n<link rel=\"next\" href=\"https:\/\/www.oidossucios.com\/site\/deftones-relanzara-toda-su-discografia-en-el-box-set-lanzada-deftones-the-vinyl-collection-1995-%c2%96-2011\/2\/\" \/>\n<meta property=\"og:locale\" content=\"es_ES\" \/>\n<meta property=\"og:type\" content=\"article\" \/>\n<meta property=\"og:title\" content=\"Deftones relanzar\u00e1 toda su discograf\u00eda en el box set &quot;lanzada Deftones: The Vinyl Collection, 1995 \u0096 2011&quot; - OidosSucios.Com\" \/>\n<meta property=\"og:description\" content=\"A lo largo de seis discos, la banda de Sacramento, Deftones, se ha ganado un lugar dentro de la escena del hard rock y para celebrarlo, el pr\u00f3ximo 25 de octubre ser\u00e1 lanzada Deftones: The Vinyl Collection, 1995 \u0096 2011, un box set que celebrar\u00e1 la carrera de la agrupaci\u00f3n comandada por Chino Moreno a [&hellip;]\" \/>\n<meta property=\"og:url\" content=\"https:\/\/www.oidossucios.com\/site\/deftones-relanzara-toda-su-discografia-en-el-box-set-lanzada-deftones-the-vinyl-collection-1995-\u0096-2011\/\" \/>\n<meta property=\"og:site_name\" content=\"OidosSucios.Com\" \/>\n<meta property=\"article:published_time\" content=\"2011-10-04T15:03:00+00:00\" \/>\n<meta property=\"og:image\" content=\"https:\/\/www.oidossucios.com\/site\/wp-content\/uploads\/2011\/10\/4267.jpg\" \/>\n\t<meta property=\"og:image:width\" content=\"350\" \/>\n\t<meta property=\"og:image:height\" content=\"300\" \/>\n<meta name=\"twitter:card\" content=\"summary_large_image\" \/>\n<meta name=\"twitter:creator\" content=\"@oidossucios\" \/>\n<script type=\"application\/ld+json\" class=\"yoast-schema-graph\">{\"@context\":\"https:\/\/schema.org\",\"@graph\":[{\"@type\":\"WebSite\",\"@id\":\"https:\/\/www.oidossucios.com\/site\/#website\",\"url\":\"https:\/\/www.oidossucios.com\/site\/\",\"name\":\"OidosSucios.Com\",\"description\":\"M\\u00fasica, conciertos, discos\",\"potentialAction\":[{\"@type\":\"SearchAction\",\"target\":\"https:\/\/www.oidossucios.com\/site\/?s={search_term_string}\",\"query-input\":\"required name=search_term_string\"}],\"inLanguage\":\"es\"},{\"@type\":\"ImageObject\",\"@id\":\"https:\/\/www.oidossucios.com\/site\/deftones-relanzara-toda-su-discografia-en-el-box-set-lanzada-deftones-the-vinyl-collection-1995-%c2%96-2011\/#primaryimage\",\"inLanguage\":\"es\",\"url\":\"https:\/\/www.oidossucios.com\/site\/wp-content\/uploads\/2011\/10\/4267.jpg\",\"width\":350,\"height\":300},{\"@type\":\"WebPage\",\"@id\":\"https:\/\/www.oidossucios.com\/site\/deftones-relanzara-toda-su-discografia-en-el-box-set-lanzada-deftones-the-vinyl-collection-1995-%c2%96-2011\/#webpage\",\"url\":\"https:\/\/www.oidossucios.com\/site\/deftones-relanzara-toda-su-discografia-en-el-box-set-lanzada-deftones-the-vinyl-collection-1995-%c2%96-2011\/\",\"name\":\"Deftones relanzar\\u00e1 toda su discograf\\u00eda en el box set \\\"lanzada Deftones: The Vinyl Collection, 1995 \\u0096 2011\\\" - OidosSucios.Com\",\"isPartOf\":{\"@id\":\"https:\/\/www.oidossucios.com\/site\/#website\"},\"primaryImageOfPage\":{\"@id\":\"https:\/\/www.oidossucios.com\/site\/deftones-relanzara-toda-su-discografia-en-el-box-set-lanzada-deftones-the-vinyl-collection-1995-%c2%96-2011\/#primaryimage\"},\"datePublished\":\"2011-10-04T15:03:00+00:00\",\"dateModified\":\"2011-10-04T15:03:00+00:00\",\"author\":{\"@id\":\"https:\/\/www.oidossucios.com\/site\/#\/schema\/person\/24559eeb76bf83a63296fb072393a688\"},\"inLanguage\":\"es\",\"potentialAction\":[{\"@type\":\"ReadAction\",\"target\":[\"https:\/\/www.oidossucios.com\/site\/deftones-relanzara-toda-su-discografia-en-el-box-set-lanzada-deftones-the-vinyl-collection-1995-%c2%96-2011\/\"]}]},{\"@type\":[\"Person\"],\"@id\":\"https:\/\/www.oidossucios.com\/site\/#\/schema\/person\/24559eeb76bf83a63296fb072393a688\",\"name\":\"Oidossucios\",\"image\":{\"@type\":\"ImageObject\",\"@id\":\"https:\/\/www.oidossucios.com\/site\/#personlogo\",\"inLanguage\":\"es\",\"url\":\"https:\/\/secure.gravatar.com\/avatar\/74fcb480f42f1a33e50a0b6e6369a3f907be2e43dc84fa5f76c66e9c22b4a5ab?s=96&d=mm&r=g\",\"caption\":\"Oidossucios\"},\"sameAs\":[\"https:\/\/twitter.com\/oidossucios\"]}]}<\/script>\n<!-- \/ Yoast SEO plugin. -->","jetpack_sharing_enabled":true,"_links":{"self":[{"href":"https:\/\/www.oidossucios.com\/site\/wp-json\/wp\/v2\/posts\/4267","targetHints":{"allow":["GET"]}}],"collection":[{"href":"https:\/\/www.oidossucios.com\/site\/wp-json\/wp\/v2\/posts"}],"about":[{"href":"https:\/\/www.oidossucios.com\/site\/wp-json\/wp\/v2\/types\/post"}],"author":[{"embeddable":true,"href":"https:\/\/www.oidossucios.com\/site\/wp-json\/wp\/v2\/users\/4"}],"replies":[{"embeddable":true,"href":"https:\/\/www.oidossucios.com\/site\/wp-json\/wp\/v2\/comments?post=4267"}],"version-history":[{"count":0,"href":"https:\/\/www.oidossucios.com\/site\/wp-json\/wp\/v2\/posts\/4267\/revisions"}],"wp:featuredmedia":[{"embeddable":true,"href":"https:\/\/www.oidossucios.com\/site\/wp-json\/wp\/v2\/media\/100004267"}],"wp:attachment":[{"href":"https:\/\/www.oidossucios.com\/site\/wp-json\/wp\/v2\/media?parent=4267"}],"wp:term":[{"taxonomy":"category","embeddable":true,"href":"https:\/\/www.oidossucios.com\/site\/wp-json\/wp\/v2\/categories?post=4267"},{"taxonomy":"post_tag","embeddable":true,"href":"https:\/\/www.oidossucios.com\/site\/wp-json\/wp\/v2\/tags?post=4267"}],"curies":[{"name":"wp","href":"https:\/\/api.w.org\/{rel}","templated":true}]}}