{"id":4271,"date":"2011-10-05T06:27:00","date_gmt":"2011-10-05T06:27:00","guid":{"rendered":"https:\/\/www.oidossucios.com\/site\/2011\/10\/05\/los-telecaster-y-the-asbestos-tocaran-juntos-este-sabado\/"},"modified":"2011-10-05T06:27:00","modified_gmt":"2011-10-05T06:27:00","slug":"los-telecaster-y-the-asbestos-tocaran-juntos-este-sabado","status":"publish","type":"post","link":"https:\/\/www.oidossucios.com\/site\/los-telecaster-y-the-asbestos-tocaran-juntos-este-sabado\/","title":{"rendered":"Los Telecaster y The Asbestos tocar\u00e1n juntos este s\u00e1bado"},"content":{"rendered":"\n<p>El pr\u00f3ximo s\u00e1bado 08 de Octubre&nbsp;<b>The Asbestos<\/b>&nbsp;y&nbsp;<b>Los Telecaster<\/b>, estar\u00e1n compartiendo tarima juntos y por primera vez en el <b>Moulin Rouge<\/b>&nbsp;de Caracas en un show denominado &#8220;<i>Working class rockers<\/i>&#8221; a partir de las 10:00 PM.<\/p>\n<p>&nbsp;<\/p>\n<p>Unidos por las ganas de hacer&nbsp;<i>rock and roll<\/i>&nbsp;y tocar para sus seguidores en un ambiente donde lo inmediato, la celebraci\u00f3n y el buen gusto prevalezcan dentro de la m\u00fasica, estas dos agrupaciones sincronizan ideales e inspiraciones para dar una muestra de sus respectivos sonidos.<\/p>\n<p>&nbsp;<\/p>\n<p><b>The Asbestos<\/b>&nbsp;se encuentra en la etapa final de su gira con el \u00e1lbum&nbsp;<b><i>Waking the nigthmares<\/i><\/b>, mientras que&nbsp;<b>Los Telecaster<\/b>&nbsp;est\u00e1 a punto de lanzar su siguiente producci\u00f3n musical titulada&nbsp;<b><i>Locura Ordinaria<\/i><\/b>.<\/p>\n<p>&nbsp;<\/p>\n<p>The Asbestos<\/p>\n<p>&nbsp;<\/p>\n<p><b>David Donoso<\/b>&nbsp;(Voz y guitarra),&nbsp;<b>Jos\u00e9 Luis Guti\u00e9rrez<\/b>&nbsp;(Guitarra),&nbsp;<b>Juan Donoso<\/b>&nbsp;(Bajo) y&nbsp;<b>Daniel &#8220;<i>Cheky<\/i>&#8221; Jelinek<\/b>&nbsp;(Bater\u00eda) son los responsables del sonido de la banda en su fase cruda, directa y cargada de inspiraci\u00f3n universal.<\/p>\n<p>&nbsp;<\/p>\n<p>El cuarteto exorciza todos los miedos primarios del ser humano, esos que afrontan en la vida real, incluso aquellos que atormentan lo excelso de sus sue\u00f1os; los que nos ha mostrado la humanidad y la banda los vuelve arte. Una mera construcci\u00f3n sonora en la que sus letras,&nbsp;<i>beats<\/i>, armon\u00eda y desesperaciones construyen todo el legado de su \u00e1lbum debut&nbsp;<b><i>Waking the Nightmares<\/i><\/b>.<\/p>\n<p>&nbsp;<\/p>\n<p>Su m\u00e1s reciente clip &#8220;She&#8221; fue nominado en los&nbsp;<b><i>Premios Distorxi\u00f3n<\/i><\/b>&nbsp;como &#8220;<i>Mejor video del a\u00f1o<\/i>&#8220;. La banda est\u00e1 trabajando en su segundo \u00e1lbum que ver\u00e1 la luz durante el primer trimestre de 2012. &nbsp;Hace poco dieron un adelanto del tema &#8220;<i>Wicked God<\/i>&#8220;, un track nuevo que saldr\u00e1 durante este \u00faltimo trimestre de este a\u00f1o.<\/p>\n<p>&nbsp;<\/p>\n<p>Esta semana lanzar\u00e1n el sencillo&nbsp;<i>&#8220;Memories of love and misery (Love you<\/i>)&#8221; con el que cierran la promoci\u00f3n del disco&nbsp;<b><i>Waking the Nightmares<\/i><\/b>&nbsp;que ya se puede descargar gratis en su site oficial y del que editar\u00e1n un DVD con todo lo que fue la gira, recorrido, experiencias y m\u00e1s.<\/p>\n<p>&nbsp;<\/p>\n<p><a target=\"_blank\" href=\"http:\/\/www.theasbestosband.com\/\" rel=\"noopener noreferrer\">www.theasbestosband.com<\/a><\/p>\n<p>@TheAsbestos<\/p>\n<p>&nbsp;<\/p>\n<p>Los Telecaster<\/p>\n<p>&nbsp;<\/p>\n<p><b>Alejandro G\u00f3mez<\/b>&nbsp;(Voz y gritos),&nbsp;<b>Carlos J. S\u00e1nchez<\/b>&nbsp;(Bajo),&nbsp;<b>Carlitos &#8220;<i>Del Valle<\/i>&#8221; Monseratte<\/b>&nbsp;(Guitarras) y &nbsp;<b>Sim\u00f3n Mujica<\/b>&nbsp;(Bater\u00eda) conforman esta agrupaci\u00f3n el\u00e9ctrica y vibrante, cargada de intensidad y crudeza que pronto editar\u00e1 su nuevo \u00e1lbum&nbsp;<b><i>Locura Ordinaria<\/i><\/b>&nbsp;del que se desprende su sencillo &#8220;<i>Pizarr\u00f3n<\/i>&#8220;.<\/p>\n<p>&nbsp;<\/p>\n<p>Se trata de tres m\u00fasicos y un predicador en misi\u00f3n suicida: encarando demonios pero debati\u00e9ndose entre el&nbsp;<i>Rock n\u00b4Roll<\/i>&nbsp;y la biblia, el sexo y Dios. Ostentan una destreza&nbsp;<i>primal<\/i>&nbsp;para retomar las ra\u00edces de un movimiento subversivo en una \u00e9poca de ni\u00f1os buenos con guitarras livianas.<\/p>\n<p>&nbsp;<\/p>\n<p>Visten para impresionar porque es parte del teatro, parte de todo. Capturan las flamas de&nbsp;<b>Chuck Berry<\/b>&nbsp;y&nbsp;<b>Dick Dale<\/b>, el sudoroso beat de&nbsp;<b>The Kinks<\/b>&nbsp;y el&nbsp;<i>garage punk&nbsp;<\/i>de&nbsp;<b>MC5<\/b>, entonces ya sabes que se trata de cl\u00edmax tras cl\u00edmax\u0085 todo lo que hace incre\u00edble al <i>Rock n\u00b4Roll<\/i>&nbsp;y lo convierte en espect\u00e1culo.<\/p>\n<p>&nbsp;<\/p>\n<p>Ellos son representantes de los fundamentos de un sonido sagrado, con d\u00e9cadas de antig\u00fcedad, y sin embargo, tambi\u00e9n son una prueba de la posibilidad de tocar, cantar y gritar con alegr\u00eda y honestidad. D\u00e9jalos entretenerte\u0085<\/p>\n<p>&nbsp;<\/p>\n<p><a target=\"_blank\" href=\"http:\/\/www.lostelecaster.net\/\" rel=\"noopener noreferrer\">www.lostelecaster.net<\/a><\/p>\n<p>@LosTelecaster<\/p>\n<p>&nbsp;<\/p>\n<p><b><u>Working Class Rockers<\/u><\/b><\/p>\n<p>&nbsp;<\/p>\n<p><b>Lugar<\/b>: &nbsp;&nbsp;&nbsp;&nbsp;&nbsp;&nbsp;&nbsp;&nbsp; Moulin Rouge<\/p>\n<p><b>Fecha<\/b>:&nbsp;&nbsp;&nbsp;&nbsp;&nbsp;&nbsp;&nbsp;&nbsp;&nbsp; S\u00e1bado 08 de OCtubre<\/p>\n<p><b>Hora<\/b>:&nbsp;&nbsp;&nbsp;&nbsp;&nbsp;&nbsp;&nbsp;&nbsp;&nbsp;&nbsp; 10:00 PM<\/p>\n<p><b>Cover<\/b>:&nbsp;&nbsp;&nbsp;&nbsp;&nbsp;&nbsp;&nbsp;&nbsp;&nbsp; 30 Bsf<\/p>\n","protected":false},"excerpt":{"rendered":"<p>El pr\u00f3ximo s\u00e1bado 08 de Octubre The Asbestos y Los Telecaster, estar\u00e1n compartiendo tarima juntos y por primera vez en el Moulin Rouge de Caracas en un show denominado &#8220;Working class rockers&#8221; a partir de las 10:00 PM.<\/p>\n","protected":false},"author":4,"featured_media":100004271,"comment_status":"open","ping_status":"open","sticky":false,"template":"","format":"standard","meta":{"_jetpack_memberships_contains_paid_content":false,"footnotes":""},"categories":[250],"tags":[],"class_list":["post-4271","post","type-post","status-publish","format-standard","has-post-thumbnail","hentry","category-noticias"],"jetpack_featured_media_url":"https:\/\/www.oidossucios.com\/site\/wp-content\/uploads\/2011\/10\/4271.jpg","yoast_head":"<!-- This site is optimized with the Yoast SEO plugin v14.0.4 - https:\/\/yoast.com\/wordpress\/plugins\/seo\/ -->\n<title>Los Telecaster y The Asbestos tocar\u00e1n juntos este s\u00e1bado - OidosSucios.Com<\/title>\n<meta name=\"description\" content=\"El pr\u00f3ximo s\u00e1bado 08 de Octubre The Asbestos y Los Telecaster, estar\u00e1n compartiendo tarima juntos y por primera vez en el Moulin Rouge de Caracas en un show denominado &quot;Working class rockers&quot; a partir de las 10:00 PM.\" \/>\n<meta name=\"robots\" content=\"index, follow\" \/>\n<meta name=\"googlebot\" content=\"index, follow, max-snippet:-1, max-image-preview:large, max-video-preview:-1\" \/>\n<meta name=\"bingbot\" content=\"index, follow, max-snippet:-1, max-image-preview:large, max-video-preview:-1\" \/>\n<link rel=\"canonical\" href=\"https:\/\/www.oidossucios.com\/site\/los-telecaster-y-the-asbestos-tocaran-juntos-este-sabado\/\" \/>\n<meta property=\"og:locale\" content=\"es_ES\" \/>\n<meta property=\"og:type\" content=\"article\" \/>\n<meta property=\"og:title\" content=\"Los Telecaster y The Asbestos tocar\u00e1n juntos este s\u00e1bado - OidosSucios.Com\" \/>\n<meta property=\"og:description\" content=\"El pr\u00f3ximo s\u00e1bado 08 de Octubre The Asbestos y Los Telecaster, estar\u00e1n compartiendo tarima juntos y por primera vez en el Moulin Rouge de Caracas en un show denominado &quot;Working class rockers&quot; a partir de las 10:00 PM.\" \/>\n<meta property=\"og:url\" content=\"https:\/\/www.oidossucios.com\/site\/los-telecaster-y-the-asbestos-tocaran-juntos-este-sabado\/\" \/>\n<meta property=\"og:site_name\" content=\"OidosSucios.Com\" \/>\n<meta property=\"article:published_time\" content=\"2011-10-05T06:27:00+00:00\" \/>\n<meta property=\"og:image\" content=\"https:\/\/www.oidossucios.com\/site\/wp-content\/uploads\/2011\/10\/4271.jpg\" \/>\n\t<meta property=\"og:image:width\" content=\"350\" \/>\n\t<meta property=\"og:image:height\" content=\"300\" \/>\n<meta name=\"twitter:card\" content=\"summary_large_image\" \/>\n<meta name=\"twitter:creator\" content=\"@oidossucios\" \/>\n<script type=\"application\/ld+json\" class=\"yoast-schema-graph\">{\"@context\":\"https:\/\/schema.org\",\"@graph\":[{\"@type\":\"WebSite\",\"@id\":\"https:\/\/www.oidossucios.com\/site\/#website\",\"url\":\"https:\/\/www.oidossucios.com\/site\/\",\"name\":\"OidosSucios.Com\",\"description\":\"M\\u00fasica, conciertos, discos\",\"potentialAction\":[{\"@type\":\"SearchAction\",\"target\":\"https:\/\/www.oidossucios.com\/site\/?s={search_term_string}\",\"query-input\":\"required name=search_term_string\"}],\"inLanguage\":\"es\"},{\"@type\":\"ImageObject\",\"@id\":\"https:\/\/www.oidossucios.com\/site\/los-telecaster-y-the-asbestos-tocaran-juntos-este-sabado\/#primaryimage\",\"inLanguage\":\"es\",\"url\":\"https:\/\/www.oidossucios.com\/site\/wp-content\/uploads\/2011\/10\/4271.jpg\",\"width\":350,\"height\":300},{\"@type\":\"WebPage\",\"@id\":\"https:\/\/www.oidossucios.com\/site\/los-telecaster-y-the-asbestos-tocaran-juntos-este-sabado\/#webpage\",\"url\":\"https:\/\/www.oidossucios.com\/site\/los-telecaster-y-the-asbestos-tocaran-juntos-este-sabado\/\",\"name\":\"Los Telecaster y The Asbestos tocar\\u00e1n juntos este s\\u00e1bado - OidosSucios.Com\",\"isPartOf\":{\"@id\":\"https:\/\/www.oidossucios.com\/site\/#website\"},\"primaryImageOfPage\":{\"@id\":\"https:\/\/www.oidossucios.com\/site\/los-telecaster-y-the-asbestos-tocaran-juntos-este-sabado\/#primaryimage\"},\"datePublished\":\"2011-10-05T06:27:00+00:00\",\"dateModified\":\"2011-10-05T06:27:00+00:00\",\"author\":{\"@id\":\"https:\/\/www.oidossucios.com\/site\/#\/schema\/person\/24559eeb76bf83a63296fb072393a688\"},\"description\":\"El pr\\u00f3ximo s\\u00e1bado 08 de Octubre The Asbestos y Los Telecaster, estar\\u00e1n compartiendo tarima juntos y por primera vez en el Moulin Rouge de Caracas en un show denominado \\\"Working class rockers\\\" a partir de las 10:00 PM.\",\"inLanguage\":\"es\",\"potentialAction\":[{\"@type\":\"ReadAction\",\"target\":[\"https:\/\/www.oidossucios.com\/site\/los-telecaster-y-the-asbestos-tocaran-juntos-este-sabado\/\"]}]},{\"@type\":[\"Person\"],\"@id\":\"https:\/\/www.oidossucios.com\/site\/#\/schema\/person\/24559eeb76bf83a63296fb072393a688\",\"name\":\"Oidossucios\",\"image\":{\"@type\":\"ImageObject\",\"@id\":\"https:\/\/www.oidossucios.com\/site\/#personlogo\",\"inLanguage\":\"es\",\"url\":\"https:\/\/secure.gravatar.com\/avatar\/74fcb480f42f1a33e50a0b6e6369a3f907be2e43dc84fa5f76c66e9c22b4a5ab?s=96&d=mm&r=g\",\"caption\":\"Oidossucios\"},\"sameAs\":[\"https:\/\/twitter.com\/oidossucios\"]}]}<\/script>\n<!-- \/ Yoast SEO plugin. -->","jetpack_sharing_enabled":true,"_links":{"self":[{"href":"https:\/\/www.oidossucios.com\/site\/wp-json\/wp\/v2\/posts\/4271","targetHints":{"allow":["GET"]}}],"collection":[{"href":"https:\/\/www.oidossucios.com\/site\/wp-json\/wp\/v2\/posts"}],"about":[{"href":"https:\/\/www.oidossucios.com\/site\/wp-json\/wp\/v2\/types\/post"}],"author":[{"embeddable":true,"href":"https:\/\/www.oidossucios.com\/site\/wp-json\/wp\/v2\/users\/4"}],"replies":[{"embeddable":true,"href":"https:\/\/www.oidossucios.com\/site\/wp-json\/wp\/v2\/comments?post=4271"}],"version-history":[{"count":0,"href":"https:\/\/www.oidossucios.com\/site\/wp-json\/wp\/v2\/posts\/4271\/revisions"}],"wp:featuredmedia":[{"embeddable":true,"href":"https:\/\/www.oidossucios.com\/site\/wp-json\/wp\/v2\/media\/100004271"}],"wp:attachment":[{"href":"https:\/\/www.oidossucios.com\/site\/wp-json\/wp\/v2\/media?parent=4271"}],"wp:term":[{"taxonomy":"category","embeddable":true,"href":"https:\/\/www.oidossucios.com\/site\/wp-json\/wp\/v2\/categories?post=4271"},{"taxonomy":"post_tag","embeddable":true,"href":"https:\/\/www.oidossucios.com\/site\/wp-json\/wp\/v2\/tags?post=4271"}],"curies":[{"name":"wp","href":"https:\/\/api.w.org\/{rel}","templated":true}]}}